{"id":2003,"date":"2014-09-12T11:55:00","date_gmt":"2014-09-12T09:55:00","guid":{"rendered":"http:\/\/wptestsite.tecnavia.com\/chiesedisicilia_clientsite\/news\/2014\/09\/12\/catania-mission-fest-la-famiglia-e-il-soggetto-evangelizzante\/"},"modified":"2018-11-09T11:00:53","modified_gmt":"2018-01-13T11:00:53","slug":"catania-mission-fest-la-famiglia-e-il-soggetto-evangelizzante","status":"publish","type":"post","link":"https:\/\/www.chiesedisicilia.org\/2014\/09\/12\/catania-mission-fest-la-famiglia-e-il-soggetto-evangelizzante\/","title":{"rendered":"CATANIA. MISSION FEST: &#8220;LA FAMIGLIA \u00c8 IL SOGGETTO EVANGELIZZANTE&#8221;"},"content":{"rendered":"<p class=\"MsoNoSpacing\"><span style=\"font-size: medium;\"><span style=\"font-family: 'Times New Roman';\"><span times=\"\" new=\"\">In concomitanza con il Sinodo straordinario sulla famiglia (Roma 5-19 ottobre 2014) dedicato a &#8220;Le sfide pastorali sulla famiglia nel contesto dell&#8217;evangelizzazione&#8221;, domenica 5 ottobre, la Diocesi offre &#8220;un\u2019occasione da vivere perch\u00e9 le nostre famiglie riscoprano Ges\u00f9 presente in loro per donarlo al mondo&#8221;.<\/span><\/span><\/span><span style=\"font-size:12.0pt;font-family:\" times=\"\" new=\"\"><o:p><\/o:p><\/span><\/p>\n<p class=\"MsoNoSpacing\"><span style=\"font-size: medium;\"><span style=\"font-family: 'Times New Roman';\"><span times=\"\" new=\"\">&#8220;Anche quest&#8217;anno noi missionari del Pime, assieme alla Pastorale Familiare siamo lieti di invitarvi alla nostra Festa Missionaria. \u00c8 bello ritrovarci in questa occasione per rinnovare il nostro spirito missionario &#8211; scrive\u00ad p. Salvatore Cardile &#8211; e pregare insieme perch\u00e9 il Vangelo possa raggiungere il cuore di ogni uomo. In occasione del Sinodo straordinario voluto dal nostro caro papa Francesco quest&#8217;anno il tema sar\u00e0 incentrato sulla famiglia: sono sicuramente tante le sfide legate alla famiglia e noi ne vogliamo sottolineare una, la pi\u00f9 importante, e co\u00e8 che la Famiglia \u00e8 Missione&#8221;.<br \/> Nel corso della giornata verr\u00e0 proposta la testimonianza di Simone e Irene Ventola, sposi da 13 anni e genitori di 4 bambini: quattro anni fa hanno avuto il coraggio di lasciare tutto e di partire con i loro bambini alla volta della Thailandia. Alla Mission Fest anche p. Salvatore Bucolo, responsabile dell&#8217;Ufficio per la Pastorale familiare della Diocesi di Catania: a lui il compito di lanciare il tema della Mission Fest, che \u00e8 &#8220;La famiglia \u00e8 il soggetto evangelizzante&#8221; e di trarre le conclusioni sul lavoro svolto.<br \/> A mezzogiorno \u00e8 prevista la celebrazione dell&#8217;Eucaristia, presieduta da p. Davide Sciocco, vicario generale del Pime.<br \/> Saranno presenti anche p. Deodato Mammana, missionario in Messico, p. Sebastiano D&#8217;Ambra, missionario nelle Filippine, e p. Giovanni Tulino, missionario del Pime partente per la Cambogia.<br \/> nel pomeriggio un momento di allegria e di giochi per tutti.<br \/> Alle ore 15, i lavori di gruppo e , un&#8217;ora dopo, la condivisione delle riflessioni.<br \/> Alla Mission Fest sono invitate tutte le associazioni legate alle famiglie: ogni associazione potr\u00e0 gestire un gazebo. [01]<\/span><\/span><\/span><span style=\"font-size:12.0pt;font-family:\" times=\"\" new=\"\"><o:p><\/o:p><\/span><\/p>\n","protected":false},"excerpt":{"rendered":"","protected":false},"author":1,"featured_media":0,"comment_status":"open","ping_status":"open","sticky":false,"template":"","format":"standard","meta":[],"categories":[30],"tags":[],"news-destination":[],"news-source":[],"is_homepage":[],"ta_other":[],"_links":{"self":[{"href":"https:\/\/www.chiesedisicilia.org\/chiesedisicilia\/news\/wp-json\/wp\/v2\/posts\/2003"}],"collection":[{"href":"https:\/\/www.chiesedisicilia.org\/chiesedisicilia\/news\/wp-json\/wp\/v2\/posts"}],"about":[{"href":"https:\/\/www.chiesedisicilia.org\/chiesedisicilia\/news\/wp-json\/wp\/v2\/types\/post"}],"author":[{"embeddable":true,"href":"https:\/\/www.chiesedisicilia.org\/chiesedisicilia\/news\/wp-json\/wp\/v2\/users\/1"}],"replies":[{"embeddable":true,"href":"https:\/\/www.chiesedisicilia.org\/chiesedisicilia\/news\/wp-json\/wp\/v2\/comments?post=2003"}],"version-history":[{"count":1,"href":"https:\/\/www.chiesedisicilia.org\/chiesedisicilia\/news\/wp-json\/wp\/v2\/posts\/2003\/revisions"}],"predecessor-version":[{"id":20491,"href":"https:\/\/www.chiesedisicilia.org\/chiesedisicilia\/news\/wp-json\/wp\/v2\/posts\/2003\/revisions\/20491"}],"wp:attachment":[{"href":"https:\/\/www.chiesedisicilia.org\/chiesedisicilia\/news\/wp-json\/wp\/v2\/media?parent=2003"}],"wp:term":[{"taxonomy":"category","embeddable":true,"href":"https:\/\/www.chiesedisicilia.org\/chiesedisicilia\/news\/wp-json\/wp\/v2\/categories?post=2003"},{"taxonomy":"post_tag","embeddable":true,"href":"https:\/\/www.chiesedisicilia.org\/chiesedisicilia\/news\/wp-json\/wp\/v2\/tags?post=2003"},{"taxonomy":"news-destination","embeddable":true,"href":"https:\/\/www.chiesedisicilia.org\/chiesedisicilia\/news\/wp-json\/wp\/v2\/news-destination?post=2003"},{"taxonomy":"news-source","embeddable":true,"href":"https:\/\/www.chiesedisicilia.org\/chiesedisicilia\/news\/wp-json\/wp\/v2\/news-source?post=2003"},{"taxonomy":"is_homepage","embeddable":true,"href":"https:\/\/www.chiesedisicilia.org\/chiesedisicilia\/news\/wp-json\/wp\/v2\/is_homepage?post=2003"},{"taxonomy":"ta_other","embeddable":true,"href":"https:\/\/www.chiesedisicilia.org\/chiesedisicilia\/news\/wp-json\/wp\/v2\/ta_other?post=2003"}],"curies":[{"name":"wp","href":"https:\/\/api.w.org\/{rel}","templated":true}]}}