{"id":1975,"date":"2014-02-13T17:03:00","date_gmt":"2014-02-13T16:03:00","guid":{"rendered":"http:\/\/wptestsite.tecnavia.com\/chiesedisicilia_clientsite\/news\/2014\/02\/13\/catania-corso-per-operatori-della-caritas\/"},"modified":"2018-11-09T11:00:52","modified_gmt":"2018-01-13T11:00:52","slug":"catania-corso-per-operatori-della-caritas","status":"publish","type":"post","link":"https:\/\/www.chiesedisicilia.org\/2014\/02\/13\/catania-corso-per-operatori-della-caritas\/","title":{"rendered":"CATANIA. CORSO PER OPERATORI DELLA CARITAS"},"content":{"rendered":"<p class=\"MsoNormal\"><span style=\"font-size: medium;\"><span style=\"font-family: 'Times New Roman';\"><span style=\"line-height: 115%;\">Si intitola \u201cChe cos\u2019\u00e8 la Caritas\u201d e fa parte di un ricco palinsesto di appuntamenti pensati per chi vuole impegnarsi in favore degli fratelli pi\u00f9 bisognosi.<\/span><\/span><\/span><\/p>\n<p class=\"MsoNormal\"><span style=\"font-size: medium;\"><span style=\"font-family: 'Times New Roman';\"><span style=\"line-height: 115%;\"><b>Luned\u00ec 17 febbraio<\/b> , alle ore 17, sar\u00e0 possibile seguire gli interventi di don Piero Galvano, direttore della Caritas diocesana di Catania che guider\u00e0 la riflessione sulla Parola di Dio \u201cLa casa sulla roccia\u201d, Mt 7,21-29, e di padre Giuseppe Mirone, collaboratore della Caritas diocesana sul \u201cRuolo e finalit\u00e0 della Caritas\u201d.<\/span><\/span><\/span><span style=\"font-size: 12pt; line-height: 115%; font-family: 'Times New Roman', serif;\"><o:p><\/o:p><\/span><\/p>\n<p class=\"MsoNormal\"><span style=\"font-size: medium;\"><span style=\"font-family: 'Times New Roman';\"><span style=\"line-height: 115%;\">La formazione continuer\u00e0 <b>venerd\u00ec 21 febbraio<\/b>, ancora una volta alle ore 17, con \u201cAscolto in Caritas\u201d. Gli interventi saranno di don Piero Galvano che guider\u00e0 la riflessione sulla Parola di Dio \u201cIl buon samaritano\u201d, Lc 10,25-37, e di Rita Martinez, mediatore familiare, su \u201cAccoglienza e ascolto, empatia e relazione di aiuto\u201d.<\/span><\/span><\/span><span style=\"font-size: 12pt; line-height: 115%; font-family: 'Times New Roman', serif;\"><o:p><\/o:p><\/span><\/p>\n<p class=\"MsoNormal\" style=\"outline: 0px;\"><span style=\"font-size: medium;\"><span style=\"font-family: 'Times New Roman';\"><span style=\"line-height: 115%;\">Un ultimo appuntamento \u00e8 previsto <b>luned\u00ec 24 febbraio<\/b>, alle ore 17, con \u201cLe opere segno della Caritas\u201d. Dopo l\u2019intervento del direttore della Caritas diocesana, gli operatori gi\u00e0 impegnati sul territorio presenteranno appunto le \u201copere segno\u201d diocesane: Help Center, Talit\u00e0 Kum, Locanda del Samaritano.<\/span><\/span><\/span><span style=\"font-size: 12pt; line-height: 115%; font-family: 'Times New Roman', serif;\"><o:p><\/o:p><\/span><\/p>\n<p class=\"MsoNormal\"><span style=\"font-size: medium;\"><span style=\"font-family: 'Times New Roman';\"><span style=\"line-height: 115%;\">La sede del corso, nonch\u00e9 segreteria organizzativa, si trova a Catania, in via Acquicella, ed \u00e8 aperta dal luned\u00ec al venerd\u00ec, dalle ore 08.30 alle 13. [01]<\/span><\/span><\/span><span style=\"font-size: 12pt; line-height: 115%; font-family: 'Times New Roman', serif;\"><o:p><\/o:p><\/span><\/p>\n","protected":false},"excerpt":{"rendered":"","protected":false},"author":1,"featured_media":0,"comment_status":"open","ping_status":"open","sticky":false,"template":"","format":"standard","meta":[],"categories":[30],"tags":[],"news-destination":[],"news-source":[],"is_homepage":[],"ta_other":[],"_links":{"self":[{"href":"https:\/\/www.chiesedisicilia.org\/chiesedisicilia\/news\/wp-json\/wp\/v2\/posts\/1975"}],"collection":[{"href":"https:\/\/www.chiesedisicilia.org\/chiesedisicilia\/news\/wp-json\/wp\/v2\/posts"}],"about":[{"href":"https:\/\/www.chiesedisicilia.org\/chiesedisicilia\/news\/wp-json\/wp\/v2\/types\/post"}],"author":[{"embeddable":true,"href":"https:\/\/www.chiesedisicilia.org\/chiesedisicilia\/news\/wp-json\/wp\/v2\/users\/1"}],"replies":[{"embeddable":true,"href":"https:\/\/www.chiesedisicilia.org\/chiesedisicilia\/news\/wp-json\/wp\/v2\/comments?post=1975"}],"version-history":[{"count":1,"href":"https:\/\/www.chiesedisicilia.org\/chiesedisicilia\/news\/wp-json\/wp\/v2\/posts\/1975\/revisions"}],"predecessor-version":[{"id":20466,"href":"https:\/\/www.chiesedisicilia.org\/chiesedisicilia\/news\/wp-json\/wp\/v2\/posts\/1975\/revisions\/20466"}],"wp:attachment":[{"href":"https:\/\/www.chiesedisicilia.org\/chiesedisicilia\/news\/wp-json\/wp\/v2\/media?parent=1975"}],"wp:term":[{"taxonomy":"category","embeddable":true,"href":"https:\/\/www.chiesedisicilia.org\/chiesedisicilia\/news\/wp-json\/wp\/v2\/categories?post=1975"},{"taxonomy":"post_tag","embeddable":true,"href":"https:\/\/www.chiesedisicilia.org\/chiesedisicilia\/news\/wp-json\/wp\/v2\/tags?post=1975"},{"taxonomy":"news-destination","embeddable":true,"href":"https:\/\/www.chiesedisicilia.org\/chiesedisicilia\/news\/wp-json\/wp\/v2\/news-destination?post=1975"},{"taxonomy":"news-source","embeddable":true,"href":"https:\/\/www.chiesedisicilia.org\/chiesedisicilia\/news\/wp-json\/wp\/v2\/news-source?post=1975"},{"taxonomy":"is_homepage","embeddable":true,"href":"https:\/\/www.chiesedisicilia.org\/chiesedisicilia\/news\/wp-json\/wp\/v2\/is_homepage?post=1975"},{"taxonomy":"ta_other","embeddable":true,"href":"https:\/\/www.chiesedisicilia.org\/chiesedisicilia\/news\/wp-json\/wp\/v2\/ta_other?post=1975"}],"curies":[{"name":"wp","href":"https:\/\/api.w.org\/{rel}","templated":true}]}}