{"id":1964,"date":"2013-09-05T15:54:00","date_gmt":"2013-09-05T13:54:00","guid":{"rendered":"http:\/\/wptestsite.tecnavia.com\/chiesedisicilia_clientsite\/news\/2013\/09\/05\/catania-catechesi-i-luoghi-del-noi-per-la-trasmissione-della-fede\/"},"modified":"2018-11-09T11:00:52","modified_gmt":"2018-01-13T11:00:52","slug":"catania-catechesi-i-luoghi-del-noi-per-la-trasmissione-della-fede","status":"publish","type":"post","link":"https:\/\/www.chiesedisicilia.org\/2013\/09\/05\/catania-catechesi-i-luoghi-del-noi-per-la-trasmissione-della-fede\/","title":{"rendered":"CATANIA. CATECHESI: \u201cI LUOGHI DEL NOI PER LA TRASMISSIONE DELLA FEDE\u201d"},"content":{"rendered":"<p class=\"MsoNormal\"><span style=\"font-size: medium;\"><span style=\"font-family: 'Times New Roman';\">\u201cI luoghi del \u201cNoi \u201d per la trasmissione della fede\u201d \u00e8 il tema scelto per il Convegno catechistico in programma al Seminario arcivescovile di Catania da mercoled\u00ec 11 a venerd\u00ec 13 settembre. L\u2019Ufficio catechistico diocesano ha voluto che relatore principale dell\u2019evento sia mons. Valentino Bulgarelli, docente stabile alla Facolt\u00e0 teologica dell&#8217;Emilia-Romagna, membro della Consulta della Conferenza Episcopale Italiana per l&#8217;Ufficio Catechistico Nazionale e collaboratore del Pontificio Consiglio per la promozione della Nuova Evangelizzazione, e ancora direttore dell&#8217;Ufficio catechistico regionale dell&#8217;Emilia Romagna e dell&#8217;Ufficio Catechistico dell&#8217;Arcidiocesi di Bologna. Il presule offrir\u00e0 ai partecipanti le relazione sui temi: \u201cDal deserto al giardino&#8230;\u201d e \u201cDalla casa alla citt\u00e0 attraverso la strada &#8230;\u201d.<\/span><\/span><o:p><\/o:p><\/p>\n<p class=\"MsoNormal\"><span style=\"font-size: medium;\"><span style=\"font-family: 'Times New Roman';\">Durante il convegno verr\u00e0 data comunicazione di alcune esperienze di itinerari catechistici: di Fede pre e post battesimale; di Fede in preparazione al matrimonio; di Pastorale scolastica; Catechesi ai disabili: condivisione nella crescita tra famiglia e comunit\u00e0. [01]<\/span><\/span><o:p><\/o:p><\/p>\n","protected":false},"excerpt":{"rendered":"","protected":false},"author":1,"featured_media":0,"comment_status":"open","ping_status":"open","sticky":false,"template":"","format":"standard","meta":[],"categories":[30],"tags":[],"news-destination":[],"news-source":[],"is_homepage":[],"ta_other":[],"_links":{"self":[{"href":"https:\/\/www.chiesedisicilia.org\/chiesedisicilia\/news\/wp-json\/wp\/v2\/posts\/1964"}],"collection":[{"href":"https:\/\/www.chiesedisicilia.org\/chiesedisicilia\/news\/wp-json\/wp\/v2\/posts"}],"about":[{"href":"https:\/\/www.chiesedisicilia.org\/chiesedisicilia\/news\/wp-json\/wp\/v2\/types\/post"}],"author":[{"embeddable":true,"href":"https:\/\/www.chiesedisicilia.org\/chiesedisicilia\/news\/wp-json\/wp\/v2\/users\/1"}],"replies":[{"embeddable":true,"href":"https:\/\/www.chiesedisicilia.org\/chiesedisicilia\/news\/wp-json\/wp\/v2\/comments?post=1964"}],"version-history":[{"count":1,"href":"https:\/\/www.chiesedisicilia.org\/chiesedisicilia\/news\/wp-json\/wp\/v2\/posts\/1964\/revisions"}],"predecessor-version":[{"id":20455,"href":"https:\/\/www.chiesedisicilia.org\/chiesedisicilia\/news\/wp-json\/wp\/v2\/posts\/1964\/revisions\/20455"}],"wp:attachment":[{"href":"https:\/\/www.chiesedisicilia.org\/chiesedisicilia\/news\/wp-json\/wp\/v2\/media?parent=1964"}],"wp:term":[{"taxonomy":"category","embeddable":true,"href":"https:\/\/www.chiesedisicilia.org\/chiesedisicilia\/news\/wp-json\/wp\/v2\/categories?post=1964"},{"taxonomy":"post_tag","embeddable":true,"href":"https:\/\/www.chiesedisicilia.org\/chiesedisicilia\/news\/wp-json\/wp\/v2\/tags?post=1964"},{"taxonomy":"news-destination","embeddable":true,"href":"https:\/\/www.chiesedisicilia.org\/chiesedisicilia\/news\/wp-json\/wp\/v2\/news-destination?post=1964"},{"taxonomy":"news-source","embeddable":true,"href":"https:\/\/www.chiesedisicilia.org\/chiesedisicilia\/news\/wp-json\/wp\/v2\/news-source?post=1964"},{"taxonomy":"is_homepage","embeddable":true,"href":"https:\/\/www.chiesedisicilia.org\/chiesedisicilia\/news\/wp-json\/wp\/v2\/is_homepage?post=1964"},{"taxonomy":"ta_other","embeddable":true,"href":"https:\/\/www.chiesedisicilia.org\/chiesedisicilia\/news\/wp-json\/wp\/v2\/ta_other?post=1964"}],"curies":[{"name":"wp","href":"https:\/\/api.w.org\/{rel}","templated":true}]}}