{"id":19409,"date":"2025-04-01T13:46:19","date_gmt":"2025-04-01T11:46:19","guid":{"rendered":"http:\/\/euwps06.newsmemory.com\/chiesedisicilia\/news\/2025\/04\/01\/a-don-daniele-raciti-il-premio-internazionale-livatino-saetta-costa-per-la-legalita-e-limpegno-sociale\/"},"modified":"2025-04-01T13:46:20","modified_gmt":"2024-06-05T13:46:20","slug":"a-don-daniele-raciti-il-premio-internazionale-livatino-saetta-costa-per-la-legalita-e-limpegno-sociale","status":"publish","type":"post","link":"https:\/\/www.chiesedisicilia.org\/2025\/04\/01\/a-don-daniele-raciti-il-premio-internazionale-livatino-saetta-costa-per-la-legalita-e-limpegno-sociale\/","title":{"rendered":"A DON DANIELE RACITI IL PREMIO INTERNAZIONALE LIVATINO-SAETTA-COSTA PER LA LEGALIT\u00c0 E L\u2019IMPEGNO SOCIALE"},"content":{"rendered":"<p>Don Daniele Raciti,\u00a0parroco delle chiese \u201cMaria SS. del Carmelo\u201d e \u201cSan Giuseppe\u201d in Riposto, ha ricevuto la scorsa settimana, a Teramo, il prestigioso Premio Internazionale Livatino-Saetta-Costa per la legalit\u00e0 e l\u2019impegno sociale.\u00a0La cerimonia di premiazione si \u00e8 svolta alla presenza di autorit\u00e0 e personalit\u00e0 di spicco,\u00a0tra i quali prefetti, questori, magistrati, rappresentanti delle forze dell\u2019ordine, familiari di vittime della mafia, medici e giornalisti.\u00a0Il premio \u00e8 stato consegnato da Mons. Lorenzo Leuzzi,\u00a0vescovo della Diocesi di Teramo-Atri, e dal Prof. Pippo Di Vita, Presidente onorario del Comitato Spontaneo Antimafia.<\/p>\n<p>Don Daniele Raciti\u00a0\u00e8 stato insignito del riconoscimento per il suo instancabile impegno ecclesiale e pastorale nella lotta contro la mafia, dimostrando come i valori di legalit\u00e0 e solidariet\u00e0 siano il riflesso concreto del messaggio cristiano di speranza e carit\u00e0.\u00a0Nel suo discorso,\u00a0il sacerdote\u00a0ha sottolineato l\u2019importanza della lotta quotidiana contro il male non solo nelle sue manifestazioni esterne, ma anche interiori, citando l\u2019esempio di Ges\u00f9 Cristo nel deserto e nell\u2019orto degli ulivi.\u00a0\u201cOgni giorno lottiamo non solo contro ogni forma di male che incontriamo fuori ma anche contro il male che ci attanaglia dentro, fatto di paure, debolezze, preoccupazioni, tentazioni. Un male che Ges\u00f9 Cristo ha combattuto trasmettendoci valori autentici come la solidariet\u00e0, il dovere, la dignit\u00e0, l\u2019ascolto e la verit\u00e0\u201d\u00a0\u2013\u00a0ha dichiarato don Daniele nel suo intervento.<\/p>\n<p>L\u2019intera comunit\u00e0 di Riposto si unisce nel celebrare questo importante riconoscimento, che premia l\u2019operato di un sacerdote dedito non solo alla vita di fede, ma anche all\u2019impegno sociale e civile.<\/p>\n","protected":false},"excerpt":{"rendered":"","protected":false},"author":4,"featured_media":19408,"comment_status":"closed","ping_status":"closed","sticky":false,"template":"","format":"standard","meta":[],"categories":[30],"tags":[],"news-destination":[],"news-source":[],"is_homepage":[],"ta_other":[],"_links":{"self":[{"href":"https:\/\/www.chiesedisicilia.org\/chiesedisicilia\/news\/wp-json\/wp\/v2\/posts\/19409"}],"collection":[{"href":"https:\/\/www.chiesedisicilia.org\/chiesedisicilia\/news\/wp-json\/wp\/v2\/posts"}],"about":[{"href":"https:\/\/www.chiesedisicilia.org\/chiesedisicilia\/news\/wp-json\/wp\/v2\/types\/post"}],"author":[{"embeddable":true,"href":"https:\/\/www.chiesedisicilia.org\/chiesedisicilia\/news\/wp-json\/wp\/v2\/users\/4"}],"replies":[{"embeddable":true,"href":"https:\/\/www.chiesedisicilia.org\/chiesedisicilia\/news\/wp-json\/wp\/v2\/comments?post=19409"}],"version-history":[{"count":1,"href":"https:\/\/www.chiesedisicilia.org\/chiesedisicilia\/news\/wp-json\/wp\/v2\/posts\/19409\/revisions"}],"predecessor-version":[{"id":24052,"href":"https:\/\/www.chiesedisicilia.org\/chiesedisicilia\/news\/wp-json\/wp\/v2\/posts\/19409\/revisions\/24052"}],"wp:featuredmedia":[{"embeddable":true,"href":"https:\/\/www.chiesedisicilia.org\/chiesedisicilia\/news\/wp-json\/wp\/v2\/media\/19408"}],"wp:attachment":[{"href":"https:\/\/www.chiesedisicilia.org\/chiesedisicilia\/news\/wp-json\/wp\/v2\/media?parent=19409"}],"wp:term":[{"taxonomy":"category","embeddable":true,"href":"https:\/\/www.chiesedisicilia.org\/chiesedisicilia\/news\/wp-json\/wp\/v2\/categories?post=19409"},{"taxonomy":"post_tag","embeddable":true,"href":"https:\/\/www.chiesedisicilia.org\/chiesedisicilia\/news\/wp-json\/wp\/v2\/tags?post=19409"},{"taxonomy":"news-destination","embeddable":true,"href":"https:\/\/www.chiesedisicilia.org\/chiesedisicilia\/news\/wp-json\/wp\/v2\/news-destination?post=19409"},{"taxonomy":"news-source","embeddable":true,"href":"https:\/\/www.chiesedisicilia.org\/chiesedisicilia\/news\/wp-json\/wp\/v2\/news-source?post=19409"},{"taxonomy":"is_homepage","embeddable":true,"href":"https:\/\/www.chiesedisicilia.org\/chiesedisicilia\/news\/wp-json\/wp\/v2\/is_homepage?post=19409"},{"taxonomy":"ta_other","embeddable":true,"href":"https:\/\/www.chiesedisicilia.org\/chiesedisicilia\/news\/wp-json\/wp\/v2\/ta_other?post=19409"}],"curies":[{"name":"wp","href":"https:\/\/api.w.org\/{rel}","templated":true}]}}