{"id":1934,"date":"2011-10-19T18:31:00","date_gmt":"2011-10-19T16:31:00","guid":{"rendered":"http:\/\/wptestsite.tecnavia.com\/chiesedisicilia_clientsite\/news\/2011\/10\/19\/catania-inaugurazione-nuova-sede-della-caritas-diocesana\/"},"modified":"2018-11-09T11:00:51","modified_gmt":"2018-01-13T11:00:51","slug":"catania-inaugurazione-nuova-sede-della-caritas-diocesana","status":"publish","type":"post","link":"https:\/\/www.chiesedisicilia.org\/2011\/10\/19\/catania-inaugurazione-nuova-sede-della-caritas-diocesana\/","title":{"rendered":"CATANIA. INAUGURAZIONE NUOVA SEDE DELLA CARITAS DIOCESANA"},"content":{"rendered":"<div>\n<div>\u00a0<\/div>\n<div style=\"text-align: justify\">Oggi, sabato 15 ottobre, alle 16, verr\u00e0 inaugurata una nuova sede per la Caritas diocesana di Catania. La chiesa Santi Giorgio e Dionigi, in Via Acquicella 104 a Catania, dopo i recenti lavori di restauro, ospiter\u00e0 il Centro di Ascolto, gli uffici amministrativi della Caritas diocesana e il ricevimento per le richieste di Microcredito. La nuova struttura \u00e8 dotata anche di uno spazioso auditorium che servir\u00e0 per l\u2019organizzazione di convegni e seminari. Questo nuovo presidio della Caritas sorge con l\u2019intento di rappresentare un ulteriore segno di radicamento della Caritas nel territorio della citt\u00e0. Alle 16.30, mons. Salvatore Gristina, benedir\u00e0 i locali alla presenza anche del direttore di Caritas Italiana, mons. Vittorio Nozza. Alle 17 \u00e8 in programma il Convegno Caritas \u201cAccoglienza e Ascolto delle Paure e delle Speranze della Gente\u201d. Relatori saranno p. Valerio Di Trapani, direttore della Caritas diocesana di Catania, mons. Vittorio Nozza, direttore di Caritas Italiana. A seguire l\u2019illustrazione dei lavori di restauro da parte dell\u2019impresa costruttrice e del direttore dei lavori. [01]<\/div>\n<div>\u00a0<\/div>\n<\/div>\n","protected":false},"excerpt":{"rendered":"","protected":false},"author":1,"featured_media":0,"comment_status":"open","ping_status":"open","sticky":false,"template":"","format":"standard","meta":[],"categories":[30],"tags":[],"news-destination":[],"news-source":[],"is_homepage":[],"ta_other":[],"_links":{"self":[{"href":"https:\/\/www.chiesedisicilia.org\/chiesedisicilia\/news\/wp-json\/wp\/v2\/posts\/1934"}],"collection":[{"href":"https:\/\/www.chiesedisicilia.org\/chiesedisicilia\/news\/wp-json\/wp\/v2\/posts"}],"about":[{"href":"https:\/\/www.chiesedisicilia.org\/chiesedisicilia\/news\/wp-json\/wp\/v2\/types\/post"}],"author":[{"embeddable":true,"href":"https:\/\/www.chiesedisicilia.org\/chiesedisicilia\/news\/wp-json\/wp\/v2\/users\/1"}],"replies":[{"embeddable":true,"href":"https:\/\/www.chiesedisicilia.org\/chiesedisicilia\/news\/wp-json\/wp\/v2\/comments?post=1934"}],"version-history":[{"count":1,"href":"https:\/\/www.chiesedisicilia.org\/chiesedisicilia\/news\/wp-json\/wp\/v2\/posts\/1934\/revisions"}],"predecessor-version":[{"id":20423,"href":"https:\/\/www.chiesedisicilia.org\/chiesedisicilia\/news\/wp-json\/wp\/v2\/posts\/1934\/revisions\/20423"}],"wp:attachment":[{"href":"https:\/\/www.chiesedisicilia.org\/chiesedisicilia\/news\/wp-json\/wp\/v2\/media?parent=1934"}],"wp:term":[{"taxonomy":"category","embeddable":true,"href":"https:\/\/www.chiesedisicilia.org\/chiesedisicilia\/news\/wp-json\/wp\/v2\/categories?post=1934"},{"taxonomy":"post_tag","embeddable":true,"href":"https:\/\/www.chiesedisicilia.org\/chiesedisicilia\/news\/wp-json\/wp\/v2\/tags?post=1934"},{"taxonomy":"news-destination","embeddable":true,"href":"https:\/\/www.chiesedisicilia.org\/chiesedisicilia\/news\/wp-json\/wp\/v2\/news-destination?post=1934"},{"taxonomy":"news-source","embeddable":true,"href":"https:\/\/www.chiesedisicilia.org\/chiesedisicilia\/news\/wp-json\/wp\/v2\/news-source?post=1934"},{"taxonomy":"is_homepage","embeddable":true,"href":"https:\/\/www.chiesedisicilia.org\/chiesedisicilia\/news\/wp-json\/wp\/v2\/is_homepage?post=1934"},{"taxonomy":"ta_other","embeddable":true,"href":"https:\/\/www.chiesedisicilia.org\/chiesedisicilia\/news\/wp-json\/wp\/v2\/ta_other?post=1934"}],"curies":[{"name":"wp","href":"https:\/\/api.w.org\/{rel}","templated":true}]}}