{"id":1931,"date":"2011-04-28T12:10:00","date_gmt":"2011-04-28T10:10:00","guid":{"rendered":"http:\/\/wptestsite.tecnavia.com\/chiesedisicilia_clientsite\/news\/2011\/04\/28\/catania-giovani-e-lavoro-preparazione-della-grande-veglia-del-10-maggio\/"},"modified":"2018-11-09T11:00:51","modified_gmt":"2018-01-13T11:00:51","slug":"catania-giovani-e-lavoro-preparazione-della-grande-veglia-del-10-maggio","status":"publish","type":"post","link":"https:\/\/www.chiesedisicilia.org\/2011\/04\/28\/catania-giovani-e-lavoro-preparazione-della-grande-veglia-del-10-maggio\/","title":{"rendered":"CATANIA. &#8220;GIOVANI E LAVORO&#8221;: PREPARAZIONE DELLA GRANDE VEGLIA DEL 10 MAGGIO"},"content":{"rendered":"<div>Le Acli e il Mcl, insieme con la Cisl, in occasione della beatificazione di Papa Giovanni Paolo II e &#8220;considerata la crisi ed i cambiamenti in atto nel mondo del lavoro&#8221;, promuovono la realizzazione in tutto il territorio nazionale di una veglia di preghiera &#8220;Giovani e lavoro &#8221; per giorno 10 maggio. Hanno gi\u00e0 aderito a livello nazionale le seguenti associazioni e movimenti: Azione Cattolica Italiana, Agesci, Ctg, Cif, Centro Sportivo Italiano, Focsiv, Fondazione Toniolo, Fuci, Icra, Mlac, Cammino Neocatecumenale, Rinnovamento nello Spirito Santo, Comunit\u00e0 di sant\u2019Egidio, Movimento dei Focolari, Uneba, Confcooperative, Confartigianato, Compagnia delle Opere, Coldiretti, Forma. Anche a Catania \u00e8 stata programmata una veglia di preghiera insieme alla Diocesi, per le difficolt\u00e0 e la precariet\u00e0 del mercato del lavoro che riscontriamo ogni giorno, a cui negli ultimi giorni si aggiungono l&#8217;aumento e i problemi che riguardano molte persone immigrate in cerca di una speranza nel nostro territorio. Per condividere questo importante momento di preghiera, si svolger\u00e0 un incontro preparatorio oggi, gioved\u00ec 28 aprile, alle 17 nella Sala Bonaventura, in via A. di Sangiuliano 313 a Catania, cos\u00ec da predisporre un primo programma di massima da presentare all&#8217;Arcivescovo di Catania, mons. Gristina. \u201cCon le nostre organizzazioni ci impegniamo a diffondere i contenuti della Dottrina Sociale della Chiesa nel mondo del lavoro e sentiamo ora un impegno in pi\u00f9 \u2013 dicono gli organizzatori &#8211; affinch\u00e9 non prevalgano lo sconforto e la rassegnazione e ci si fermi alla contestazione senza contenuti e proposte praticabili di cambiamento. E\u2019 tempo della responsabilit\u00e0 per le famiglie e per le organizzazioni \u2013 aggiungono &#8211; che possono accompagnare i giovani anche in questo difficile frangente ad assumere atteggiamento positivo nei confronti del futuro\u201d. [01]<\/div>\n","protected":false},"excerpt":{"rendered":"","protected":false},"author":1,"featured_media":0,"comment_status":"open","ping_status":"open","sticky":false,"template":"","format":"standard","meta":[],"categories":[30],"tags":[],"news-destination":[],"news-source":[],"is_homepage":[],"ta_other":[],"_links":{"self":[{"href":"https:\/\/www.chiesedisicilia.org\/chiesedisicilia\/news\/wp-json\/wp\/v2\/posts\/1931"}],"collection":[{"href":"https:\/\/www.chiesedisicilia.org\/chiesedisicilia\/news\/wp-json\/wp\/v2\/posts"}],"about":[{"href":"https:\/\/www.chiesedisicilia.org\/chiesedisicilia\/news\/wp-json\/wp\/v2\/types\/post"}],"author":[{"embeddable":true,"href":"https:\/\/www.chiesedisicilia.org\/chiesedisicilia\/news\/wp-json\/wp\/v2\/users\/1"}],"replies":[{"embeddable":true,"href":"https:\/\/www.chiesedisicilia.org\/chiesedisicilia\/news\/wp-json\/wp\/v2\/comments?post=1931"}],"version-history":[{"count":1,"href":"https:\/\/www.chiesedisicilia.org\/chiesedisicilia\/news\/wp-json\/wp\/v2\/posts\/1931\/revisions"}],"predecessor-version":[{"id":20422,"href":"https:\/\/www.chiesedisicilia.org\/chiesedisicilia\/news\/wp-json\/wp\/v2\/posts\/1931\/revisions\/20422"}],"wp:attachment":[{"href":"https:\/\/www.chiesedisicilia.org\/chiesedisicilia\/news\/wp-json\/wp\/v2\/media?parent=1931"}],"wp:term":[{"taxonomy":"category","embeddable":true,"href":"https:\/\/www.chiesedisicilia.org\/chiesedisicilia\/news\/wp-json\/wp\/v2\/categories?post=1931"},{"taxonomy":"post_tag","embeddable":true,"href":"https:\/\/www.chiesedisicilia.org\/chiesedisicilia\/news\/wp-json\/wp\/v2\/tags?post=1931"},{"taxonomy":"news-destination","embeddable":true,"href":"https:\/\/www.chiesedisicilia.org\/chiesedisicilia\/news\/wp-json\/wp\/v2\/news-destination?post=1931"},{"taxonomy":"news-source","embeddable":true,"href":"https:\/\/www.chiesedisicilia.org\/chiesedisicilia\/news\/wp-json\/wp\/v2\/news-source?post=1931"},{"taxonomy":"is_homepage","embeddable":true,"href":"https:\/\/www.chiesedisicilia.org\/chiesedisicilia\/news\/wp-json\/wp\/v2\/is_homepage?post=1931"},{"taxonomy":"ta_other","embeddable":true,"href":"https:\/\/www.chiesedisicilia.org\/chiesedisicilia\/news\/wp-json\/wp\/v2\/ta_other?post=1931"}],"curies":[{"name":"wp","href":"https:\/\/api.w.org\/{rel}","templated":true}]}}