{"id":1924,"date":"2011-01-21T12:25:00","date_gmt":"2011-01-21T11:25:00","guid":{"rendered":"http:\/\/wptestsite.tecnavia.com\/chiesedisicilia_clientsite\/news\/2011\/01\/21\/catania-caritas-formazione-per-i-centri-di-ascolto-parrocchiali\/"},"modified":"2018-11-09T11:00:51","modified_gmt":"2018-01-13T11:00:51","slug":"catania-caritas-formazione-per-i-centri-di-ascolto-parrocchiali","status":"publish","type":"post","link":"https:\/\/www.chiesedisicilia.org\/2011\/01\/21\/catania-caritas-formazione-per-i-centri-di-ascolto-parrocchiali\/","title":{"rendered":"CATANIA. CARITAS: FORMAZIONE PER I CENTRI DI ASCOLTO PARROCCHIALI"},"content":{"rendered":"<div>Lo Studio Teologico San Paolo, in via Odorico da Pordenone, a Catania, sar\u00e0 sede del Corso di formazione per volontari ed operatori dei Centri di Ascolto parrocchiali promosso dalla Caritas diocesana di Catania. L\u2019iniziativa nasce come \u201copportunit\u00e0 per confrontarsi con altre esperienze e per migliorare la propria capacit\u00e0 di accompagnare le persone in difficolt\u00e0 \u2013 come si legge nel depliant informativo del Corso -, occasione per ripetersi che siamo responsabili della vita di ogni uomo e donna che incrociamo e che la verit\u00e0 della fede si gioca sulla qualit\u00e0 delle relazioni che tessiamo\u201d. Oggi, luned\u00ec 17 gennaio, dalle 17.30 alle 19.30 si rifletter\u00e0 su \u201cPerch\u00e9 il Centro di Ascolto: motivazioni individuali e comunitarie\u201d. La relazione sar\u00e0 di padre Valerio Di Trapani, direttore della Caritas diocesana di Catania. I prossimi appuntamenti sono fissati per il 21, 24 e 28 del mese in corso. [01]<\/p>\n<div>\u00a0<\/div>\n<\/div>\n","protected":false},"excerpt":{"rendered":"","protected":false},"author":1,"featured_media":0,"comment_status":"open","ping_status":"open","sticky":false,"template":"","format":"standard","meta":[],"categories":[30],"tags":[],"news-destination":[],"news-source":[],"is_homepage":[],"ta_other":[],"_links":{"self":[{"href":"https:\/\/www.chiesedisicilia.org\/chiesedisicilia\/news\/wp-json\/wp\/v2\/posts\/1924"}],"collection":[{"href":"https:\/\/www.chiesedisicilia.org\/chiesedisicilia\/news\/wp-json\/wp\/v2\/posts"}],"about":[{"href":"https:\/\/www.chiesedisicilia.org\/chiesedisicilia\/news\/wp-json\/wp\/v2\/types\/post"}],"author":[{"embeddable":true,"href":"https:\/\/www.chiesedisicilia.org\/chiesedisicilia\/news\/wp-json\/wp\/v2\/users\/1"}],"replies":[{"embeddable":true,"href":"https:\/\/www.chiesedisicilia.org\/chiesedisicilia\/news\/wp-json\/wp\/v2\/comments?post=1924"}],"version-history":[{"count":1,"href":"https:\/\/www.chiesedisicilia.org\/chiesedisicilia\/news\/wp-json\/wp\/v2\/posts\/1924\/revisions"}],"predecessor-version":[{"id":20413,"href":"https:\/\/www.chiesedisicilia.org\/chiesedisicilia\/news\/wp-json\/wp\/v2\/posts\/1924\/revisions\/20413"}],"wp:attachment":[{"href":"https:\/\/www.chiesedisicilia.org\/chiesedisicilia\/news\/wp-json\/wp\/v2\/media?parent=1924"}],"wp:term":[{"taxonomy":"category","embeddable":true,"href":"https:\/\/www.chiesedisicilia.org\/chiesedisicilia\/news\/wp-json\/wp\/v2\/categories?post=1924"},{"taxonomy":"post_tag","embeddable":true,"href":"https:\/\/www.chiesedisicilia.org\/chiesedisicilia\/news\/wp-json\/wp\/v2\/tags?post=1924"},{"taxonomy":"news-destination","embeddable":true,"href":"https:\/\/www.chiesedisicilia.org\/chiesedisicilia\/news\/wp-json\/wp\/v2\/news-destination?post=1924"},{"taxonomy":"news-source","embeddable":true,"href":"https:\/\/www.chiesedisicilia.org\/chiesedisicilia\/news\/wp-json\/wp\/v2\/news-source?post=1924"},{"taxonomy":"is_homepage","embeddable":true,"href":"https:\/\/www.chiesedisicilia.org\/chiesedisicilia\/news\/wp-json\/wp\/v2\/is_homepage?post=1924"},{"taxonomy":"ta_other","embeddable":true,"href":"https:\/\/www.chiesedisicilia.org\/chiesedisicilia\/news\/wp-json\/wp\/v2\/ta_other?post=1924"}],"curies":[{"name":"wp","href":"https:\/\/api.w.org\/{rel}","templated":true}]}}