{"id":19201,"date":"2025-02-08T11:51:06","date_gmt":"2025-02-08T10:51:06","guid":{"rendered":"http:\/\/euwps05.newsmemory.com\/chiesedisicilia\/news\/2025\/02\/08\/la-commissione-regionale-migrantes-a-lampedusa-il-diario-di-bordo-delle-giornate-di-ascolto-pregiera-e-riflessione\/"},"modified":"2025-02-10T23:04:53","modified_gmt":"2024-04-16T23:04:53","slug":"la-commissione-regionale-migrantes-a-lampedusa-il-diario-di-bordo-delle-giornate-di-ascolto-pregiera-e-riflessione","status":"publish","type":"post","link":"https:\/\/www.chiesedisicilia.org\/2025\/02\/08\/la-commissione-regionale-migrantes-a-lampedusa-il-diario-di-bordo-delle-giornate-di-ascolto-pregiera-e-riflessione\/","title":{"rendered":"LA COMMISSIONE REGIONALE MIGRANTES A LAMPEDUSA: IL &#8220;DIARIO DI BORDO&#8221; DI GIOVEDI&#8217; 6 FEBBRAIO"},"content":{"rendered":"<p>Quattro giornate a Lampedusa per pregare, incontrare, ascoltare.<\/p>\n<p>I direttore degli uffici per le Migrazioni delle 18 diocesi dell&#8217;Isola, componenti la Commissione dell&#8217;Ufficio regionale per le Migrazioni, svolgono il loro incontro di Commissione sulla pi\u00f9 grande delle Pelagie. A guidarsi mons. Corrado Lorefice, arcivescovo di Palermo e delegato CESi per le Migrazioni.<\/p>\n<p>Nel corso dell&#8217;appuntamento, pubblicheremo un &#8220;diario di bordo&#8221;: il racconto di quanto avviene a cura di\u00a0<strong>Elena De Pasquale, dell&#8217;Ufficio Migrantes Diocesi Messina Lipari S. Lucia del Mela<\/strong>, per &#8220;<em>dare voce alle diverse anime dell\u2019Isola e si toccheranno alcuni luoghi simbolo, in un percorso di riflessione animato da intensi momenti di confronto&#8221;<\/em>.<\/p>\n<p>La realizzazione del &#8220;Diario di bordo&#8221; \u00e8 possibile anche grazie alla collaborazione di <strong>Nino Arena.<\/strong><\/p>\n<p>&nbsp;<\/p>\n<p style=\"text-align: center\"><em><strong>Diario di bordo &#8211; 06 febbraio 2025<\/strong><\/em><\/p>\n<p><img alt=\"LA COMMISSIONE REGIONALE MIGRANTES A LAMPEDUSA: IL \"DIARIO DI BORDO\" DI GIOVEDI' 6 FEBBRAIO\" title=\"LA COMMISSIONE REGIONALE MIGRANTES A LAMPEDUSA: IL \"DIARIO DI BORDO\" DI GIOVEDI' 6 FEBBRAIO\" loading=\"lazy\" class=\"size-medium wp-image-19200 aligncenter\" src=\"https:\/\/www.chiesedisicilia.org\/chiesedisicilia\/news\/wp-content\/uploads\/sites\/2\/2025\/02\/GUARDIA-COSTIERA-1.jpg\" alt=\"\" width=\"300\" height=\"169\" srcset=\"https:\/\/euwps05.newsmemory.com\/chiesedisicilia\/news\/wp-content\/uploads\/sites\/2\/2025\/02\/GUARDIA-COSTIERA-1.jpg 1280w, https:\/\/euwps05.newsmemory.com\/chiesedisicilia\/news\/wp-content\/uploads\/sites\/2\/2025\/02\/GUARDIA-COSTIERA-1-300x169.jpg 300w, https:\/\/euwps05.newsmemory.com\/chiesedisicilia\/news\/wp-content\/uploads\/sites\/2\/2025\/02\/GUARDIA-COSTIERA-1-1024x576.jpg 1024w, https:\/\/euwps05.newsmemory.com\/chiesedisicilia\/news\/wp-content\/uploads\/sites\/2\/2025\/02\/GUARDIA-COSTIERA-1-768x432.jpg 768w, https:\/\/euwps05.newsmemory.com\/chiesedisicilia\/news\/wp-content\/uploads\/sites\/2\/2025\/02\/GUARDIA-COSTIERA-1-750x422.jpg 750w\" sizes=\"(max-width: 300px) 100vw, 300px\" \/><\/p>\n<p style=\"text-align: right\"><em>Incontro nella sede della Guardia costiera<\/em><\/p>\n<p>\u201c<em>Nel mare non c\u2019\u00e8 la corsia d\u2019emergenza, non puoi accendere le quattro frecce e aspettare, nel mare un istante in pi\u00f9 di attesa pu\u00f2 decidere della vita o della morte di un essere umano&#8221;<\/em>.<\/p>\n<p><img alt=\"LA COMMISSIONE REGIONALE MIGRANTES A LAMPEDUSA: IL \"DIARIO DI BORDO\" DI GIOVEDI' 6 FEBBRAIO\" title=\"LA COMMISSIONE REGIONALE MIGRANTES A LAMPEDUSA: IL \"DIARIO DI BORDO\" DI GIOVEDI' 6 FEBBRAIO\" loading=\"lazy\" class=\"size-medium wp-image-19191 alignleft\" src=\"https:\/\/www.chiesedisicilia.org\/chiesedisicilia\/news\/wp-content\/uploads\/sites\/2\/2025\/02\/foto-tenente-di-vascello-flavio-verde.jpg\" alt=\"\" width=\"300\" height=\"169\" srcset=\"https:\/\/euwps05.newsmemory.com\/chiesedisicilia\/news\/wp-content\/uploads\/sites\/2\/2025\/02\/foto-tenente-di-vascello-flavio-verde.jpg 1280w, https:\/\/euwps05.newsmemory.com\/chiesedisicilia\/news\/wp-content\/uploads\/sites\/2\/2025\/02\/foto-tenente-di-vascello-flavio-verde-300x169.jpg 300w, https:\/\/euwps05.newsmemory.com\/chiesedisicilia\/news\/wp-content\/uploads\/sites\/2\/2025\/02\/foto-tenente-di-vascello-flavio-verde-1024x576.jpg 1024w, https:\/\/euwps05.newsmemory.com\/chiesedisicilia\/news\/wp-content\/uploads\/sites\/2\/2025\/02\/foto-tenente-di-vascello-flavio-verde-768x432.jpg 768w, https:\/\/euwps05.newsmemory.com\/chiesedisicilia\/news\/wp-content\/uploads\/sites\/2\/2025\/02\/foto-tenente-di-vascello-flavio-verde-750x422.jpg 750w\" sizes=\"(max-width: 300px) 100vw, 300px\" \/>Il <strong>tenente di vascello Flavio Verde, Comandante dell&#8217;Ufficio Circondariale Marittimo e Comandante della 7^ Squadriglia della Guardia costiera di Lampedusa<\/strong> pronuncia queste parole senza enfasi: come le donne e gli uomini che lavorano al suo fianco, \u00e8 addestrato a non mettere il sentimento davanti alla professionalit\u00e0. Eppure il filo intrecciato dell\u2018emozione e dell\u2019orgoglio costituisce la trama preziosa del loro impegno: \u201c<em>Alle persone che operano nel soccorso<\/em> \u2013 afferma infatti il tenente di vascello Verde \u2013 <em>pu\u00f2 capitare di non dormire o di non mangiare per un\u2019intera giornata e pi\u00f9 e alla fine essere felici per avere strappato alla morte bambini, donne incinte, uomini<\/em>&#8220;.<\/p>\n<p><strong><img alt=\"LA COMMISSIONE REGIONALE MIGRANTES A LAMPEDUSA: IL \"DIARIO DI BORDO\" DI GIOVEDI' 6 FEBBRAIO\" title=\"LA COMMISSIONE REGIONALE MIGRANTES A LAMPEDUSA: IL \"DIARIO DI BORDO\" DI GIOVEDI' 6 FEBBRAIO\" loading=\"lazy\" class=\"size-medium wp-image-19192 alignleft\" src=\"https:\/\/www.chiesedisicilia.org\/chiesedisicilia\/news\/wp-content\/uploads\/sites\/2\/2025\/02\/guardia-costiera-4.jpg\" alt=\"\" width=\"300\" height=\"169\" srcset=\"https:\/\/euwps05.newsmemory.com\/chiesedisicilia\/news\/wp-content\/uploads\/sites\/2\/2025\/02\/guardia-costiera-4.jpg 1280w, https:\/\/euwps05.newsmemory.com\/chiesedisicilia\/news\/wp-content\/uploads\/sites\/2\/2025\/02\/guardia-costiera-4-300x169.jpg 300w, https:\/\/euwps05.newsmemory.com\/chiesedisicilia\/news\/wp-content\/uploads\/sites\/2\/2025\/02\/guardia-costiera-4-1024x576.jpg 1024w, https:\/\/euwps05.newsmemory.com\/chiesedisicilia\/news\/wp-content\/uploads\/sites\/2\/2025\/02\/guardia-costiera-4-768x432.jpg 768w, https:\/\/euwps05.newsmemory.com\/chiesedisicilia\/news\/wp-content\/uploads\/sites\/2\/2025\/02\/guardia-costiera-4-750x422.jpg 750w\" sizes=\"(max-width: 300px) 100vw, 300px\" \/>UNA MACCHINA RODATA.<\/strong>\u00a0 Per soccorrere le migliaia di persone che ogni anno scelgono la rotta del Mediterraneo centrale \u2013 ormai la pi\u00f9 pericolosa tra quelle utilizzate dai migranti \u2013 \u00e8 stata messa a punto una macchina i cui ingranaggi sono stati rodati da anni. Lampedusa del resto \u00e8 pi\u00f9 vicina all\u2019Africa che all\u2019Europa, le coste tunisine sono ad appena 113 chilometri, Pantelleria a 140, Malta a 176 e la Sicilia a 215. Le acque Sar (Search and Rescue di ricerva e salvataggio) italiane spesso\u2026 non bastano agli equipaggi della Guardia costiera italiana che partendo da Lampedusa si spingono anche nelle acque territoriali maltesi o tunisine per mettere in sicurezza donne e uomini in fuga. Per fare questo il tenente di vascello Verde pu\u00f2 contare su un personale composto da 85 unit\u00e0, sette navi delle \u201cclassi\u201c 200 e300 che oltre al soccorso garantiscono il pattugliamento costiero e la vigilanza sulla pesca e la navigazione di diporto nonch\u00e9 l\u2019attivit\u00e0 ispettiva in mare e al porto, la sicurezza alimentare del pescato e la salvaguardia dell\u2019ambiente marino e costiero.<\/p>\n<p><strong><img alt=\"LA COMMISSIONE REGIONALE MIGRANTES A LAMPEDUSA: IL \"DIARIO DI BORDO\" DI GIOVEDI' 6 FEBBRAIO\" title=\"LA COMMISSIONE REGIONALE MIGRANTES A LAMPEDUSA: IL \"DIARIO DI BORDO\" DI GIOVEDI' 6 FEBBRAIO\" loading=\"lazy\" class=\"size-medium wp-image-19193 alignleft\" src=\"https:\/\/www.chiesedisicilia.org\/chiesedisicilia\/news\/wp-content\/uploads\/sites\/2\/2025\/02\/guardia-costiera3.jpg\" alt=\"\" width=\"300\" height=\"169\" srcset=\"https:\/\/euwps05.newsmemory.com\/chiesedisicilia\/news\/wp-content\/uploads\/sites\/2\/2025\/02\/guardia-costiera3.jpg 1280w, https:\/\/euwps05.newsmemory.com\/chiesedisicilia\/news\/wp-content\/uploads\/sites\/2\/2025\/02\/guardia-costiera3-300x169.jpg 300w, https:\/\/euwps05.newsmemory.com\/chiesedisicilia\/news\/wp-content\/uploads\/sites\/2\/2025\/02\/guardia-costiera3-1024x576.jpg 1024w, https:\/\/euwps05.newsmemory.com\/chiesedisicilia\/news\/wp-content\/uploads\/sites\/2\/2025\/02\/guardia-costiera3-768x432.jpg 768w, https:\/\/euwps05.newsmemory.com\/chiesedisicilia\/news\/wp-content\/uploads\/sites\/2\/2025\/02\/guardia-costiera3-750x422.jpg 750w\" sizes=\"(max-width: 300px) 100vw, 300px\" \/>OLTRE I NUMERI.<\/strong> \u201c<em>Nel 2023<\/em> \u2013 spiega il <strong>tenente di vascello Flavio Verde, Comandante dell&#8217;Ufficio Circondariale Marittimo e Comandante della 7^ Squadriglia della Guardia costiera di Lampedusa<\/strong> \u2013 <em>abbiano soccorso 60mila migranti, nel 2024 sono stati39.336 e nel primo mese di quest\u2018anno 2.728. Due anni fa abbiamo portato a termine 1.800 missioni percorrendo 61.100 miglia nautiche, pari a tre volte le circonferenza della Terra. Non soccorriamo solo i migranti, ma vigiliamo su chi va per mare, dai pescatori ai diportisti. L\u2019altro giorno, per fare un esempio, con la collaborazione dei vigili del fuoco abbiamo tratto in salvo un pescatore rimasto bloccato su una scogliera a 35 metri sopra il livello del mare nei pressi del Faro di Ponente. Loro si sono calati dall\u2019alto e noi siamo intervenuti con una motovedetta; alla fine lo abbiamo recuperato e consegnato al 118<\/em>&#8220;.<\/p>\n<p><strong><img alt=\"LA COMMISSIONE REGIONALE MIGRANTES A LAMPEDUSA: IL \"DIARIO DI BORDO\" DI GIOVEDI' 6 FEBBRAIO\" title=\"LA COMMISSIONE REGIONALE MIGRANTES A LAMPEDUSA: IL \"DIARIO DI BORDO\" DI GIOVEDI' 6 FEBBRAIO\" loading=\"lazy\" class=\"size-medium wp-image-19194 alignleft\" src=\"https:\/\/www.chiesedisicilia.org\/chiesedisicilia\/news\/wp-content\/uploads\/sites\/2\/2025\/02\/incontro-guardia-costiera.jpg\" alt=\"\" width=\"300\" height=\"169\" srcset=\"https:\/\/euwps05.newsmemory.com\/chiesedisicilia\/news\/wp-content\/uploads\/sites\/2\/2025\/02\/incontro-guardia-costiera.jpg 1280w, https:\/\/euwps05.newsmemory.com\/chiesedisicilia\/news\/wp-content\/uploads\/sites\/2\/2025\/02\/incontro-guardia-costiera-300x169.jpg 300w, https:\/\/euwps05.newsmemory.com\/chiesedisicilia\/news\/wp-content\/uploads\/sites\/2\/2025\/02\/incontro-guardia-costiera-1024x576.jpg 1024w, https:\/\/euwps05.newsmemory.com\/chiesedisicilia\/news\/wp-content\/uploads\/sites\/2\/2025\/02\/incontro-guardia-costiera-768x432.jpg 768w, https:\/\/euwps05.newsmemory.com\/chiesedisicilia\/news\/wp-content\/uploads\/sites\/2\/2025\/02\/incontro-guardia-costiera-750x422.jpg 750w\" sizes=\"(max-width: 300px) 100vw, 300px\" \/>IL FATTURE<\/strong> <strong>UMANO.\u00a0<\/strong>\u201c<em>Ci mettiamo in mare<\/em> \u2013 prosegue il tenente Verde \u2013 <em>dopo aver ricevuto l\u2019allerta dal Centro operativo nazionale di Roma o dal Settore operativo regionale di Palermo che raccolgono le segnalazioni di barconi in difficolt\u00e0. Spesso si tratta di barchini in ferro di circa 9 metri stracarichi che quando si fermano per un\u2019avaria o perch\u00e9 \u00e8 finito il carburante rischiano di affondare in poco tempo. La segnalazione pu\u00f2 venire da un aereo di ricognizione del sistema di soccorso o anche da una nave mercantile o da un peschereccio che ha l\u2019obbligo di prestare i primi soccorsi. A volte la segnalazione parte dal telefono satellitare di uno dei migranti e in quel caso la ricerca \u00e8 pi\u00f9 difficile anche se cerchiamo di ricostruire le coordinate della loro posizione. I nostri equipaggi <\/em>\u2013 tiene a precisare il comandante \u2013<em> sono costituiti da sette persone, da un soccorritore marittimo che quando agganciamo l\u2019imbarcazione in difficolt\u00e0 deve essere ponto a tuffarsi per favorire il trasbordo dei migranti attraverso una sorta di lettiga-salvagente. A bordo ci sono anche un medico e un infermiere del Cisom e un mediatore culturale dell\u2019Iom. Sono figure fondamentali: l\u2019equipe sanitaria tratta immediatamente i migranti raccolti e predispone il soccorso a terra segnalando se ci sono casi particolari, emergenze o donne in stato di gravidanza mentre il mediatore culturale riceve e fornisce indicazioni fondamentali per la riuscita dell\u2019operazione di soccorso<\/em>\u201c.<\/p>\n<p><strong><img alt=\"LA COMMISSIONE REGIONALE MIGRANTES A LAMPEDUSA: IL \"DIARIO DI BORDO\" DI GIOVEDI' 6 FEBBRAIO\" title=\"LA COMMISSIONE REGIONALE MIGRANTES A LAMPEDUSA: IL \"DIARIO DI BORDO\" DI GIOVEDI' 6 FEBBRAIO\" loading=\"lazy\" class=\"size-medium wp-image-19195 alignleft\" src=\"https:\/\/www.chiesedisicilia.org\/chiesedisicilia\/news\/wp-content\/uploads\/sites\/2\/2025\/02\/lorefice-verde-tornesi.jpg\" alt=\"\" width=\"300\" height=\"169\" srcset=\"https:\/\/euwps05.newsmemory.com\/chiesedisicilia\/news\/wp-content\/uploads\/sites\/2\/2025\/02\/lorefice-verde-tornesi.jpg 1280w, https:\/\/euwps05.newsmemory.com\/chiesedisicilia\/news\/wp-content\/uploads\/sites\/2\/2025\/02\/lorefice-verde-tornesi-300x169.jpg 300w, https:\/\/euwps05.newsmemory.com\/chiesedisicilia\/news\/wp-content\/uploads\/sites\/2\/2025\/02\/lorefice-verde-tornesi-1024x576.jpg 1024w, https:\/\/euwps05.newsmemory.com\/chiesedisicilia\/news\/wp-content\/uploads\/sites\/2\/2025\/02\/lorefice-verde-tornesi-768x432.jpg 768w, https:\/\/euwps05.newsmemory.com\/chiesedisicilia\/news\/wp-content\/uploads\/sites\/2\/2025\/02\/lorefice-verde-tornesi-750x422.jpg 750w\" sizes=\"(max-width: 300px) 100vw, 300px\" \/>IL COLLAUDO DELLA GENEROSIT\u00c0<\/strong>. Le motovedette sono collaudate per accogliere un centinaio di migranti accanto agli uomini e alle donne dell\u2019equipaggio, eppure non \u00e8 raro vederle tornare in porto con molte pi\u00f9 persone. \u201c<em>La legge del mare ci obbliga a salvare le vite e<\/em> \u2013 osserva ancora il comandante Verde \u2013 <em>in determinate condizioni pu\u00f2 accadere di doversi spingere un po\u2018 pi\u00f9 in l\u00e0. Non \u00e8 solo la Guardia costiera ad agire cos\u00ec, ma tutte le forze armate, anche di altri paesi presenti a Lampedusa e con cui c\u2019\u00e8 un clima di collaborazione duraturo e forte. Al momento ci sono unit\u00e0 navali svedesi, danesi e lituane che, nell\u2019ambito dell\u2019operazione europea Frontex partecipano all\u2019operazione Italy, mentre un nostra motovedetta tra qualche giorno dovr\u00e0 raggiungere le acque greche<\/em>\u201c. All\u2019interno dell\u2019imbarcazione di soccorso c\u2019\u00e8 un crocifisso: \u201c<em>Non \u00e8 un caso se sta l\u00ec<\/em> \u2013 dice il <strong>maresciallo Roberto Triolo<\/strong> \u2013 <em>insieme ai giubbotti e alle cinture di salvataggio, prima di partire per un\u2019operazione di soccorso lo guardiamo e facciamo il segno della croce perch\u00e9 ci assista<\/em>&#8220;.<\/p>\n<p>____________________________________________________<\/p>\n<p><img alt=\"LA COMMISSIONE REGIONALE MIGRANTES A LAMPEDUSA: IL \"DIARIO DI BORDO\" DI GIOVEDI' 6 FEBBRAIO\" title=\"LA COMMISSIONE REGIONALE MIGRANTES A LAMPEDUSA: IL \"DIARIO DI BORDO\" DI GIOVEDI' 6 FEBBRAIO\" loading=\"lazy\" class=\"size-medium wp-image-19196 aligncenter\" src=\"https:\/\/www.chiesedisicilia.org\/chiesedisicilia\/news\/wp-content\/uploads\/sites\/2\/2025\/02\/Migrantes-a-Lampedusa-01.jpg\" alt=\"\" width=\"300\" height=\"169\" srcset=\"https:\/\/euwps05.newsmemory.com\/chiesedisicilia\/news\/wp-content\/uploads\/sites\/2\/2025\/02\/Migrantes-a-Lampedusa-01.jpg 1280w, https:\/\/euwps05.newsmemory.com\/chiesedisicilia\/news\/wp-content\/uploads\/sites\/2\/2025\/02\/Migrantes-a-Lampedusa-01-300x169.jpg 300w, https:\/\/euwps05.newsmemory.com\/chiesedisicilia\/news\/wp-content\/uploads\/sites\/2\/2025\/02\/Migrantes-a-Lampedusa-01-1024x576.jpg 1024w, https:\/\/euwps05.newsmemory.com\/chiesedisicilia\/news\/wp-content\/uploads\/sites\/2\/2025\/02\/Migrantes-a-Lampedusa-01-768x432.jpg 768w, https:\/\/euwps05.newsmemory.com\/chiesedisicilia\/news\/wp-content\/uploads\/sites\/2\/2025\/02\/Migrantes-a-Lampedusa-01-750x422.jpg 750w\" sizes=\"(max-width: 300px) 100vw, 300px\" \/><\/p>\n<p style=\"text-align: right\"><em>in parrocchia<\/em><\/p>\n<p><strong>LAMPEDUSA, ESEMPIO VERO DI COMUNIT\u00c0 MESSIANICA<\/strong><\/p>\n<p>Nel saloncino parrocchiale adiacente la Chiesa di San Gerlando si spengono le luci e nel buio riaffiorano i ricordi, le lacrime, la commozione di quei giorni lontani eppure ancora pienamente vivi nella memoria della comunit\u00e0 lampedusana. Su una delle pareti vengono proiettate le immagini del video, realizzato nel 2011, con cui la Fondazione Migrantes ha raccontato i giorni della grande emergenza: ed ecco apparire i volti di migliaia di donne, uomini, bambini, alcuni ancora in fasce, che hanno attraversato il molo Favaloro di Lampedusa, ma che, ancor di pi\u00f9, hanno toccato in modo indelebile il cuore degli isolani.<\/p>\n<p><strong><img alt=\"LA COMMISSIONE REGIONALE MIGRANTES A LAMPEDUSA: IL \"DIARIO DI BORDO\" DI GIOVEDI' 6 FEBBRAIO\" title=\"LA COMMISSIONE REGIONALE MIGRANTES A LAMPEDUSA: IL \"DIARIO DI BORDO\" DI GIOVEDI' 6 FEBBRAIO\" loading=\"lazy\" class=\"size-medium wp-image-19197 alignleft\" src=\"https:\/\/www.chiesedisicilia.org\/chiesedisicilia\/news\/wp-content\/uploads\/sites\/2\/2025\/02\/Migrantes-a-Lampedusa-10.jpg\" alt=\"\" width=\"300\" height=\"169\" srcset=\"https:\/\/euwps05.newsmemory.com\/chiesedisicilia\/news\/wp-content\/uploads\/sites\/2\/2025\/02\/Migrantes-a-Lampedusa-10.jpg 1280w, https:\/\/euwps05.newsmemory.com\/chiesedisicilia\/news\/wp-content\/uploads\/sites\/2\/2025\/02\/Migrantes-a-Lampedusa-10-300x169.jpg 300w, https:\/\/euwps05.newsmemory.com\/chiesedisicilia\/news\/wp-content\/uploads\/sites\/2\/2025\/02\/Migrantes-a-Lampedusa-10-1024x576.jpg 1024w, https:\/\/euwps05.newsmemory.com\/chiesedisicilia\/news\/wp-content\/uploads\/sites\/2\/2025\/02\/Migrantes-a-Lampedusa-10-768x432.jpg 768w, https:\/\/euwps05.newsmemory.com\/chiesedisicilia\/news\/wp-content\/uploads\/sites\/2\/2025\/02\/Migrantes-a-Lampedusa-10-750x422.jpg 750w\" sizes=\"(max-width: 300px) 100vw, 300px\" \/>Testimonianze e ricordi<\/strong><\/p>\n<p>Una comunit\u00e0 che, al termine della funzione religiosa, alla presenza del parroco Don Carmelo Rizzo, si \u00e8 raccolta per condividere con i componenti della Commissione Regionale per le Migrazioni, ma soprattutto con Monsignor Corrado Lorefice, il ricordo di quelle giornate dove \u00abtutti noi abbiamo potuto toccare con mano la sofferenza di Ges\u00f9, perch\u00e9 \u00e8 come se avessimo vissuto il Vangelo\u00bb, sottolinea la <strong>signora Pilla<\/strong>, tra le parrocchiane pi\u00f9 \u201cattive\u201d nei giorni dell\u2019emergenza. &#8220;<em>Questo luogo (la parrocchia ndr)\u00a0era un cantiere aperto 24 ore su 24. La sala in cui ci troviamo adesso, ad esempio<\/em> \u2013 ricorda Pilla \u2013 <em>era quella in cui venivano raccolti i vestiti che poi venivano divisi e distribuiti; ogni zona aveva una sua funzione specifica. Eravamo tutti uniti nel condividere il dolore di quei fratelli, ma al tempo stesso eravamo felici di poter ridare loro dignit\u00e0<\/em>&#8220;. Dignit\u00e0 nella vita, ma dignit\u00e0 anche nella morte, quella che, invece, per <strong>Maria Martello<\/strong>, non \u00e8 stato possibile concedere attraverso il rito della sepoltura &#8220;<em>ai corpi di coloro che venivano sistemati all\u2019interno di grandi sacchi neri di plastica, immagini che ho ancora bene impresse nella mente e continuano ad essere motivo di grande dolore. Tutto quello che siamo riusciti a fare lo abbiamo fatto con amore e per amore, perch\u00e9 era come se Ges\u00f9 si stesse presentando a noi<\/em>&#8220;.<\/p>\n<p><img alt=\"LA COMMISSIONE REGIONALE MIGRANTES A LAMPEDUSA: IL \"DIARIO DI BORDO\" DI GIOVEDI' 6 FEBBRAIO\" title=\"LA COMMISSIONE REGIONALE MIGRANTES A LAMPEDUSA: IL \"DIARIO DI BORDO\" DI GIOVEDI' 6 FEBBRAIO\" loading=\"lazy\" class=\"size-medium wp-image-19198 alignleft\" src=\"https:\/\/www.chiesedisicilia.org\/chiesedisicilia\/news\/wp-content\/uploads\/sites\/2\/2025\/02\/Migrantes-a-Lampedusa-15.jpg\" alt=\"\" width=\"300\" height=\"169\" srcset=\"https:\/\/euwps05.newsmemory.com\/chiesedisicilia\/news\/wp-content\/uploads\/sites\/2\/2025\/02\/Migrantes-a-Lampedusa-15.jpg 1280w, https:\/\/euwps05.newsmemory.com\/chiesedisicilia\/news\/wp-content\/uploads\/sites\/2\/2025\/02\/Migrantes-a-Lampedusa-15-300x169.jpg 300w, https:\/\/euwps05.newsmemory.com\/chiesedisicilia\/news\/wp-content\/uploads\/sites\/2\/2025\/02\/Migrantes-a-Lampedusa-15-1024x576.jpg 1024w, https:\/\/euwps05.newsmemory.com\/chiesedisicilia\/news\/wp-content\/uploads\/sites\/2\/2025\/02\/Migrantes-a-Lampedusa-15-768x432.jpg 768w, https:\/\/euwps05.newsmemory.com\/chiesedisicilia\/news\/wp-content\/uploads\/sites\/2\/2025\/02\/Migrantes-a-Lampedusa-15-750x422.jpg 750w\" sizes=\"(max-width: 300px) 100vw, 300px\" \/>Altrettanto commosse e commoventi le testimonianze di <strong>Enzo Riso e Mario Capitano<\/strong>, entrambi in prima linea nelle difficili settimane del febbraio 2011. &#8220;<em>Ricordo tutto come fosse ieri<\/em> \u2013 racconta Mario &#8211;<em>, pioveva a dirotto e andammo da Don Stefano (l\u2019allora parroco ndr), per capire come poter aiutare le persone che dormivano al porto e cercavano di ripararsi sotto i camion. \u00c8 bastato un messaggio e in un attimo tutti i Lampedusani hanno aperto le porte di casa per dare il loro contributo<\/em>&#8220;. Ricordi indelebili, anche quelli condivisi dal pescatore Enzo: &#8220;<em>Inizialmente ci sentivamo impotenti, poi per\u00f2 tutto si \u00e8 trasformato in coraggio e voglia di fare. Non c\u2019era nulla che ci spaventasse o preoccupasse, sentivamo solo il bisogno di esserci e poter dare aiuto. La cosa che non dimenticher\u00f2 mai saranno gli abbracci che ho scambiato con quei fratelli, perch\u00e9 \u00e8 come se avessi provato la sensazione di abbracciare Dio<\/em>&#8220;.<\/p>\n<p>Per <strong>suor Angela Cimino<\/strong> a Lampedusa da pi\u00f9 di un anno, <em>&#8220;la missione che sto vivendo qui mi si \u00e8 attaccata sulla pelle. Se mentre mi trovo a pregare ricevo un messaggio in cui viene comunicato che da l\u00ec a breve si verificher\u00e0 uno sbarco e quindi sono chiamata a svolgere la mia attivit\u00e0 di volontaria, mi dico \u201clascio Dio per andare da Dio\u201d e prima di recarmi al molo l\u2019ultima preghiera la faccio per le persone che incontrer\u00f2 e per i corpi di coloro che non ce l\u2019hanno fatta<\/em>&#8220;.<\/p>\n<p><strong>Lampedusa capace di \u201cabbracciare\u201d le sofferenze altrui<\/strong><\/p>\n<p><img alt=\"LA COMMISSIONE REGIONALE MIGRANTES A LAMPEDUSA: IL \"DIARIO DI BORDO\" DI GIOVEDI' 6 FEBBRAIO\" title=\"LA COMMISSIONE REGIONALE MIGRANTES A LAMPEDUSA: IL \"DIARIO DI BORDO\" DI GIOVEDI' 6 FEBBRAIO\" loading=\"lazy\" class=\"size-medium wp-image-19199 alignleft\" src=\"https:\/\/www.chiesedisicilia.org\/chiesedisicilia\/news\/wp-content\/uploads\/sites\/2\/2025\/02\/Migrantes-a-Lampedusa-18.jpg\" alt=\"\" width=\"300\" height=\"169\" srcset=\"https:\/\/euwps05.newsmemory.com\/chiesedisicilia\/news\/wp-content\/uploads\/sites\/2\/2025\/02\/Migrantes-a-Lampedusa-18.jpg 1280w, https:\/\/euwps05.newsmemory.com\/chiesedisicilia\/news\/wp-content\/uploads\/sites\/2\/2025\/02\/Migrantes-a-Lampedusa-18-300x169.jpg 300w, https:\/\/euwps05.newsmemory.com\/chiesedisicilia\/news\/wp-content\/uploads\/sites\/2\/2025\/02\/Migrantes-a-Lampedusa-18-1024x576.jpg 1024w, https:\/\/euwps05.newsmemory.com\/chiesedisicilia\/news\/wp-content\/uploads\/sites\/2\/2025\/02\/Migrantes-a-Lampedusa-18-768x432.jpg 768w, https:\/\/euwps05.newsmemory.com\/chiesedisicilia\/news\/wp-content\/uploads\/sites\/2\/2025\/02\/Migrantes-a-Lampedusa-18-750x422.jpg 750w\" sizes=\"(max-width: 300px) 100vw, 300px\" \/>Ed \u00e8 proprio dalle testimonianze, ancora vivide, dei parrocchiani e dei volontari, che <strong>Monsignor Corrado Lorefice, arcivescovo di Palermo e delegato CESi per le Migrazioni<\/strong>\u00a0ha colto spunto per lanciare un messaggio di profondo valore cristiano: &#8220;<em>Ascoltare le vostre parole<\/em> \u2013 ha affermato il vescovo \u2013 <em>\u00e8 come aver riletto dei tratti del Vangelo. Abbiamo scelto di essere qui a Lampedusa<\/em> \u2013 ha spiegato \u2013 <em>perch\u00e9 \u00e8 solo attraverso i vostri racconti e le vostre testimonianze che possiamo far capire alle nostre comunit\u00e0 locali cosa significhi realmente essere comunit\u00e0 messianica, cristiana. Il Messia \u00e8 colui che salva facendo proprie le sofferenze altrui ed \u00e8 esattamente ci\u00f2 che avete fatto e continuate a fare. Fin quando non capiremo questo, saremo solo un \u201cclub religioso\u201d, ma non saremo una comunit\u00e0 messianica<\/em>&#8220;.<\/p>\n<p>&nbsp;<\/p>\n<p><strong>APPROFONDIMENTI<\/strong><\/p>\n<ul>\n<li><a href=\"https:\/\/www.chiesedisicilia.org\/2025\/02\/05\/a-lampedusa-cuore-del-mediterraneo-lincontro-dellufficio-regionale-per-le-migrazioni\/\"><em>A LAMPEDUSA, \u201cCUORE DEL MEDITERRANEO\u201d, L\u2019INCONTRO DELL\u2019UFFICIO REGIONALE PER LE MIGRAZIONI.<\/em><\/a> La presentazione dell&#8217;evento e la storia dell&#8217;iniziativa<\/li>\n<\/ul>\n<p><strong>GALLERIA FOTOGRAFICA<\/strong><\/p>\n","protected":false},"excerpt":{"rendered":"","protected":false},"author":4,"featured_media":19190,"comment_status":"closed","ping_status":"closed","sticky":false,"template":"","format":"standard","meta":[],"categories":[7],"tags":[],"news-destination":[],"news-source":[],"is_homepage":[],"ta_other":[],"_links":{"self":[{"href":"https:\/\/www.chiesedisicilia.org\/chiesedisicilia\/news\/wp-json\/wp\/v2\/posts\/19201"}],"collection":[{"href":"https:\/\/www.chiesedisicilia.org\/chiesedisicilia\/news\/wp-json\/wp\/v2\/posts"}],"about":[{"href":"https:\/\/www.chiesedisicilia.org\/chiesedisicilia\/news\/wp-json\/wp\/v2\/types\/post"}],"author":[{"embeddable":true,"href":"https:\/\/www.chiesedisicilia.org\/chiesedisicilia\/news\/wp-json\/wp\/v2\/users\/4"}],"replies":[{"embeddable":true,"href":"https:\/\/www.chiesedisicilia.org\/chiesedisicilia\/news\/wp-json\/wp\/v2\/comments?post=19201"}],"version-history":[{"count":1,"href":"https:\/\/www.chiesedisicilia.org\/chiesedisicilia\/news\/wp-json\/wp\/v2\/posts\/19201\/revisions"}],"predecessor-version":[{"id":19207,"href":"https:\/\/www.chiesedisicilia.org\/chiesedisicilia\/news\/wp-json\/wp\/v2\/posts\/19201\/revisions\/19207"}],"wp:featuredmedia":[{"embeddable":true,"href":"https:\/\/www.chiesedisicilia.org\/chiesedisicilia\/news\/wp-json\/wp\/v2\/media\/19190"}],"wp:attachment":[{"href":"https:\/\/www.chiesedisicilia.org\/chiesedisicilia\/news\/wp-json\/wp\/v2\/media?parent=19201"}],"wp:term":[{"taxonomy":"category","embeddable":true,"href":"https:\/\/www.chiesedisicilia.org\/chiesedisicilia\/news\/wp-json\/wp\/v2\/categories?post=19201"},{"taxonomy":"post_tag","embeddable":true,"href":"https:\/\/www.chiesedisicilia.org\/chiesedisicilia\/news\/wp-json\/wp\/v2\/tags?post=19201"},{"taxonomy":"news-destination","embeddable":true,"href":"https:\/\/www.chiesedisicilia.org\/chiesedisicilia\/news\/wp-json\/wp\/v2\/news-destination?post=19201"},{"taxonomy":"news-source","embeddable":true,"href":"https:\/\/www.chiesedisicilia.org\/chiesedisicilia\/news\/wp-json\/wp\/v2\/news-source?post=19201"},{"taxonomy":"is_homepage","embeddable":true,"href":"https:\/\/www.chiesedisicilia.org\/chiesedisicilia\/news\/wp-json\/wp\/v2\/is_homepage?post=19201"},{"taxonomy":"ta_other","embeddable":true,"href":"https:\/\/www.chiesedisicilia.org\/chiesedisicilia\/news\/wp-json\/wp\/v2\/ta_other?post=19201"}],"curies":[{"name":"wp","href":"https:\/\/api.w.org\/{rel}","templated":true}]}}