{"id":1914,"date":"2010-06-19T08:53:00","date_gmt":"2010-06-19T06:53:00","guid":{"rendered":"http:\/\/wptestsite.tecnavia.com\/chiesedisicilia_clientsite\/news\/2010\/06\/19\/catania-famiglia-conferenza-su-lo-sguardo-del-coraggio\/"},"modified":"2018-11-09T11:00:51","modified_gmt":"2018-01-13T11:00:51","slug":"catania-famiglia-conferenza-su-lo-sguardo-del-coraggio","status":"publish","type":"post","link":"https:\/\/www.chiesedisicilia.org\/2010\/06\/19\/catania-famiglia-conferenza-su-lo-sguardo-del-coraggio\/","title":{"rendered":"CATANIA. FAMIGLIA: CONFERENZA SU &#8220;LO SGUARDO DEL CORAGGIO&#8221;"},"content":{"rendered":"<div>La Commissione vicariale di Pastorale familiare di Patern\u00f2 &#8211; Ragalna e Ufficio diocesano per la Pastorale della Famiglia promuovono una conferenza &#8211; dibattito dal titolo &#8220;Lo sguardo del coraggio&#8230; per un&#8217;educazione alla speranza&#8221;. L\u2019appuntamento, che si terr\u00e0 oggi, mercoled\u00ec 23 giugno, alle 18.30, nella parrocchia Spirito Santo (presso la Zona Ardizzone di Patern\u00f2), avr\u00e0 come principale relatore mons. Mario Russotto, vescovo di Caltanissetta e delegato regionale per la Pastorale della Famiglia e dei Giovani. \u201cLa sua competenza, l&#8217;entusiasmo e il calore del suo grande amore per la famiglia \u2013 scrivono gli organizzatori, don Salvatore Al\u00ec e i coniugi Giancarlo e Sabrina Grasso &#8211; faranno di questa iniziativa un importante momento preparatorio all&#8217;incontro con Papa Benedetto XVI del prossimo 3 ottobre a Palermo\u201d. La serata si concluder\u00e0 con una festa per i giovani e le famiglie. [01]<\/p>\n<div>\u00a0<\/div>\n<\/div>\n","protected":false},"excerpt":{"rendered":"","protected":false},"author":1,"featured_media":0,"comment_status":"open","ping_status":"open","sticky":false,"template":"","format":"standard","meta":[],"categories":[30],"tags":[],"news-destination":[],"news-source":[],"is_homepage":[],"ta_other":[],"_links":{"self":[{"href":"https:\/\/www.chiesedisicilia.org\/chiesedisicilia\/news\/wp-json\/wp\/v2\/posts\/1914"}],"collection":[{"href":"https:\/\/www.chiesedisicilia.org\/chiesedisicilia\/news\/wp-json\/wp\/v2\/posts"}],"about":[{"href":"https:\/\/www.chiesedisicilia.org\/chiesedisicilia\/news\/wp-json\/wp\/v2\/types\/post"}],"author":[{"embeddable":true,"href":"https:\/\/www.chiesedisicilia.org\/chiesedisicilia\/news\/wp-json\/wp\/v2\/users\/1"}],"replies":[{"embeddable":true,"href":"https:\/\/www.chiesedisicilia.org\/chiesedisicilia\/news\/wp-json\/wp\/v2\/comments?post=1914"}],"version-history":[{"count":1,"href":"https:\/\/www.chiesedisicilia.org\/chiesedisicilia\/news\/wp-json\/wp\/v2\/posts\/1914\/revisions"}],"predecessor-version":[{"id":20403,"href":"https:\/\/www.chiesedisicilia.org\/chiesedisicilia\/news\/wp-json\/wp\/v2\/posts\/1914\/revisions\/20403"}],"wp:attachment":[{"href":"https:\/\/www.chiesedisicilia.org\/chiesedisicilia\/news\/wp-json\/wp\/v2\/media?parent=1914"}],"wp:term":[{"taxonomy":"category","embeddable":true,"href":"https:\/\/www.chiesedisicilia.org\/chiesedisicilia\/news\/wp-json\/wp\/v2\/categories?post=1914"},{"taxonomy":"post_tag","embeddable":true,"href":"https:\/\/www.chiesedisicilia.org\/chiesedisicilia\/news\/wp-json\/wp\/v2\/tags?post=1914"},{"taxonomy":"news-destination","embeddable":true,"href":"https:\/\/www.chiesedisicilia.org\/chiesedisicilia\/news\/wp-json\/wp\/v2\/news-destination?post=1914"},{"taxonomy":"news-source","embeddable":true,"href":"https:\/\/www.chiesedisicilia.org\/chiesedisicilia\/news\/wp-json\/wp\/v2\/news-source?post=1914"},{"taxonomy":"is_homepage","embeddable":true,"href":"https:\/\/www.chiesedisicilia.org\/chiesedisicilia\/news\/wp-json\/wp\/v2\/is_homepage?post=1914"},{"taxonomy":"ta_other","embeddable":true,"href":"https:\/\/www.chiesedisicilia.org\/chiesedisicilia\/news\/wp-json\/wp\/v2\/ta_other?post=1914"}],"curies":[{"name":"wp","href":"https:\/\/api.w.org\/{rel}","templated":true}]}}