{"id":1902,"date":"2018-06-20T11:56:00","date_gmt":"2018-06-20T09:56:00","guid":{"rendered":"http:\/\/wptestsite.tecnavia.com\/chiesedisicilia_clientsite\/news\/2018\/06\/20\/caltanissetta-ordinazione-diaconale-di-enzo-spoto\/"},"modified":"2018-11-09T11:00:51","modified_gmt":"2018-01-13T11:00:51","slug":"caltanissetta-ordinazione-diaconale-di-enzo-spoto","status":"publish","type":"post","link":"https:\/\/www.chiesedisicilia.org\/2018\/06\/20\/caltanissetta-ordinazione-diaconale-di-enzo-spoto\/","title":{"rendered":"CALTANISSETTA. ORDINAZIONE DIACONALE DI ENZO SPOTO"},"content":{"rendered":"<div><span style=\"font-size: medium;\"><span style=\"font-family: \"Times New Roman\";\"><span style=\"text-align: justify;\">Mercoled\u00ec 20 giugno 2018 un momento particolarmente solenne per la vita della comunit\u00e0 diocesana: viene ordinato Diacono Enzo Spoto, giovane seminarista di Mussomeli, che proprio nella parrocchia S. Enrico del suo paese natale ricever\u00e0 l\u2019imposizione delle mani del vescovo mons. Mario Russotto, nel corso di una celebrazione eucaristica cui parteciper\u00e0 l\u2019intera comunit\u00e0 del Seminario e molti sacerdoti da ogni parte della Diocesi, a partire dalle ore 18.<\/span><\/span><\/span><\/div>\n<div><span style=\"font-size: medium;\"><span style=\"font-family: \"Times New Roman\";\">\u00c8 la seconda volta in dieci anni che dalla parrocchia S. Enrico di Mussomeli, di cui \u00e8 parroco Francesco Mancuso, emerge una vocazione alla consacrazione: nel 2010 \u00e8 stato ordinato diacono permanente Pierenzo Costanzo, e oggi, dopo 8 anni, Enzo Spoto, diacono transeunte, riceve cio\u00e8 il primo grado di ordinazione, propedeutico al sacerdozio.<\/span><\/span><span style=\"font-size:12.0pt;font-family:\"Times New Roman\",\"serif\"\"><o:p><\/o:p><\/span><\/div>\n<div><span style=\"font-size: medium;\"><span style=\"font-family: \"Times New Roman\";\">Una vocazione adulta quella di Enzo Spoto: entrato in Seminario a 25 anni, dopo avere lavorato insieme al padre nella sua bottega artigiana di falegname, primogenito di quattro figli, ha scelto di dedicarsi agli studi religiosi e di puntare al sacerdozio, con grande determinazione e diligenza.<\/span><\/span><span style=\"font-size:12.0pt;font-family:\"Times New Roman\",\"serif\"\"><o:p><\/o:p><\/span><\/div>\n<div><span style=\"font-size: medium;\"><span style=\"font-family: \"Times New Roman\";\">\u00c8 nato e cresciuto proprio nel quartiere in cui sorge la parrocchia S. Enrico, lo stesso in cui si trova il laboratorio artigiano di suo padre: \u00e8 stato quindi particolarmente significativo avere scelto per l\u2019ordinazione il contesto della comunit\u00e0 all\u2019interno della quale \u00e8 maturata la sua fede ed ha vissuto le sue prime esperienze di vita cristiana.<\/span><\/span><span style=\"font-size:12.0pt;font-family:\"Times New Roman\",\"serif\"\"><o:p><\/o:p><\/span><\/div>\n<div><span style=\"font-size: medium;\"><span style=\"font-family: \"Times New Roman\";\">\u00c8 un nuovo segno positivo questa ordinazione, che porta a compimento il primo passo del percorso verso il sacerdozio: manifesta la forza della scelta che si propone ai giovani come modello impegnativo di vita dedicata alla comunit\u00e0, che quest\u2019anno avr\u00e0 un approfondimento particolare con la Missione Giovani, in comunione con Papa Francesco, che ha indetto il Sinodo dei Vescovi dedicato\u00a0<\/span><\/span><span style=\"font-size:12.0pt;font-family:\"Times New Roman\",\"serif\"\"><span style=\"font-size: medium;\"><span style=\"font-family: \"Times New Roman\";\">ai giovani.<\/span><\/span><o:p><\/o:p><\/span><\/div>\n<div><span style=\"font-size: medium;\"><span style=\"font-family: \"Times New Roman\";\">A partire dal prossimo mese di ottobre in tutte le scuole superiori ed i comuni della Diocesi, con la presenza del nostro Vescovo e dell\u2019equipe di Pastorale Giovanile, si svolgeranno gli incontri in dialogo con migliaia di ragazzi del nostro territorio per ascoltarli e riflettere insieme sulla loro condizione, il loro vissuto, le loro esperienze e prospettive, accogliere le loro proposte, anche a partire dal loro disagio e dalle loro inquietudini, rispetto alle quali il Vangelo \u00e8 sempre ricco di risposte positive. [01]<\/span><\/span><span style=\"font-size:12.0pt;font-family:\"Times New Roman\",\"serif\"\"><o:p><\/o:p><\/span><\/div>\n","protected":false},"excerpt":{"rendered":"","protected":false},"author":1,"featured_media":0,"comment_status":"open","ping_status":"open","sticky":false,"template":"","format":"standard","meta":[],"categories":[30],"tags":[],"news-destination":[],"news-source":[],"is_homepage":[],"ta_other":[],"_links":{"self":[{"href":"https:\/\/www.chiesedisicilia.org\/chiesedisicilia\/news\/wp-json\/wp\/v2\/posts\/1902"}],"collection":[{"href":"https:\/\/www.chiesedisicilia.org\/chiesedisicilia\/news\/wp-json\/wp\/v2\/posts"}],"about":[{"href":"https:\/\/www.chiesedisicilia.org\/chiesedisicilia\/news\/wp-json\/wp\/v2\/types\/post"}],"author":[{"embeddable":true,"href":"https:\/\/www.chiesedisicilia.org\/chiesedisicilia\/news\/wp-json\/wp\/v2\/users\/1"}],"replies":[{"embeddable":true,"href":"https:\/\/www.chiesedisicilia.org\/chiesedisicilia\/news\/wp-json\/wp\/v2\/comments?post=1902"}],"version-history":[{"count":1,"href":"https:\/\/www.chiesedisicilia.org\/chiesedisicilia\/news\/wp-json\/wp\/v2\/posts\/1902\/revisions"}],"predecessor-version":[{"id":20392,"href":"https:\/\/www.chiesedisicilia.org\/chiesedisicilia\/news\/wp-json\/wp\/v2\/posts\/1902\/revisions\/20392"}],"wp:attachment":[{"href":"https:\/\/www.chiesedisicilia.org\/chiesedisicilia\/news\/wp-json\/wp\/v2\/media?parent=1902"}],"wp:term":[{"taxonomy":"category","embeddable":true,"href":"https:\/\/www.chiesedisicilia.org\/chiesedisicilia\/news\/wp-json\/wp\/v2\/categories?post=1902"},{"taxonomy":"post_tag","embeddable":true,"href":"https:\/\/www.chiesedisicilia.org\/chiesedisicilia\/news\/wp-json\/wp\/v2\/tags?post=1902"},{"taxonomy":"news-destination","embeddable":true,"href":"https:\/\/www.chiesedisicilia.org\/chiesedisicilia\/news\/wp-json\/wp\/v2\/news-destination?post=1902"},{"taxonomy":"news-source","embeddable":true,"href":"https:\/\/www.chiesedisicilia.org\/chiesedisicilia\/news\/wp-json\/wp\/v2\/news-source?post=1902"},{"taxonomy":"is_homepage","embeddable":true,"href":"https:\/\/www.chiesedisicilia.org\/chiesedisicilia\/news\/wp-json\/wp\/v2\/is_homepage?post=1902"},{"taxonomy":"ta_other","embeddable":true,"href":"https:\/\/www.chiesedisicilia.org\/chiesedisicilia\/news\/wp-json\/wp\/v2\/ta_other?post=1902"}],"curies":[{"name":"wp","href":"https:\/\/api.w.org\/{rel}","templated":true}]}}