{"id":1901,"date":"2018-05-30T09:52:00","date_gmt":"2018-05-30T07:52:00","guid":{"rendered":"http:\/\/wptestsite.tecnavia.com\/chiesedisicilia_clientsite\/news\/2018\/05\/30\/caltanissetta-estate-lasciamoci-incontrare-dal-vangelo\/"},"modified":"2018-11-09T11:00:51","modified_gmt":"2018-01-13T11:00:51","slug":"caltanissetta-estate-lasciamoci-incontrare-dal-vangelo","status":"publish","type":"post","link":"https:\/\/www.chiesedisicilia.org\/2018\/05\/30\/caltanissetta-estate-lasciamoci-incontrare-dal-vangelo\/","title":{"rendered":"CALTANISSETTA. ESTATE: &#8220;LASCIAMOCI INCONTRARE DAL VANGELO&#8221;"},"content":{"rendered":"<div><span style=\"font-size: medium;\"><span style=\"font-family: \"Times New Roman\";\"><span times=\"\" new=\"\"><span times=\"\" new=\"\">E&#8217; gi\u00e0 possibile prenotare la propria partecipazione agli esercizi spirituali che la Diocesi di Caltanissetta propone a sposi e fidanzati per l&#8217;estate del 2018. A guidare la preghiera e la riflessione sul tema &#8220;Lasciamoci incontrare dal Vangelo&#8221; sar\u00e0 il vescovo mons. Mario Russotto. L&#8217;appuntamento \u00e8 in programma da venerd\u00ec 31 agosto a domenica 2 settembre 2018, presso l&#8217;hotel Villa Peretti, a Gela (CL).<\/span><\/span><\/span><\/span><span style=\"font-size:12.0pt;font-family:\" times=\"\" new=\"\"><o:p><\/o:p><\/span><\/div>\n<div><span style=\"font-size: medium;\"><span style=\"font-family: \"Times New Roman\";\"><span times=\"\" new=\"\">Ecco il programma nel dettaglio:<\/span><\/span><\/span><\/div>\n<div>\u00a0<\/div>\n<div><span style=\"font-size:12.0pt;font-family:\" times=\"\" new=\"\"><o:p><\/o:p><\/span><\/div>\n<div><span style=\"font-size: medium;\"><span style=\"font-family: \"Times New Roman\";\"><strong style=\"font-family: \" times=\"\" new=\"\">Venerd\u00ec 31 agosto 2018<\/strong><\/span><\/span><\/div>\n<div><span style=\"font-size: medium;\"><span style=\"font-family: \"Times New Roman\";\"><span times=\"\" new=\"\"> ore 15.00: Arrivi e sistemazione<br style=\"box-sizing: border-box\" \/> ore 16.00: Preghiera &#8211; Introduzione &#8211; Lectio: Donna di 5 mariti + 1 (Gv 4,5-30;39-42)<br style=\"box-sizing: border-box\" \/> ore 17.30: Incontro per gruppi<br style=\"box-sizing: border-box\" \/> ore 19.00: Adorazione Eucaristica &#8211; Vespri<\/span><\/span><\/span><\/div>\n<div><span style=\"font-size: medium;\"><span style=\"font-family: \"Times New Roman\";\"><span times=\"\" new=\"\"><br style=\"box-sizing: border-box\" \/> <strong style=\"box-sizing: border-box\">Sabato 1 settembre 2018<\/strong><br style=\"box-sizing: border-box\" \/> ore\u00a0\u00a0 9.00: Lodi &#8211; Lectio: Donna sposa\u2026 e un amante (Gv 8,1-11)<br style=\"box-sizing: border-box\" \/> ore 10.00: Riflessione con il coniuge &#8211; Confessioni<br style=\"box-sizing: border-box\" \/> ore 12.00: S. Messa<br style=\"box-sizing: border-box\" \/> ore 16.30: Lectio: Due donne\u2026e un amico (Lc 10,38-42 e Gv 11,1-35)<br style=\"box-sizing: border-box\" \/> ore 17.30: Riflessioni in plenaria<br style=\"box-sizing: border-box\" \/> ore 19.00: Adorazione Eucaristica &#8211; Vespri<br style=\"box-sizing: border-box\" \/> ore 21.00: Festa<br style=\"box-sizing: border-box\" \/> <br style=\"box-sizing: border-box\" \/> <strong style=\"box-sizing: border-box\">Domenica 2 settembre 2018<\/strong><br style=\"box-sizing: border-box\" \/> ore\u00a0\u00a0 9.00: Lodi &#8211; Lectio: Una donna e il suo amato (Gv 20,11-18)<br style=\"box-sizing: border-box\" \/> ore 10.30: Condivisione in plenaria &#8211; Conclusioni<br style=\"box-sizing: border-box\" \/> ore 12.00: S. Messa<br style=\"box-sizing: border-box\" \/> ore 13.00: Pranzo &#8211; Partenze<\/span><\/span><\/span><span style=\"font-size:12.0pt;font-family:\" times=\"\" new=\"\"><o:p><\/o:p><\/span><\/div>\n<div><span style=\"font-size: medium;\"><span style=\"font-family: \"Times New Roman\";\"><span times=\"\" new=\"\"><span style=\"background-image: initial; background-position: initial; background-size: initial; background-repeat: initial; background-attachment: initial; background-origin: initial; background-clip: initial;\">\u00c8 possibile scaricare la scheda di partecipazione sul sito della Diocesi di Caltanissetta. [01]<\/span><\/span><\/span><\/span><span style=\"font-size: 12pt; font-family: \" times=\"\" new=\"\"><o:p><\/o:p><\/span><\/div>\n","protected":false},"excerpt":{"rendered":"","protected":false},"author":1,"featured_media":0,"comment_status":"open","ping_status":"open","sticky":false,"template":"","format":"standard","meta":[],"categories":[30],"tags":[],"news-destination":[],"news-source":[],"is_homepage":[],"ta_other":[],"_links":{"self":[{"href":"https:\/\/www.chiesedisicilia.org\/chiesedisicilia\/news\/wp-json\/wp\/v2\/posts\/1901"}],"collection":[{"href":"https:\/\/www.chiesedisicilia.org\/chiesedisicilia\/news\/wp-json\/wp\/v2\/posts"}],"about":[{"href":"https:\/\/www.chiesedisicilia.org\/chiesedisicilia\/news\/wp-json\/wp\/v2\/types\/post"}],"author":[{"embeddable":true,"href":"https:\/\/www.chiesedisicilia.org\/chiesedisicilia\/news\/wp-json\/wp\/v2\/users\/1"}],"replies":[{"embeddable":true,"href":"https:\/\/www.chiesedisicilia.org\/chiesedisicilia\/news\/wp-json\/wp\/v2\/comments?post=1901"}],"version-history":[{"count":1,"href":"https:\/\/www.chiesedisicilia.org\/chiesedisicilia\/news\/wp-json\/wp\/v2\/posts\/1901\/revisions"}],"predecessor-version":[{"id":20391,"href":"https:\/\/www.chiesedisicilia.org\/chiesedisicilia\/news\/wp-json\/wp\/v2\/posts\/1901\/revisions\/20391"}],"wp:attachment":[{"href":"https:\/\/www.chiesedisicilia.org\/chiesedisicilia\/news\/wp-json\/wp\/v2\/media?parent=1901"}],"wp:term":[{"taxonomy":"category","embeddable":true,"href":"https:\/\/www.chiesedisicilia.org\/chiesedisicilia\/news\/wp-json\/wp\/v2\/categories?post=1901"},{"taxonomy":"post_tag","embeddable":true,"href":"https:\/\/www.chiesedisicilia.org\/chiesedisicilia\/news\/wp-json\/wp\/v2\/tags?post=1901"},{"taxonomy":"news-destination","embeddable":true,"href":"https:\/\/www.chiesedisicilia.org\/chiesedisicilia\/news\/wp-json\/wp\/v2\/news-destination?post=1901"},{"taxonomy":"news-source","embeddable":true,"href":"https:\/\/www.chiesedisicilia.org\/chiesedisicilia\/news\/wp-json\/wp\/v2\/news-source?post=1901"},{"taxonomy":"is_homepage","embeddable":true,"href":"https:\/\/www.chiesedisicilia.org\/chiesedisicilia\/news\/wp-json\/wp\/v2\/is_homepage?post=1901"},{"taxonomy":"ta_other","embeddable":true,"href":"https:\/\/www.chiesedisicilia.org\/chiesedisicilia\/news\/wp-json\/wp\/v2\/ta_other?post=1901"}],"curies":[{"name":"wp","href":"https:\/\/api.w.org\/{rel}","templated":true}]}}