{"id":18975,"date":"2024-11-18T23:34:48","date_gmt":"2024-11-18T22:34:48","guid":{"rendered":"http:\/\/euwps06.newsmemory.com\/chiesedisicilia\/news\/?p=18975"},"modified":"2024-11-22T10:12:43","modified_gmt":"2024-01-27T10:12:43","slug":"il-carisma-dei-santuari-di-fronte-alle-sfide-di-oggi-nellevangelizzazione-tra-catania-e-caltagirone-il-convegno-nazionale-dei-santuari","status":"publish","type":"post","link":"https:\/\/www.chiesedisicilia.org\/2024\/11\/18\/il-carisma-dei-santuari-di-fronte-alle-sfide-di-oggi-nellevangelizzazione-tra-catania-e-caltagirone-il-convegno-nazionale-dei-santuari\/","title":{"rendered":"\u201cIL CARISMA DEI SANTUARI DI FRONTE ALLE SFIDE DI OGGI NELL\u2019EVANGELIZZAZIONE\u201d: TRA CATANIA E CALTAGIRONE IL CONVEGNO NAZIONALE DEI SANTUARI"},"content":{"rendered":"<p>Ha preso avvio oggi a Catania il 58\u00b0 Convegno Nazionale dei Rettori e degli operatori pastorali dei Santuari Italiani. Per quattro giorni (fino al 22 novembre) si rifletter\u00e0 sul tema: \u201cIl carisma dei Santuari di fronte alle sfide di oggi nell&#8217;evangelizzazione&#8221;.<\/p>\n<p>Ricco e variegato il programma dell&#8217;evento, che vivr\u00e0 uno dei momenti principali con l&#8217;intervento del Cardinale Matteo Zuppi, Presidente della Conferenza Episcopale Italiana, in programma marted\u00ec 19 terr\u00e0 nella Cattedrale di Sant\u2019Agata. Con lui, in particolare, i Rettori si interrogheranno sul contributo che i Santuari italiani potranno offrire alla celebrazione del prossimo Giubileo, soprattutto in ordine alla valorizzazione di quell\u2019autentica esperienza di fede che \u00e8 la piet\u00e0 popolare.<\/p>\n<p style=\"text-align: center\"><strong><a href=\"https:\/\/www.chiesedisicilia.org\/chiesedisicilia\/news\/wp-content\/uploads\/sites\/2\/2024\/11\/Programma-in-dettaglio-del-Convegno-nazionale-dei-Santuari-2024.pdf\">Programma in dettaglio<\/a><\/strong><\/p>\n<p style=\"text-align: center\"><strong><a href=\"https:\/\/www.chiesedisicilia.org\/chiesedisicilia\/news\/wp-content\/uploads\/sites\/2\/2024\/11\/Programma-in-dettaglio-del-Convegno-nazionale-dei-Santuari-2024.pdf\">del Convegno nazionale dei Santuari 2024<\/a><\/strong><\/p>\n<p>Oltre al Cardinale Zuppi, si alterneranno al tavolo dei relatori diversi docenti delle facolt\u00e0 teologiche del Sud Italia, ai quali verr\u00e0 chiesto come inserire la celebrazione del Giubileo nel quadro pi\u00f9 ampio della nuova missione evangelizzatrice alla quale l\u2019intera Chiesa \u00e8 oggi chiamata, in un contesto non certo facile, ma non per questo meno carico di sfide e di opportunit\u00e0. A guidare i lavori saranno mons. Domenico Sorrentino, vescovo di Assisi, e p. Mario Magro, rispettivamente Assistente Ecclesiastico e Presidente del Collegamento Nazionale Santuari.<\/p>\n<p>Al Convegno \u00e8 prevista la partecipazione di quasi duecento tra sacerdoti, religiosi e laici impegnati nell\u2019animazione dei Santuari Italiani, accolti dalla Chiesa di Catania e da quella di Caltagirone. Nel corso dei lavori \u00e8 previsto il pellegrinaggio al Santuario calatino &#8220;Maria Ss. del Ponte&#8221;.<\/p>\n","protected":false},"excerpt":{"rendered":"","protected":false},"author":4,"featured_media":18974,"comment_status":"closed","ping_status":"closed","sticky":false,"template":"","format":"standard","meta":[],"categories":[7],"tags":[],"news-destination":[],"news-source":[],"is_homepage":[],"ta_other":[],"_links":{"self":[{"href":"https:\/\/www.chiesedisicilia.org\/chiesedisicilia\/news\/wp-json\/wp\/v2\/posts\/18975"}],"collection":[{"href":"https:\/\/www.chiesedisicilia.org\/chiesedisicilia\/news\/wp-json\/wp\/v2\/posts"}],"about":[{"href":"https:\/\/www.chiesedisicilia.org\/chiesedisicilia\/news\/wp-json\/wp\/v2\/types\/post"}],"author":[{"embeddable":true,"href":"https:\/\/www.chiesedisicilia.org\/chiesedisicilia\/news\/wp-json\/wp\/v2\/users\/4"}],"replies":[{"embeddable":true,"href":"https:\/\/www.chiesedisicilia.org\/chiesedisicilia\/news\/wp-json\/wp\/v2\/comments?post=18975"}],"version-history":[{"count":2,"href":"https:\/\/www.chiesedisicilia.org\/chiesedisicilia\/news\/wp-json\/wp\/v2\/posts\/18975\/revisions"}],"predecessor-version":[{"id":24217,"href":"https:\/\/www.chiesedisicilia.org\/chiesedisicilia\/news\/wp-json\/wp\/v2\/posts\/18975\/revisions\/24217"}],"wp:featuredmedia":[{"embeddable":true,"href":"https:\/\/www.chiesedisicilia.org\/chiesedisicilia\/news\/wp-json\/wp\/v2\/media\/18974"}],"wp:attachment":[{"href":"https:\/\/www.chiesedisicilia.org\/chiesedisicilia\/news\/wp-json\/wp\/v2\/media?parent=18975"}],"wp:term":[{"taxonomy":"category","embeddable":true,"href":"https:\/\/www.chiesedisicilia.org\/chiesedisicilia\/news\/wp-json\/wp\/v2\/categories?post=18975"},{"taxonomy":"post_tag","embeddable":true,"href":"https:\/\/www.chiesedisicilia.org\/chiesedisicilia\/news\/wp-json\/wp\/v2\/tags?post=18975"},{"taxonomy":"news-destination","embeddable":true,"href":"https:\/\/www.chiesedisicilia.org\/chiesedisicilia\/news\/wp-json\/wp\/v2\/news-destination?post=18975"},{"taxonomy":"news-source","embeddable":true,"href":"https:\/\/www.chiesedisicilia.org\/chiesedisicilia\/news\/wp-json\/wp\/v2\/news-source?post=18975"},{"taxonomy":"is_homepage","embeddable":true,"href":"https:\/\/www.chiesedisicilia.org\/chiesedisicilia\/news\/wp-json\/wp\/v2\/is_homepage?post=18975"},{"taxonomy":"ta_other","embeddable":true,"href":"https:\/\/www.chiesedisicilia.org\/chiesedisicilia\/news\/wp-json\/wp\/v2\/ta_other?post=18975"}],"curies":[{"name":"wp","href":"https:\/\/api.w.org\/{rel}","templated":true}]}}