{"id":18968,"date":"2024-11-10T10:38:32","date_gmt":"2024-11-10T09:38:32","guid":{"rendered":"http:\/\/euwps05.newsmemory.com\/chiesedisicilia\/news\/?p=18968"},"modified":"2024-11-14T11:54:27","modified_gmt":"2024-01-19T11:54:27","slug":"dai-sacerdoti-in-missione-alle-esperienze-diocesane-e-verso-il-festival-delle-missioni","status":"publish","type":"post","link":"https:\/\/www.chiesedisicilia.org\/2024\/11\/10\/dai-sacerdoti-in-missione-alle-esperienze-diocesane-e-verso-il-festival-delle-missioni\/","title":{"rendered":"DAI SACERDOTI  IN MISSIONE ALLE ESPERIENZE DIOCESANE E VERSO IL FESTIVAL DELLE MISSIONI"},"content":{"rendered":"<p>Sabato 9 novembre presso il Seminario Vescovile di Caltanissetta si \u00e8 riunita la Commissione Missionaria Regionale. I lavori partendo dal messaggio di Papa Francesco \u201cAndate e invitate al banchetto tutti\u201d si sono concentrati sul tema dell\u2019annuncio.<\/p>\n<p><img alt=\"DAI SACERDOTI  IN MISSIONE ALLE ESPERIENZE DIOCESANE E VERSO IL FESTIVAL DELLE MISSIONI\" title=\"DAI SACERDOTI  IN MISSIONE ALLE ESPERIENZE DIOCESANE E VERSO IL FESTIVAL DELLE MISSIONI\" loading=\"lazy\" class=\"size-medium wp-image-18966 alignleft\" src=\"https:\/\/www.chiesedisicilia.org\/chiesedisicilia\/news\/wp-content\/uploads\/sites\/2\/2024\/11\/EDBD4C11-9398-4785-B301-A450407C5A2B.jpeg\" alt=\"\" width=\"300\" height=\"225\" srcset=\"https:\/\/euwps05.newsmemory.com\/chiesedisicilia\/news\/wp-content\/uploads\/sites\/2\/2024\/11\/EDBD4C11-9398-4785-B301-A450407C5A2B.jpeg 1280w, https:\/\/euwps05.newsmemory.com\/chiesedisicilia\/news\/wp-content\/uploads\/sites\/2\/2024\/11\/EDBD4C11-9398-4785-B301-A450407C5A2B-300x225.jpeg 300w, https:\/\/euwps05.newsmemory.com\/chiesedisicilia\/news\/wp-content\/uploads\/sites\/2\/2024\/11\/EDBD4C11-9398-4785-B301-A450407C5A2B-1024x768.jpeg 1024w, https:\/\/euwps05.newsmemory.com\/chiesedisicilia\/news\/wp-content\/uploads\/sites\/2\/2024\/11\/EDBD4C11-9398-4785-B301-A450407C5A2B-768x576.jpeg 768w, https:\/\/euwps05.newsmemory.com\/chiesedisicilia\/news\/wp-content\/uploads\/sites\/2\/2024\/11\/EDBD4C11-9398-4785-B301-A450407C5A2B-750x563.jpeg 750w\" sizes=\"(max-width: 300px) 100vw, 300px\" \/>Mons. Angelo Giurdanella, Vescovo delegato per la Sicilia, ha invitato i partecipanti a riflettere sul mandato missionario che nasce dal cenacolo dove Ges\u00f9 dice \u201cFate questo in memoria di me\u201d per poi trovare conferma nell\u2019invito del risorto \u201cAndate e fate discepoli\u2026\u201d i due comandi sono legati a due liturgie quella eucaristica e quella missionaria, strettamente connesse. Due liturgie ma un identico mistero, quello di Ges\u00f9 con la sua morte e resurrezione. Non c\u2019\u00e8 Eucarestia senza Missione, non c\u2019\u00e8 Missione senza Eucaristia, non c\u2019\u00e8 Missione senza gioia.<\/p>\n<p><img alt=\"DAI SACERDOTI  IN MISSIONE ALLE ESPERIENZE DIOCESANE E VERSO IL FESTIVAL DELLE MISSIONI\" title=\"DAI SACERDOTI  IN MISSIONE ALLE ESPERIENZE DIOCESANE E VERSO IL FESTIVAL DELLE MISSIONI\" loading=\"lazy\" class=\"size-medium wp-image-18967 alignright\" src=\"https:\/\/www.chiesedisicilia.org\/chiesedisicilia\/news\/wp-content\/uploads\/sites\/2\/2024\/11\/F18F3F9D-94A2-428E-84CB-6AEDA21DE05D.jpeg\" alt=\"\" width=\"300\" height=\"225\" srcset=\"https:\/\/euwps05.newsmemory.com\/chiesedisicilia\/news\/wp-content\/uploads\/sites\/2\/2024\/11\/F18F3F9D-94A2-428E-84CB-6AEDA21DE05D.jpeg 1280w, https:\/\/euwps05.newsmemory.com\/chiesedisicilia\/news\/wp-content\/uploads\/sites\/2\/2024\/11\/F18F3F9D-94A2-428E-84CB-6AEDA21DE05D-300x225.jpeg 300w, https:\/\/euwps05.newsmemory.com\/chiesedisicilia\/news\/wp-content\/uploads\/sites\/2\/2024\/11\/F18F3F9D-94A2-428E-84CB-6AEDA21DE05D-1024x768.jpeg 1024w, https:\/\/euwps05.newsmemory.com\/chiesedisicilia\/news\/wp-content\/uploads\/sites\/2\/2024\/11\/F18F3F9D-94A2-428E-84CB-6AEDA21DE05D-768x576.jpeg 768w, https:\/\/euwps05.newsmemory.com\/chiesedisicilia\/news\/wp-content\/uploads\/sites\/2\/2024\/11\/F18F3F9D-94A2-428E-84CB-6AEDA21DE05D-750x563.jpeg 750w\" sizes=\"(max-width: 300px) 100vw, 300px\" \/>I lavori della Commissione sono proseguiti poi secondo i punti all\u2019ordine del giorno, dopo aver condiviso la necessit\u00e0 di conoscere i Fidei Donum siciliani, si \u00e8 passati a condividere le iniziative che ogni diocesi pone in essere per diffondere il messaggio missionario. La diocesi di Ragusa ha raccontato un\u2019esperienza vissuta in comune con due diocesi confinanti che \u00e8 servita a mettere in evidenza la dimensione missionaria della famiglia, la diocesi di Trapani il rosario vivente missionario, la diocesi di Catania ha raccontato l\u2019esperienza del meeting con coinvolgimento di Missio Giovani e la partecipazione di diocesi vicine.<\/p>\n<p><img alt=\"DAI SACERDOTI  IN MISSIONE ALLE ESPERIENZE DIOCESANE E VERSO IL FESTIVAL DELLE MISSIONI\" title=\"DAI SACERDOTI  IN MISSIONE ALLE ESPERIENZE DIOCESANE E VERSO IL FESTIVAL DELLE MISSIONI\" loading=\"lazy\" class=\"size-medium wp-image-18969 alignleft\" src=\"https:\/\/www.chiesedisicilia.org\/chiesedisicilia\/news\/wp-content\/uploads\/sites\/2\/2024\/11\/40A5A5BF-ECB0-4CC4-B10B-B09F63B67AD4.jpeg\" alt=\"\" width=\"300\" height=\"225\" srcset=\"https:\/\/euwps05.newsmemory.com\/chiesedisicilia\/news\/wp-content\/uploads\/sites\/2\/2024\/11\/40A5A5BF-ECB0-4CC4-B10B-B09F63B67AD4.jpeg 1280w, https:\/\/euwps05.newsmemory.com\/chiesedisicilia\/news\/wp-content\/uploads\/sites\/2\/2024\/11\/40A5A5BF-ECB0-4CC4-B10B-B09F63B67AD4-300x225.jpeg 300w, https:\/\/euwps05.newsmemory.com\/chiesedisicilia\/news\/wp-content\/uploads\/sites\/2\/2024\/11\/40A5A5BF-ECB0-4CC4-B10B-B09F63B67AD4-1024x768.jpeg 1024w, https:\/\/euwps05.newsmemory.com\/chiesedisicilia\/news\/wp-content\/uploads\/sites\/2\/2024\/11\/40A5A5BF-ECB0-4CC4-B10B-B09F63B67AD4-768x576.jpeg 768w, https:\/\/euwps05.newsmemory.com\/chiesedisicilia\/news\/wp-content\/uploads\/sites\/2\/2024\/11\/40A5A5BF-ECB0-4CC4-B10B-B09F63B67AD4-750x563.jpeg 750w\" sizes=\"(max-width: 300px) 100vw, 300px\" \/>Si \u00e8 passato poi ad un argomento che vedr\u00e0 il suo culmine a Torino dal 9 al 12 ottobre 2025 il \u201cFestival della Missione\u201d il cui titolo \u00e8 \u201cIl volto prossimo\u201d.\u00a0 \u00c8 stato sottolineato che il Festival \u00e8 un processo che \u00e8 gi\u00e0 iniziato e che pu\u00f2 partire ovunque sin da ora, avviando iniziative ad hoc o inserendole in quelle gi\u00e0 programmate. Quale sottotitolo al tema del festival il concetto di \u201cAbitare la speranza\u201d. Il logo \u00e8 gi\u00e0 a disposizione e pu\u00f2 essere utilizzato per le iniziative legate al tema. Il programma di queste, via via aggiornato con quelle nate sul territorio, sar\u00e0 diffuso sul sito www.festivaldellamissione.it.\u00a0 Si \u00e8 messo in evidenza come ogni ufficio missionario deve lavorare per mantenere viva la dimensione missionaria nella propria diocesi impegnandosi nelle varie parrocchie.<\/p>\n","protected":false},"excerpt":{"rendered":"","protected":false},"author":4,"featured_media":18965,"comment_status":"closed","ping_status":"closed","sticky":false,"template":"","format":"standard","meta":[],"categories":[7],"tags":[],"news-destination":[],"news-source":[],"is_homepage":[],"ta_other":[],"_links":{"self":[{"href":"https:\/\/www.chiesedisicilia.org\/chiesedisicilia\/news\/wp-json\/wp\/v2\/posts\/18968"}],"collection":[{"href":"https:\/\/www.chiesedisicilia.org\/chiesedisicilia\/news\/wp-json\/wp\/v2\/posts"}],"about":[{"href":"https:\/\/www.chiesedisicilia.org\/chiesedisicilia\/news\/wp-json\/wp\/v2\/types\/post"}],"author":[{"embeddable":true,"href":"https:\/\/www.chiesedisicilia.org\/chiesedisicilia\/news\/wp-json\/wp\/v2\/users\/4"}],"replies":[{"embeddable":true,"href":"https:\/\/www.chiesedisicilia.org\/chiesedisicilia\/news\/wp-json\/wp\/v2\/comments?post=18968"}],"version-history":[{"count":2,"href":"https:\/\/www.chiesedisicilia.org\/chiesedisicilia\/news\/wp-json\/wp\/v2\/posts\/18968\/revisions"}],"predecessor-version":[{"id":24219,"href":"https:\/\/www.chiesedisicilia.org\/chiesedisicilia\/news\/wp-json\/wp\/v2\/posts\/18968\/revisions\/24219"}],"wp:featuredmedia":[{"embeddable":true,"href":"https:\/\/www.chiesedisicilia.org\/chiesedisicilia\/news\/wp-json\/wp\/v2\/media\/18965"}],"wp:attachment":[{"href":"https:\/\/www.chiesedisicilia.org\/chiesedisicilia\/news\/wp-json\/wp\/v2\/media?parent=18968"}],"wp:term":[{"taxonomy":"category","embeddable":true,"href":"https:\/\/www.chiesedisicilia.org\/chiesedisicilia\/news\/wp-json\/wp\/v2\/categories?post=18968"},{"taxonomy":"post_tag","embeddable":true,"href":"https:\/\/www.chiesedisicilia.org\/chiesedisicilia\/news\/wp-json\/wp\/v2\/tags?post=18968"},{"taxonomy":"news-destination","embeddable":true,"href":"https:\/\/www.chiesedisicilia.org\/chiesedisicilia\/news\/wp-json\/wp\/v2\/news-destination?post=18968"},{"taxonomy":"news-source","embeddable":true,"href":"https:\/\/www.chiesedisicilia.org\/chiesedisicilia\/news\/wp-json\/wp\/v2\/news-source?post=18968"},{"taxonomy":"is_homepage","embeddable":true,"href":"https:\/\/www.chiesedisicilia.org\/chiesedisicilia\/news\/wp-json\/wp\/v2\/is_homepage?post=18968"},{"taxonomy":"ta_other","embeddable":true,"href":"https:\/\/www.chiesedisicilia.org\/chiesedisicilia\/news\/wp-json\/wp\/v2\/ta_other?post=18968"}],"curies":[{"name":"wp","href":"https:\/\/api.w.org\/{rel}","templated":true}]}}