{"id":18953,"date":"2024-11-09T13:06:12","date_gmt":"2024-11-09T12:06:12","guid":{"rendered":"http:\/\/euwps06.newsmemory.com\/chiesedisicilia\/news\/?p=18953"},"modified":"2024-11-22T10:15:37","modified_gmt":"2024-01-27T10:15:37","slug":"oratori-in-sicilia-sfide-e-speranze-incontro-con-i-direttori-diocesani-di-settore","status":"publish","type":"post","link":"https:\/\/www.chiesedisicilia.org\/2024\/11\/09\/oratori-in-sicilia-sfide-e-speranze-incontro-con-i-direttori-diocesani-di-settore\/","title":{"rendered":"&#8220;ORATORI IN SICILIA: SFIDE E SPERANZE&#8221;: INCONTRO CON I DIRETTORI DIOCESANI DI SETTORE"},"content":{"rendered":"<p>Le sfide e le speranze degli oratori in Sicilia saranno il tema di un appuntamento organizzato dall&#8217;Ufficio regionale per i Giovani della Conferenza episcopale siciliana per sabato 23 novembre 2024.<\/p>\n<p>\u00c8 il primo degli incontri programmati per quest&#8217;anno pastorale dall&#8217;Ufficio. <strong>Don Gaetano Gulotta, direttore dell&#8217;Ufficio regionale CESi\u00a0 per i Giovani<\/strong>, spiega che &#8220;<em>dopo che la Conferenza episcopale siciliana ha firmato un protocollo di intesa con la Regione<\/em> Siciliana (cfr, PER APPROFONDIRE),<em> abbiamo voluto un&#8217;occasione di riflessione sugli oratori, riconosciuti ufficialmente non solo per l&#8217;esperienza\u00a0 ormai secolare delle nostre comunit\u00e0 ecclesiali, ma come luogo di educazione all&#8217;interno delle nostre comunit\u00e0 e segno di speranza e di recupero dei giovani soprattutto in quelle parti periferiche delle nostre citt\u00e0 dove non ci sono luoghi di aggregazione e dove \u00e8 alto il rischio che diventino manovalanza della criminalit\u00e0 e della microcriminalit\u00e0, dello spaccio e della mafia<\/em>&#8220;.<\/p>\n<p>Presso il Seminario vescovile di Caltanissetta, a partire dalle ore 9.30, interverranno <strong>mons. Salvatore Rumeo, vescovo di Noto e delegato CESi per i Giovani<\/strong>, e <strong>don Arnaldo Riggi, direttore dell&#8217;Oratorio &#8220;Ges\u00f9 Adolescente&#8221; di Palermo<\/strong>.<\/p>\n<p>A dare il benvenuto a quanti prenderanno parte all&#8217;evento, insime con don Gulotta, anche <strong>mons. Pietro Maria Fragnelli, vescovo di Trapani e delegato CESi per il settore<\/strong>, al quale sar\u00e0 affidata l&#8217;introduzione ai lavori.<\/p>\n<p>&nbsp;<\/p>\n<p><span style=\"color: #ff6600\"><strong>PER APPROFONDIRE<\/strong><\/span><\/p>\n<ul>\n<li><a href=\"https:\/\/www.chiesedisicilia.org\/2024\/10\/19\/intesa-tra-cesi-e-regione-siciliana-nasce-un-gruppo-di-lavoro-per-le-attivita-degli-oratori-nelle-diocesi\/\"> Intesa tra Cesi e Regione Siciliana: nasce un gruppo di lavoro per le attivit\u00e0 degli oratori nelle diocesi<\/a><\/li>\n<\/ul>\n","protected":false},"excerpt":{"rendered":"","protected":false},"author":4,"featured_media":18968,"comment_status":"closed","ping_status":"closed","sticky":false,"template":"","format":"standard","meta":[],"categories":[7],"tags":[],"news-destination":[],"news-source":[],"is_homepage":[],"ta_other":[],"_links":{"self":[{"href":"https:\/\/www.chiesedisicilia.org\/chiesedisicilia\/news\/wp-json\/wp\/v2\/posts\/18953"}],"collection":[{"href":"https:\/\/www.chiesedisicilia.org\/chiesedisicilia\/news\/wp-json\/wp\/v2\/posts"}],"about":[{"href":"https:\/\/www.chiesedisicilia.org\/chiesedisicilia\/news\/wp-json\/wp\/v2\/types\/post"}],"author":[{"embeddable":true,"href":"https:\/\/www.chiesedisicilia.org\/chiesedisicilia\/news\/wp-json\/wp\/v2\/users\/4"}],"replies":[{"embeddable":true,"href":"https:\/\/www.chiesedisicilia.org\/chiesedisicilia\/news\/wp-json\/wp\/v2\/comments?post=18953"}],"version-history":[{"count":1,"href":"https:\/\/www.chiesedisicilia.org\/chiesedisicilia\/news\/wp-json\/wp\/v2\/posts\/18953\/revisions"}],"predecessor-version":[{"id":18969,"href":"https:\/\/www.chiesedisicilia.org\/chiesedisicilia\/news\/wp-json\/wp\/v2\/posts\/18953\/revisions\/18969"}],"wp:featuredmedia":[{"embeddable":true,"href":"https:\/\/www.chiesedisicilia.org\/chiesedisicilia\/news\/wp-json\/wp\/v2\/media\/18968"}],"wp:attachment":[{"href":"https:\/\/www.chiesedisicilia.org\/chiesedisicilia\/news\/wp-json\/wp\/v2\/media?parent=18953"}],"wp:term":[{"taxonomy":"category","embeddable":true,"href":"https:\/\/www.chiesedisicilia.org\/chiesedisicilia\/news\/wp-json\/wp\/v2\/categories?post=18953"},{"taxonomy":"post_tag","embeddable":true,"href":"https:\/\/www.chiesedisicilia.org\/chiesedisicilia\/news\/wp-json\/wp\/v2\/tags?post=18953"},{"taxonomy":"news-destination","embeddable":true,"href":"https:\/\/www.chiesedisicilia.org\/chiesedisicilia\/news\/wp-json\/wp\/v2\/news-destination?post=18953"},{"taxonomy":"news-source","embeddable":true,"href":"https:\/\/www.chiesedisicilia.org\/chiesedisicilia\/news\/wp-json\/wp\/v2\/news-source?post=18953"},{"taxonomy":"is_homepage","embeddable":true,"href":"https:\/\/www.chiesedisicilia.org\/chiesedisicilia\/news\/wp-json\/wp\/v2\/is_homepage?post=18953"},{"taxonomy":"ta_other","embeddable":true,"href":"https:\/\/www.chiesedisicilia.org\/chiesedisicilia\/news\/wp-json\/wp\/v2\/ta_other?post=18953"}],"curies":[{"name":"wp","href":"https:\/\/api.w.org\/{rel}","templated":true}]}}