{"id":18933,"date":"2024-11-05T09:18:09","date_gmt":"2024-11-05T08:18:09","guid":{"rendered":"http:\/\/euwps05.newsmemory.com\/chiesedisicilia\/news\/?p=18933"},"modified":"2024-11-05T09:20:16","modified_gmt":"2024-01-10T09:20:16","slug":"liberi-di-pensare-open-space-della-conoscenza-appuntamenti-allarchivio-storico","status":"publish","type":"post","link":"https:\/\/www.chiesedisicilia.org\/2024\/11\/05\/liberi-di-pensare-open-space-della-conoscenza-appuntamenti-allarchivio-storico\/","title":{"rendered":"&#8220;LIBERI DI PENSARE \u2013 OPEN SPACE DELLA CONOSCENZA&#8221;: APPUNTAMENTI ALL&#8217;ARCHIVIO STORICO"},"content":{"rendered":"<p>Per il secondo anno consecutivo la Diocesi di Acireale, in collaborazione con la Fondazione Maria Barbagallo ed il Museo Diocesano, organizza il ciclo di incontri culturali <strong>\u201cLiberi di pensare\u201d \u2013 open space della conoscenza<\/strong>, che si propone di raccogliere e trasmettere esperienze condivise che raccontano la fede nella poesia, nell\u2019arte, nelle scienze, nella musica e nell\u2019attualit\u00e0.<\/p>\n<p>Sette gli appuntamenti che, con cadenza mensile, occuperanno la sala conferenze dell\u2019Archivio Storico Diocesano e che vedranno interessati i principali aspetti della nostra societ\u00e0.<\/p>\n<p>Il primo degli appuntamenti proposti, gioved\u00ec 7 novembre, vedr\u00e0 come relatore Don Fortunato Di Noto, sacerdote e scrittore italiano, fondatore dell\u2019Associazione Meter per la lotta contro la pedofilia e la tutela dell\u2019infanzia in Italia e nel mondo. Con lui si dibatter\u00e0 di devianza giovanile, cyberbullismo e baby gang. Moderer\u00e0 l\u2019incontro, dal tema<em> \u201cCyberdevianza e CriminiDigitali: prospettive e sfide per il futuro\u201d<\/em>, don Arturo Grasso, direttore dell\u2019ufficio comunicazioni sociali della diocesi e della CESi.<\/p>\n<p>A porgere i saluti iniziali don Antonio Agostini, responsabile del progetto culturale. Chiuder\u00e0 ogni incontro la riflessione di mons. Antonino Raspanti, vescovo di Acireale.<\/p>\n<p>\u201c<em>Liberi di pensare nasce dalla voglia di condividere esperienze. Ognuno di noi<\/em> &#8211; dice\u00a0don Antonio Agostini, curatore della manifestazione &#8211; <em>nasce con una determinata passione che coltiva durante la propria vita, un desiderio di conoscere meglio qualcosa. Desiderio d\u00e0 l\u2019idea di qualcosa di infinito, non a caso la radice della parola ha a che fare con le stelle, \u201csideris\u201d, e quindi nel sogno \u00e8 intrinseco il desiderio di voler andare oltre quelli che sono i confini reali, che ci stanno attorno<\/em>\u201d. E aggiunge: \u201c<em>Fin da piccoli l\u2019esperienza aiuta a crescere e solo la somma delle esperienze permette di orientarsi bene nella vita, quindi Liberi di pensare si propone come uno spazio quasi familiare in cui ci si racconta per ci\u00f2 che si \u00e8 e per trasmettere agli altri la propria passione. Questo \u00e8 sicuramente un arricchimento che la Diocesi vuole proporre e che mira alla maggiore sensibilizzazione sui temi forti che forgiano il nostro presente<\/em>\u201d.<\/p>\n","protected":false},"excerpt":{"rendered":"","protected":false},"author":4,"featured_media":18932,"comment_status":"closed","ping_status":"closed","sticky":false,"template":"","format":"standard","meta":[],"categories":[30],"tags":[],"news-destination":[],"news-source":[],"is_homepage":[],"ta_other":[],"_links":{"self":[{"href":"https:\/\/www.chiesedisicilia.org\/chiesedisicilia\/news\/wp-json\/wp\/v2\/posts\/18933"}],"collection":[{"href":"https:\/\/www.chiesedisicilia.org\/chiesedisicilia\/news\/wp-json\/wp\/v2\/posts"}],"about":[{"href":"https:\/\/www.chiesedisicilia.org\/chiesedisicilia\/news\/wp-json\/wp\/v2\/types\/post"}],"author":[{"embeddable":true,"href":"https:\/\/www.chiesedisicilia.org\/chiesedisicilia\/news\/wp-json\/wp\/v2\/users\/4"}],"replies":[{"embeddable":true,"href":"https:\/\/www.chiesedisicilia.org\/chiesedisicilia\/news\/wp-json\/wp\/v2\/comments?post=18933"}],"version-history":[{"count":1,"href":"https:\/\/www.chiesedisicilia.org\/chiesedisicilia\/news\/wp-json\/wp\/v2\/posts\/18933\/revisions"}],"predecessor-version":[{"id":18934,"href":"https:\/\/www.chiesedisicilia.org\/chiesedisicilia\/news\/wp-json\/wp\/v2\/posts\/18933\/revisions\/18934"}],"wp:featuredmedia":[{"embeddable":true,"href":"https:\/\/www.chiesedisicilia.org\/chiesedisicilia\/news\/wp-json\/wp\/v2\/media\/18932"}],"wp:attachment":[{"href":"https:\/\/www.chiesedisicilia.org\/chiesedisicilia\/news\/wp-json\/wp\/v2\/media?parent=18933"}],"wp:term":[{"taxonomy":"category","embeddable":true,"href":"https:\/\/www.chiesedisicilia.org\/chiesedisicilia\/news\/wp-json\/wp\/v2\/categories?post=18933"},{"taxonomy":"post_tag","embeddable":true,"href":"https:\/\/www.chiesedisicilia.org\/chiesedisicilia\/news\/wp-json\/wp\/v2\/tags?post=18933"},{"taxonomy":"news-destination","embeddable":true,"href":"https:\/\/www.chiesedisicilia.org\/chiesedisicilia\/news\/wp-json\/wp\/v2\/news-destination?post=18933"},{"taxonomy":"news-source","embeddable":true,"href":"https:\/\/www.chiesedisicilia.org\/chiesedisicilia\/news\/wp-json\/wp\/v2\/news-source?post=18933"},{"taxonomy":"is_homepage","embeddable":true,"href":"https:\/\/www.chiesedisicilia.org\/chiesedisicilia\/news\/wp-json\/wp\/v2\/is_homepage?post=18933"},{"taxonomy":"ta_other","embeddable":true,"href":"https:\/\/www.chiesedisicilia.org\/chiesedisicilia\/news\/wp-json\/wp\/v2\/ta_other?post=18933"}],"curies":[{"name":"wp","href":"https:\/\/api.w.org\/{rel}","templated":true}]}}