{"id":1893,"date":"2018-04-10T10:16:00","date_gmt":"2018-04-10T08:16:00","guid":{"rendered":"http:\/\/wptestsite.tecnavia.com\/chiesedisicilia_clientsite\/news\/2018\/04\/10\/caltanissetta-costruiamo-il-lavoro-il-diritto-di-rimanere-nella-propria-terra\/"},"modified":"2018-11-09T11:00:49","modified_gmt":"2018-01-13T11:00:49","slug":"caltanissetta-costruiamo-il-lavoro-il-diritto-di-rimanere-nella-propria-terra","status":"publish","type":"post","link":"https:\/\/www.chiesedisicilia.org\/2018\/04\/10\/caltanissetta-costruiamo-il-lavoro-il-diritto-di-rimanere-nella-propria-terra\/","title":{"rendered":"CALTANISSETTA. &#8220;COSTRUIAMO IL LAVORO. IL DIRITTO DI RIMANERE NELLA PROPRIA TERRA&#8221;"},"content":{"rendered":"<div><span style=\"font-size:12.0pt;font-family:\"Times New Roman\",\"serif\"\"><span style=\"font-size: medium;\"><span style=\"font-family: \"Times New Roman\";\">Il 12 e 13 aprile 2018, gioved\u00ec e venerd\u00ec, si svolger\u00e0 il 2\u00b0 Meeting sul Lavoro, promosso dall\u2019Ufficio di Pastorale sociale e del Lavoro, dalla Consulta delle aggregazioni laicali e dalla Caritas diocesana. Il tema scelto per la riflessione \u00e8 &#8220;<i>Costruiamo il Lavoro. Il diritto di rimanere nella propria terra&#8221;<\/i>. L&#8217;appuntamento si inserisce all&#8217;interno del percorso attivato nell\u2019ottobre 2016 e rilanciato, dopo la Settimana Sociale di Cagliari, dai Consigli Pastorale e Presbiterale, che hanno confermato la volont\u00e0 della Diocesi di spendersi per una nuova cultura del lavoro che si concretizzi in azioni positive capaci di produrre opportunit\u00e0 di lavoro per i giovani del territorio.<\/span><\/span><o:p><\/o:p><\/span><\/div>\n<div><span style=\"font-size: medium;\"><span style=\"font-family: \"Times New Roman\";\">Il Meeting \u00e8 articolato in tre sessioni: gioved\u00ec e venerd\u00ec pomeriggio in seduta plenaria, nell\u2019Auditorium del Seminario vescovile, e venerd\u00ec mattina con un momento di formazione dedicato alla Pubblica amministrazione. Si parler\u00e0 di &#8220;<i>Qualit\u00e0 delle forniture e qualit\u00e0 del lavoro negli appalti e nei servizi pubblici&#8221;<\/i>, con dirigenti degli Assessorati regionali che coordinano la spesa pubblica e gli appalti (Maria Letizia Di Liberti, Salvatore Taormina e Danilo D\u2019Agliano dell\u2019ASP) che illustreranno le alternative che la legge prevede rispetto alle gare con il sistema del massimo ribasso, che toglie qualit\u00e0 ai servizi e precarizza il lavoro.<\/span><\/span><span style=\"font-size:12.0pt;font-family:\"Times New Roman\",\"serif\"\"><o:p><\/o:p><\/span><\/div>\n<div><span style=\"font-size: medium;\"><span style=\"font-family: \"Times New Roman\";\">Al centro dei lavori di gioved\u00ec 12 (inizio alle 16.00) la Tavola sul tema &#8220;<i>Costruiamo il lavoro: opportunit\u00e0 e criticit\u00e0 in Sicilia&#8221;<\/i>. Se ne discuteranno il docente universitario Giuseppe Notarstefano e Massimo Primavera, direttore Coldiretti e Tarcisio Sberna, Presidente di Confartigianato. Seguir\u00e0 un intervento dell\u2019Assessore regionale al lavoro e alle politiche sociali, Mariella Ippolito, a cui sar\u00e0 possibile porre delle domande e avanzare proposte. Al termine del <i>question-time<\/i> le conclusioni del vescovo, mons. Mario Russotto.<\/span><\/span><span style=\"font-size:12.0pt;font-family:\"Times New Roman\",\"serif\"\"><o:p><\/o:p><\/span><\/div>\n<div><span style=\"font-size: medium;\"><span style=\"font-family: \"Times New Roman\";\">Venerd\u00ec 13, sempre con inizio alle 16.00, un focus sulla proposta operativa delle Cooperative di comunit\u00e0, che possono rendere concreti i servizi sociali che le comunit\u00e0 parrocchiali individueranno, utilizzando una normativa e una serie di risorse che gi\u00e0 in altre regioni italiane funzionano efficacemente. Ne discuteranno Giovanni Teneggi (Presidente di Confcooperative di Reggio Emilia e referente nazionale per le Cooperative di comunit\u00e0) insieme a Stefano Spampinato (Confcooperative Caltanissetta ed Enna) e Stefano Parisi (Presidente regionale ACLI).<\/span><\/span><span style=\"font-size:12.0pt;font-family:\"Times New Roman\",\"serif\"\"><o:p><\/o:p><\/span><\/div>\n<div><span style=\"font-size: medium;\"><span style=\"font-family: \"Times New Roman\";\">Sar\u00e0 illustrato da Dario Ricottone (di Caritas diocesana) il bando-tipo che nell\u2019arco di pochi mesi consentir\u00e0 di realizzare alcuni progetti nel nostro territorio e attivare un circuito virtuoso che si aggiunger\u00e0 al microcredito che ha gi\u00e0 consentito in questi anni di costituire un centinaio di piccole imprese nel territorio diocesano.<\/span><\/span><span style=\"font-size:12.0pt;font-family:\"Times New Roman\",\"serif\"\"><o:p><\/o:p><\/span><\/div>\n<div><span style=\"font-size: medium;\"><span style=\"font-family: \"Times New Roman\";\">Alle 19.00 la S. Messa presieduta da Mons. Mario Russotto concluder\u00e0 la due giorni diocesana dedicata al lavoro. [01<\/span><\/span><\/div>\n","protected":false},"excerpt":{"rendered":"","protected":false},"author":1,"featured_media":0,"comment_status":"open","ping_status":"open","sticky":false,"template":"","format":"standard","meta":[],"categories":[30],"tags":[],"news-destination":[],"news-source":[],"is_homepage":[],"ta_other":[],"_links":{"self":[{"href":"https:\/\/www.chiesedisicilia.org\/chiesedisicilia\/news\/wp-json\/wp\/v2\/posts\/1893"}],"collection":[{"href":"https:\/\/www.chiesedisicilia.org\/chiesedisicilia\/news\/wp-json\/wp\/v2\/posts"}],"about":[{"href":"https:\/\/www.chiesedisicilia.org\/chiesedisicilia\/news\/wp-json\/wp\/v2\/types\/post"}],"author":[{"embeddable":true,"href":"https:\/\/www.chiesedisicilia.org\/chiesedisicilia\/news\/wp-json\/wp\/v2\/users\/1"}],"replies":[{"embeddable":true,"href":"https:\/\/www.chiesedisicilia.org\/chiesedisicilia\/news\/wp-json\/wp\/v2\/comments?post=1893"}],"version-history":[{"count":1,"href":"https:\/\/www.chiesedisicilia.org\/chiesedisicilia\/news\/wp-json\/wp\/v2\/posts\/1893\/revisions"}],"predecessor-version":[{"id":20385,"href":"https:\/\/www.chiesedisicilia.org\/chiesedisicilia\/news\/wp-json\/wp\/v2\/posts\/1893\/revisions\/20385"}],"wp:attachment":[{"href":"https:\/\/www.chiesedisicilia.org\/chiesedisicilia\/news\/wp-json\/wp\/v2\/media?parent=1893"}],"wp:term":[{"taxonomy":"category","embeddable":true,"href":"https:\/\/www.chiesedisicilia.org\/chiesedisicilia\/news\/wp-json\/wp\/v2\/categories?post=1893"},{"taxonomy":"post_tag","embeddable":true,"href":"https:\/\/www.chiesedisicilia.org\/chiesedisicilia\/news\/wp-json\/wp\/v2\/tags?post=1893"},{"taxonomy":"news-destination","embeddable":true,"href":"https:\/\/www.chiesedisicilia.org\/chiesedisicilia\/news\/wp-json\/wp\/v2\/news-destination?post=1893"},{"taxonomy":"news-source","embeddable":true,"href":"https:\/\/www.chiesedisicilia.org\/chiesedisicilia\/news\/wp-json\/wp\/v2\/news-source?post=1893"},{"taxonomy":"is_homepage","embeddable":true,"href":"https:\/\/www.chiesedisicilia.org\/chiesedisicilia\/news\/wp-json\/wp\/v2\/is_homepage?post=1893"},{"taxonomy":"ta_other","embeddable":true,"href":"https:\/\/www.chiesedisicilia.org\/chiesedisicilia\/news\/wp-json\/wp\/v2\/ta_other?post=1893"}],"curies":[{"name":"wp","href":"https:\/\/api.w.org\/{rel}","templated":true}]}}