{"id":1890,"date":"2018-03-28T10:53:00","date_gmt":"2018-03-28T08:53:00","guid":{"rendered":"http:\/\/wptestsite.tecnavia.com\/chiesedisicilia_clientsite\/news\/2018\/03\/28\/caltanissetta-la-mafia-ha-capito-che-bisogna-uccidere-le-coscienze\/"},"modified":"2018-11-09T11:00:49","modified_gmt":"2018-01-13T11:00:49","slug":"caltanissetta-la-mafia-ha-capito-che-bisogna-uccidere-le-coscienze","status":"publish","type":"post","link":"https:\/\/www.chiesedisicilia.org\/2018\/03\/28\/caltanissetta-la-mafia-ha-capito-che-bisogna-uccidere-le-coscienze\/","title":{"rendered":"CALTANISSETTA. \u201cLA MAFIA HA CAPITO CHE BISOGNA UCCIDERE LE COSCIENZE\u201d"},"content":{"rendered":"<div><span style=\"font-size:12.0pt;font-family:\"Times New Roman\",\"serif\"\"><span style=\"font-size: medium;\"><span style=\"font-family: \"Times New Roman\";\">La Chiesa nissena \u00e8 impegnata a proporre la sua riflessione spirituale durante una Quaresima particolarmente dedicata, dal nostro Vescovo, all\u2019incontro con le diverse realt\u00e0 del territorio, con i precetti pasquali celebrati per tutte le scuole superiori, negli ospedali e nelle carceri, che hanno visto una partecipazione numerosa ed attenta non soltanto alla solennit\u00e0 liturgica ma anche ad un magistero che non rinuncia a sollecitare le coscienze dei nisseni, credenti e non, a difendere la dignit\u00e0 e la libert\u00e0 delle persone e delle comunit\u00e0 sociali, sempre pi\u00f9 anestetizzate da una deriva di passivit\u00e0 e di rassegnazione, su cui speculano i potenti di turno. <\/span><\/span><o:p><\/o:p><\/span><\/div>\n<div><span style=\"font-size: medium;\"><span style=\"font-family: \"Times New Roman\";\">Particolarmente significative le omelie pronunciate all\u2019Ospedale S. Elia e agli studenti nel giorno della memoria delle vittime della mafia, sintesi di un percorso di riflessione sulla libert\u00e0 delle coscienze come premessa di ogni civilt\u00e0 umana e di ogni societ\u00e0 civile, individuando esplicitamente i meccanismi di manipolazione che la insidiano e le passivit\u00e0 che spingono al conformismo opportunista e nuove forme di schiavit\u00f9 nei confronti del potere.<\/span><\/span><span style=\"font-size:12.0pt;font-family:\"Times New Roman\",\"serif\"\"><o:p><\/o:p><\/span><\/div>\n<div><span style=\"font-size: medium;\"><span style=\"font-family: \"Times New Roman\";\">\u00abNoi viviamo, in Sicilia in modo particolare, ha sostenuto il Vescovo al S. Elia, sotto questo regime di intimidazione e sotto questo regime di grande paura; e questo regime genera non uomini e donne liberi, non coscienze critiche, non voci capaci di farsi sentire, ma genera delle persone piatte, grigie, tiepide, che preferiscono abdicare dalla loro dignit\u00e0 e dalla loro coscienza piuttosto che perdere l\u2019eventuale possibilit\u00e0 di scalare un gradino, seppur di un centimetro, pi\u00f9 alto, nella propria carriera.<\/span><\/span><span style=\"font-size:12.0pt;font-family:\"Times New Roman\",\"serif\"\"><o:p><\/o:p><\/span><\/div>\n<div><span style=\"font-size: medium;\"><span style=\"font-family: \"Times New Roman\";\">\u00c8 triste constatare che ci muoviamo in una palude, in una palude di mediocri e di tiepidi. \u00c8 triste constatare che anche le pi\u00f9 alte strutture di servizio sono invece jungle di potere, come pu\u00f2 essere, per esempio, un\u2019azienda sanitaria o un Ospedale, come pu\u00f2 essere un Consiglio Comunale, dove si dovrebbe cercare l\u2019interesse dei cittadini.<\/span><\/span><span style=\"font-size:12.0pt;font-family:\"Times New Roman\",\"serif\"\"><o:p><\/o:p><\/span><\/div>\n<div><span style=\"font-size: medium;\"><span style=\"font-family: \"Times New Roman\";\">\u00c8 davvero segno della civilt\u00e0 del terzo millennio questo? Tutto questo crea e grida scandalo. Grida vendetta! Sar\u00e0 la vendetta dei poveri. <\/span><\/span><span style=\"font-size:12.0pt;font-family:\"Times New Roman\",\"serif\"\"><o:p><\/o:p><\/span><\/div>\n<div><span style=\"font-size: medium;\"><span style=\"font-family: \"Times New Roman\";\">Ma la rivoluzione che Ges\u00f9 ha portato \u00e8 che Dio, l\u2019onnipotente, \u00e8 morto per l\u2019uomo, sua creatura. Un Dio capovolto, Dio che muore per coloro che dovrebbero servirlo, Dio che muore per noi, che siamo gli ultimi, i reduci di una umanit\u00e0 la cui civilt\u00e0 va sempre pi\u00f9 scomparendo, mentre cresce la foresta dominata dai lupi.<\/span><\/span><span style=\"font-size:12.0pt;font-family:\"Times New Roman\",\"serif\"\"><o:p><\/o:p><\/span><\/div>\n<div><span style=\"font-size: medium;\"><span style=\"font-family: \"Times New Roman\";\">La lezione che Ges\u00f9 a Pasqua ci d\u00e0 \u00e8 quella di una rivoluzione silenziosa, che parte dal cuore di ciascuno: perch\u00e9 Dio \u00e8 in lacrime finch\u00e9 anche una sola persona non ha ritrovato la sua dignit\u00e0, la sua libert\u00e0, finch\u00e9 una sola persona vive ancora in un regime di animalit\u00e0 e non di umanit\u00e0.\u201d<\/span><\/span><span style=\"font-size:12.0pt;font-family:\"Times New Roman\",\"serif\"\"><o:p><\/o:p><\/span><\/div>\n<div><span style=\"font-size: medium;\"><span style=\"font-family: \"Times New Roman\";\">Non meno vibrante il discorso rivolto agli studenti nel giorno della memoria delle vittime delle mafie, nell\u2019omelia della Messa in Cattedrale.<\/span><\/span><span style=\"font-size:12.0pt;font-family:\"Times New Roman\",\"serif\"\"><o:p><\/o:p><\/span><\/div>\n<div><span style=\"font-size: medium;\"><span style=\"font-family: \"Times New Roman\";\">\u201cRicordatevi, per chi detiene il potere politico, economico, sociale, \u00e8 un grande fastidio trovare persone che pensano con la loro testa. Siamo in una societ\u00e0 che sempre pi\u00f9 violenta le coscienze, suscita bisogni inutili e cerca di creare una sorta di omologazione per un marchio che va bene a tutti.<\/span><\/span><span style=\"font-size:12.0pt;font-family:\"Times New Roman\",\"serif\"\"><o:p><\/o:p><\/span><\/div>\n<div><span style=\"font-size: medium;\"><span style=\"font-family: \"Times New Roman\";\">E le prime vittime di questa omologazione e di questo dominio del pensiero unico siete proprio voi giovani: voi che siete in un\u2019et\u00e0 della vita in cui vi ribellate ad ogni forma di istituzione, a partire dalla famiglia, dalla scuola, dalla Chiesa, perch\u00e9 volete essere liberi, perch\u00e9 volete essere autosufficienti, perch\u00e9 volete essere voi a compiere le scelte. Ma forse non vi accorgete che scegliete quello che altri hanno gi\u00e0 deciso per voi.<\/span><\/span><span style=\"font-size:12.0pt;font-family:\"Times New Roman\",\"serif\"\"><o:p><\/o:p><\/span><\/div>\n<div><span style=\"font-size: medium;\"><span style=\"font-family: \"Times New Roman\";\">E cos\u00ec i giovani che cercano libert\u00e0 sono i primi schiavi delle mode correnti e del pensiero unico.<\/span><\/span><span style=\"font-size:12.0pt;font-family:\"Times New Roman\",\"serif\"\"><o:p><\/o:p><\/span><\/div>\n<div><span style=\"font-size: medium;\"><span style=\"font-family: \"Times New Roman\";\">Le grandi rivoluzioni, nella storia dell\u2019umanit\u00e0, le hanno sempre fatte i giovani. I giovani che hanno coltivato nel cuore ideali alti, i giovani che hanno avuto il coraggio di ribellarsi a questa<b> <\/b>anestesia della coscienza, a questa droga del pensare chinando il capo ai potenti, giovani che hanno osato rifiutarsi di salire sul carro dei vincitori di turno. <\/span><\/span><span style=\"font-size:12.0pt;font-family:\"Times New Roman\",\"serif\"\"><o:p><\/o:p><\/span><\/div>\n<div><span style=\"font-size: medium;\"><span style=\"font-family: \"Times New Roman\";\">Quando, in seguito alle grandi stragi, a Palermo e in Sicilia continuava a trionfare la mafia, sono stati i giovani ad aprire gli occhi, grazie al grande, venerato Cardinale Pappalardo. Quando la prima volta il Cardinale Pappalardo disse ai giovani di Palermo di ribellarsi alla mafia, i giovani lo hanno fischiato! <\/span><\/span><span style=\"font-size:12.0pt;font-family:\"Times New Roman\",\"serif\"\"><o:p><\/o:p><\/span><\/div>\n<div><span style=\"font-size: medium;\"><span style=\"font-family: \"Times New Roman\";\">Ma quando, dopo l\u2019assassinio del generale Dalla Chiesa, dopo le stragi di Capaci e di via D\u2019Amelio, il Cardinale \u00e8 tornato a parlare ai giovani, solo i giovani hanno capito che bisognava rompere con questo sistema di corruzione, questo sistema criminale, ed \u00e8 cominciata la grande primavera di Palermo, con i giovani in testa.<\/span><\/span><span style=\"font-size:12.0pt;font-family:\"Times New Roman\",\"serif\"\"><o:p><\/o:p><\/span><\/div>\n<div><span style=\"font-size: medium;\"><span style=\"font-family: \"Times New Roman\";\">Oggi non ci sono grandi stragi, non ci sono assassini eccellenti, perch\u00e9 la mafia ha capito che bisogna uccidere le coscienze, che bisogna corrompere i giovani e tenerli al traino, illudendoli di essere davvero furbi.<\/span><\/span><span style=\"font-size:12.0pt;font-family:\"Times New Roman\",\"serif\"\"><o:p><\/o:p><\/span><\/div>\n<div><span style=\"font-size: medium;\"><span style=\"font-family: \"Times New Roman\";\">Carissimi giovani, non vendete la vostra coscienza, non abdicate dalla vostra libert\u00e0 e non mettete sul mercato la vostra dignit\u00e0, perch\u00e9 diversamente tradirete voi stessi, sarete come Giuda, che per una manciata di soldi, per trenta denari, ha svenduto Dio e se stesso, e una sola strada ha trovato nell\u2019assurdo della sua esistenza: il suicidio.<\/span><\/span><span style=\"font-size:12.0pt;font-family:\"Times New Roman\",\"serif\"\"><o:p><\/o:p><\/span><\/div>\n<div><span style=\"font-size: medium;\"><span style=\"font-family: \"Times New Roman\";\">Voi non siete dei Giuda, ma dovete tirar fuori il meglio di voi stessi. siete una bella carovana: abbiate il coraggio di confrontarvi su idee grandi. Abbiate il coraggio di sognare: e se sogniamo insieme il sogno diventer\u00e0 realt\u00e0\u00bb.<\/span><\/span><\/div>\n<div>\u00a0<\/div>\n<div style=\"text-align: right;\"><span style=\"font-size: medium;\"><span style=\"font-family: \"Times New Roman\";\">Ufficio per le Comunicazioni Sociali<\/span><\/span><\/div>\n<div style=\"text-align: right;\"><span style=\"font-size: medium;\"><span style=\"font-family: \"Times New Roman\";\">Diocesi di Caltanissetta<\/span><\/span><\/div>\n","protected":false},"excerpt":{"rendered":"","protected":false},"author":1,"featured_media":0,"comment_status":"open","ping_status":"open","sticky":false,"template":"","format":"standard","meta":[],"categories":[30],"tags":[],"news-destination":[],"news-source":[],"is_homepage":[],"ta_other":[],"_links":{"self":[{"href":"https:\/\/www.chiesedisicilia.org\/chiesedisicilia\/news\/wp-json\/wp\/v2\/posts\/1890"}],"collection":[{"href":"https:\/\/www.chiesedisicilia.org\/chiesedisicilia\/news\/wp-json\/wp\/v2\/posts"}],"about":[{"href":"https:\/\/www.chiesedisicilia.org\/chiesedisicilia\/news\/wp-json\/wp\/v2\/types\/post"}],"author":[{"embeddable":true,"href":"https:\/\/www.chiesedisicilia.org\/chiesedisicilia\/news\/wp-json\/wp\/v2\/users\/1"}],"replies":[{"embeddable":true,"href":"https:\/\/www.chiesedisicilia.org\/chiesedisicilia\/news\/wp-json\/wp\/v2\/comments?post=1890"}],"version-history":[{"count":1,"href":"https:\/\/www.chiesedisicilia.org\/chiesedisicilia\/news\/wp-json\/wp\/v2\/posts\/1890\/revisions"}],"predecessor-version":[{"id":20382,"href":"https:\/\/www.chiesedisicilia.org\/chiesedisicilia\/news\/wp-json\/wp\/v2\/posts\/1890\/revisions\/20382"}],"wp:attachment":[{"href":"https:\/\/www.chiesedisicilia.org\/chiesedisicilia\/news\/wp-json\/wp\/v2\/media?parent=1890"}],"wp:term":[{"taxonomy":"category","embeddable":true,"href":"https:\/\/www.chiesedisicilia.org\/chiesedisicilia\/news\/wp-json\/wp\/v2\/categories?post=1890"},{"taxonomy":"post_tag","embeddable":true,"href":"https:\/\/www.chiesedisicilia.org\/chiesedisicilia\/news\/wp-json\/wp\/v2\/tags?post=1890"},{"taxonomy":"news-destination","embeddable":true,"href":"https:\/\/www.chiesedisicilia.org\/chiesedisicilia\/news\/wp-json\/wp\/v2\/news-destination?post=1890"},{"taxonomy":"news-source","embeddable":true,"href":"https:\/\/www.chiesedisicilia.org\/chiesedisicilia\/news\/wp-json\/wp\/v2\/news-source?post=1890"},{"taxonomy":"is_homepage","embeddable":true,"href":"https:\/\/www.chiesedisicilia.org\/chiesedisicilia\/news\/wp-json\/wp\/v2\/is_homepage?post=1890"},{"taxonomy":"ta_other","embeddable":true,"href":"https:\/\/www.chiesedisicilia.org\/chiesedisicilia\/news\/wp-json\/wp\/v2\/ta_other?post=1890"}],"curies":[{"name":"wp","href":"https:\/\/api.w.org\/{rel}","templated":true}]}}