{"id":18884,"date":"2024-10-23T12:55:10","date_gmt":"2024-10-23T10:55:10","guid":{"rendered":"http:\/\/euwps05.newsmemory.com\/chiesedisicilia\/news\/?p=18884"},"modified":"2024-10-23T12:57:44","modified_gmt":"2023-12-28T12:57:44","slug":"la-lettera-del-papa-ai-parroci-il-calendario-degli-incontri-la-giornata-sacerdotale-mariana-la-cps-al-lavoro-a-caltanissetta","status":"publish","type":"post","link":"https:\/\/www.chiesedisicilia.org\/2024\/10\/23\/la-lettera-del-papa-ai-parroci-il-calendario-degli-incontri-la-giornata-sacerdotale-mariana-la-cps-al-lavoro-a-caltanissetta\/","title":{"rendered":"LA LETTERA DEL PAPA AI PARROCI, IL CALENDARIO DEGLI INCONTRI, LA GIORNATA SACERDOTALE MARIANA: LA CPS AL LAVORO A CALTANISSETTA"},"content":{"rendered":"<p>La lettera del Santo Padre Francesco ai parroci \u00e8 stata al centro dell&#8217;incontro della Commissione Presbiterale Siciliana che \u00e8 tornata a riunirsi oggi presso il seminario vescovile di Caltanissetta.<\/p>\n<p>A curare la riflessione intorno al documento \u00e8 stato don Salvatore Depasquale, membro della CPS e vicario generale di Caltagirone, il quale ha analizzato i tre punti proposti dal Papa alla riflessione presbiterale: il vivere lo specifico carisma ministeriale al servizio di quanto<img alt=\"LA LETTERA DEL PAPA AI PARROCI, IL CALENDARIO DEGLI INCONTRI, LA GIORNATA SACERDOTALE MARIANA: LA CPS AL LAVORO A CALTANISSETTA\" title=\"LA LETTERA DEL PAPA AI PARROCI, IL CALENDARIO DEGLI INCONTRI, LA GIORNATA SACERDOTALE MARIANA: LA CPS AL LAVORO A CALTANISSETTA\" loading=\"lazy\" class=\"size-medium wp-image-18881 alignleft\" src=\"https:\/\/www.chiesedisicilia.org\/chiesedisicilia\/news\/wp-content\/uploads\/sites\/2\/2024\/10\/IMG-20241023-WA0000.jpg\" alt=\"\" width=\"225\" height=\"300\" srcset=\"https:\/\/euwps05.newsmemory.com\/chiesedisicilia\/news\/wp-content\/uploads\/sites\/2\/2024\/10\/IMG-20241023-WA0000.jpg 1200w, https:\/\/euwps05.newsmemory.com\/chiesedisicilia\/news\/wp-content\/uploads\/sites\/2\/2024\/10\/IMG-20241023-WA0000-225x300.jpg 225w, https:\/\/euwps05.newsmemory.com\/chiesedisicilia\/news\/wp-content\/uploads\/sites\/2\/2024\/10\/IMG-20241023-WA0000-768x1024.jpg 768w, https:\/\/euwps05.newsmemory.com\/chiesedisicilia\/news\/wp-content\/uploads\/sites\/2\/2024\/10\/IMG-20241023-WA0000-1152x1536.jpg 1152w, https:\/\/euwps05.newsmemory.com\/chiesedisicilia\/news\/wp-content\/uploads\/sites\/2\/2024\/10\/IMG-20241023-WA0000-750x1000.jpg 750w\" sizes=\"(max-width: 225px) 100vw, 225px\" \/> disseminato dallo Spirito nel Popolo di Dio; l&#8217;attenzione per l\u2019arte del discernimento comunitario attraverso anche il metodo della \u201cconversazione nello Spirito\u201d; la necessit\u00e0 della condivisione e la fraternit\u00e0 fra gli stessi parroci tutti e con i vescovi. Proprio su quest&#8217;ultimo punto si \u00e8 riflettuto e dibattuto.<\/p>\n<p><img alt=\"LA LETTERA DEL PAPA AI PARROCI, IL CALENDARIO DEGLI INCONTRI, LA GIORNATA SACERDOTALE MARIANA: LA CPS AL LAVORO A CALTANISSETTA\" title=\"LA LETTERA DEL PAPA AI PARROCI, IL CALENDARIO DEGLI INCONTRI, LA GIORNATA SACERDOTALE MARIANA: LA CPS AL LAVORO A CALTANISSETTA\" loading=\"lazy\" class=\"size-medium wp-image-18882 alignright\" src=\"https:\/\/www.chiesedisicilia.org\/chiesedisicilia\/news\/wp-content\/uploads\/sites\/2\/2024\/10\/IMG-20241023-WA0002.jpg\" alt=\"\" width=\"225\" height=\"300\" srcset=\"https:\/\/euwps05.newsmemory.com\/chiesedisicilia\/news\/wp-content\/uploads\/sites\/2\/2024\/10\/IMG-20241023-WA0002.jpg 1200w, https:\/\/euwps05.newsmemory.com\/chiesedisicilia\/news\/wp-content\/uploads\/sites\/2\/2024\/10\/IMG-20241023-WA0002-225x300.jpg 225w, https:\/\/euwps05.newsmemory.com\/chiesedisicilia\/news\/wp-content\/uploads\/sites\/2\/2024\/10\/IMG-20241023-WA0002-768x1024.jpg 768w, https:\/\/euwps05.newsmemory.com\/chiesedisicilia\/news\/wp-content\/uploads\/sites\/2\/2024\/10\/IMG-20241023-WA0002-1152x1536.jpg 1152w, https:\/\/euwps05.newsmemory.com\/chiesedisicilia\/news\/wp-content\/uploads\/sites\/2\/2024\/10\/IMG-20241023-WA0002-750x1000.jpg 750w\" sizes=\"(max-width: 225px) 100vw, 225px\" \/>Insieme con il delegato, mons. Guglielmo Giombanco, vescovo di Patti, e sotto la direzione del direttore don Paolo La Terra, la Commissione ha, poi, provveduto a stilare il calendario degli incontri che si terranno quest&#8217;anno e ha individuato i temi e i relatori per ciascun incontro.<\/p>\n<p style=\"text-align: left\">Sono stati, infine, discussi i primi dettagli della Giornata sacerdotale regionale mariana che si terr\u00e0 in primavera a Ragusa.<\/p>\n<p><img alt=\"LA LETTERA DEL PAPA AI PARROCI, IL CALENDARIO DEGLI INCONTRI, LA GIORNATA SACERDOTALE MARIANA: LA CPS AL LAVORO A CALTANISSETTA\" title=\"LA LETTERA DEL PAPA AI PARROCI, IL CALENDARIO DEGLI INCONTRI, LA GIORNATA SACERDOTALE MARIANA: LA CPS AL LAVORO A CALTANISSETTA\" loading=\"lazy\" class=\"size-medium wp-image-18883 alignleft\" src=\"https:\/\/www.chiesedisicilia.org\/chiesedisicilia\/news\/wp-content\/uploads\/sites\/2\/2024\/10\/IMG-20241023-WA0001.jpg\" alt=\"\" width=\"300\" height=\"113\" srcset=\"https:\/\/euwps05.newsmemory.com\/chiesedisicilia\/news\/wp-content\/uploads\/sites\/2\/2024\/10\/IMG-20241023-WA0001.jpg 1600w, https:\/\/euwps05.newsmemory.com\/chiesedisicilia\/news\/wp-content\/uploads\/sites\/2\/2024\/10\/IMG-20241023-WA0001-300x113.jpg 300w, https:\/\/euwps05.newsmemory.com\/chiesedisicilia\/news\/wp-content\/uploads\/sites\/2\/2024\/10\/IMG-20241023-WA0001-1024x387.jpg 1024w, https:\/\/euwps05.newsmemory.com\/chiesedisicilia\/news\/wp-content\/uploads\/sites\/2\/2024\/10\/IMG-20241023-WA0001-768x290.jpg 768w, https:\/\/euwps05.newsmemory.com\/chiesedisicilia\/news\/wp-content\/uploads\/sites\/2\/2024\/10\/IMG-20241023-WA0001-1536x580.jpg 1536w, https:\/\/euwps05.newsmemory.com\/chiesedisicilia\/news\/wp-content\/uploads\/sites\/2\/2024\/10\/IMG-20241023-WA0001-750x283.jpg 750w\" sizes=\"(max-width: 300px) 100vw, 300px\" \/><\/p>\n","protected":false},"excerpt":{"rendered":"","protected":false},"author":4,"featured_media":18880,"comment_status":"closed","ping_status":"closed","sticky":false,"template":"","format":"standard","meta":[],"categories":[7],"tags":[],"news-destination":[],"news-source":[],"is_homepage":[],"ta_other":[],"_links":{"self":[{"href":"https:\/\/www.chiesedisicilia.org\/chiesedisicilia\/news\/wp-json\/wp\/v2\/posts\/18884"}],"collection":[{"href":"https:\/\/www.chiesedisicilia.org\/chiesedisicilia\/news\/wp-json\/wp\/v2\/posts"}],"about":[{"href":"https:\/\/www.chiesedisicilia.org\/chiesedisicilia\/news\/wp-json\/wp\/v2\/types\/post"}],"author":[{"embeddable":true,"href":"https:\/\/www.chiesedisicilia.org\/chiesedisicilia\/news\/wp-json\/wp\/v2\/users\/4"}],"replies":[{"embeddable":true,"href":"https:\/\/www.chiesedisicilia.org\/chiesedisicilia\/news\/wp-json\/wp\/v2\/comments?post=18884"}],"version-history":[{"count":2,"href":"https:\/\/www.chiesedisicilia.org\/chiesedisicilia\/news\/wp-json\/wp\/v2\/posts\/18884\/revisions"}],"predecessor-version":[{"id":24216,"href":"https:\/\/www.chiesedisicilia.org\/chiesedisicilia\/news\/wp-json\/wp\/v2\/posts\/18884\/revisions\/24216"}],"wp:featuredmedia":[{"embeddable":true,"href":"https:\/\/www.chiesedisicilia.org\/chiesedisicilia\/news\/wp-json\/wp\/v2\/media\/18880"}],"wp:attachment":[{"href":"https:\/\/www.chiesedisicilia.org\/chiesedisicilia\/news\/wp-json\/wp\/v2\/media?parent=18884"}],"wp:term":[{"taxonomy":"category","embeddable":true,"href":"https:\/\/www.chiesedisicilia.org\/chiesedisicilia\/news\/wp-json\/wp\/v2\/categories?post=18884"},{"taxonomy":"post_tag","embeddable":true,"href":"https:\/\/www.chiesedisicilia.org\/chiesedisicilia\/news\/wp-json\/wp\/v2\/tags?post=18884"},{"taxonomy":"news-destination","embeddable":true,"href":"https:\/\/www.chiesedisicilia.org\/chiesedisicilia\/news\/wp-json\/wp\/v2\/news-destination?post=18884"},{"taxonomy":"news-source","embeddable":true,"href":"https:\/\/www.chiesedisicilia.org\/chiesedisicilia\/news\/wp-json\/wp\/v2\/news-source?post=18884"},{"taxonomy":"is_homepage","embeddable":true,"href":"https:\/\/www.chiesedisicilia.org\/chiesedisicilia\/news\/wp-json\/wp\/v2\/is_homepage?post=18884"},{"taxonomy":"ta_other","embeddable":true,"href":"https:\/\/www.chiesedisicilia.org\/chiesedisicilia\/news\/wp-json\/wp\/v2\/ta_other?post=18884"}],"curies":[{"name":"wp","href":"https:\/\/api.w.org\/{rel}","templated":true}]}}