{"id":18858,"date":"2024-10-19T12:23:57","date_gmt":"2024-10-19T10:23:57","guid":{"rendered":"http:\/\/euwps06.newsmemory.com\/chiesedisicilia\/news\/?p=18858"},"modified":"2024-10-21T19:11:29","modified_gmt":"2023-12-26T19:11:29","slug":"intesa-tra-cesi-e-regione-siciliana-nasce-un-gruppo-di-lavoro-per-le-attivita-degli-oratori-nelle-diocesi","status":"publish","type":"post","link":"https:\/\/www.chiesedisicilia.org\/2024\/10\/19\/intesa-tra-cesi-e-regione-siciliana-nasce-un-gruppo-di-lavoro-per-le-attivita-degli-oratori-nelle-diocesi\/","title":{"rendered":"INTESA TRA CESI E REGIONE SICILIANA: NASCE UN GRUPPO DI LAVORO PER LE ATTIVIT\u00c0 DEGLI ORATORI NELLE DIOCESI"},"content":{"rendered":"<p>La Regione Siciliana e la Conferenza episcopale siciliana istituiscono un gruppo di lavoro che si occuper\u00e0 degli oratori che insistono nelle diocesi siciliano. A dare impulso al provvedimento, il riconoscimento del ruolo educativo, formativo, aggregativo e sociale che le strutture oratoriali e quelle similari svolgono nella comunit\u00e0 locale. In particolare agli oratori viene riconosciuta la capacit\u00e0 di \u201c<em>perseguire, prevenire, eliminare o ridurre situazioni di bisogno e di esclusione individuale e familiare, favorendo la promozione, l\u2019integrazione, l\u2019interculturalit\u00e0, lo sviluppo e la crescita armonica dei ragazzi, degli adolescenti e dei minori<\/em>\u201d attraverso attivit\u00e0 svolte in \u201c<em>stretto rapporto con le famiglie dei giovani<\/em>\u201d.<\/p>\n<p>A firmare, ieri, il protocollo per parte della Regione Sicilia \u00e8 l\u2019<strong>Assessorato regionale della Famiglia, delle Politiche Sociali e del Lavoro nella persona dell&#8217;on. Nunzia Albano<\/strong>. Per la Conferenza episcopale siciliana a siglare il documento \u00e8 stato mons. Antonino Raspanti, presidente della Cesi, che garantir\u00e0 la collaborazione \u201c<em>anche attraverso il coinvolgimento di realt\u00e0 associative espressione della sussidiariet\u00e0 orizzontale<\/em>\u201d impegnate \u201c<em>nel perseguimento dell\u2019interesse pubblico<\/em>\u201d, quindi associazioni, fondazioni ed altri enti del terzo settore.<\/p>\n<p>A realizzare questo \u201c<em>sistema di condivisione integrato, in forma sinergica e coerente<\/em>&#8221; sar\u00e0, quindi, &#8220;<em>una rete tra tutti i soggetti pubblici e privati, idonei e autorizzati, sotto la vigilanza della Regione e nel rispetto delle regole e dei ruoli istituzionali<\/em>\u201d.<\/p>\n<p>Il gruppo sar\u00e0 formato da sei membri, tre per parte, e si avvarr\u00e0 dell&#8217;apporto di professionisti esperti e qualificati. Le modalit\u00e0 di funzionamento e convocazione saranno determinate dallo stesso gruppo di lavoro all\u2019atto dell\u2019insediamento; le funzioni di segreteria sono affidate agli uffici della CESi.<\/p>\n<p>Gli ambiti dei quali si occuper\u00e0 sono cos\u00ec elencati nel testo del protocollo:<\/p>\n<ul>\n<li>studiare e approfondire le tematiche relative alle attivit\u00e0 dell\u2019Oratorio o di attivit\u00e0 similari;<\/li>\n<li>suggerire le linee di programmazione regionale degli interventi nelle aree dei minori, degli adolescenti e dei giovani;<\/li>\n<li>preparare e redigere atti e provvedimenti recanti disposizioni a sostegno della funzione degli Oratori e delle strutture socio-educative;<\/li>\n<li>individuare una progettazione volta alla formazione dei giovani e alla realizzazione di attivit\u00e0 di natura sociale, culturale e sportiva.<\/li>\n<\/ul>\n<p>Il protocollo \u00e8 stato siglato \u201c<em>sulla base di principi di sussidiariet\u00e0, cooperazione, partecipazione concorso per la costituzione di un sistema integrato a favore dell\u2019area giovanile, in conformit\u00e0 alla legislazione nazionale e regionale<\/em>\u201d. Avr\u00e0 validit\u00e0 di tre anni ma potr\u00e0 essere rinnovato per uguale periodo.<\/p>\n","protected":false},"excerpt":{"rendered":"","protected":false},"author":4,"featured_media":18857,"comment_status":"closed","ping_status":"closed","sticky":false,"template":"","format":"standard","meta":[],"categories":[25],"tags":[],"news-destination":[],"news-source":[],"is_homepage":[],"ta_other":[],"_links":{"self":[{"href":"https:\/\/www.chiesedisicilia.org\/chiesedisicilia\/news\/wp-json\/wp\/v2\/posts\/18858"}],"collection":[{"href":"https:\/\/www.chiesedisicilia.org\/chiesedisicilia\/news\/wp-json\/wp\/v2\/posts"}],"about":[{"href":"https:\/\/www.chiesedisicilia.org\/chiesedisicilia\/news\/wp-json\/wp\/v2\/types\/post"}],"author":[{"embeddable":true,"href":"https:\/\/www.chiesedisicilia.org\/chiesedisicilia\/news\/wp-json\/wp\/v2\/users\/4"}],"replies":[{"embeddable":true,"href":"https:\/\/www.chiesedisicilia.org\/chiesedisicilia\/news\/wp-json\/wp\/v2\/comments?post=18858"}],"version-history":[{"count":1,"href":"https:\/\/www.chiesedisicilia.org\/chiesedisicilia\/news\/wp-json\/wp\/v2\/posts\/18858\/revisions"}],"predecessor-version":[{"id":18859,"href":"https:\/\/www.chiesedisicilia.org\/chiesedisicilia\/news\/wp-json\/wp\/v2\/posts\/18858\/revisions\/18859"}],"wp:featuredmedia":[{"embeddable":true,"href":"https:\/\/www.chiesedisicilia.org\/chiesedisicilia\/news\/wp-json\/wp\/v2\/media\/18857"}],"wp:attachment":[{"href":"https:\/\/www.chiesedisicilia.org\/chiesedisicilia\/news\/wp-json\/wp\/v2\/media?parent=18858"}],"wp:term":[{"taxonomy":"category","embeddable":true,"href":"https:\/\/www.chiesedisicilia.org\/chiesedisicilia\/news\/wp-json\/wp\/v2\/categories?post=18858"},{"taxonomy":"post_tag","embeddable":true,"href":"https:\/\/www.chiesedisicilia.org\/chiesedisicilia\/news\/wp-json\/wp\/v2\/tags?post=18858"},{"taxonomy":"news-destination","embeddable":true,"href":"https:\/\/www.chiesedisicilia.org\/chiesedisicilia\/news\/wp-json\/wp\/v2\/news-destination?post=18858"},{"taxonomy":"news-source","embeddable":true,"href":"https:\/\/www.chiesedisicilia.org\/chiesedisicilia\/news\/wp-json\/wp\/v2\/news-source?post=18858"},{"taxonomy":"is_homepage","embeddable":true,"href":"https:\/\/www.chiesedisicilia.org\/chiesedisicilia\/news\/wp-json\/wp\/v2\/is_homepage?post=18858"},{"taxonomy":"ta_other","embeddable":true,"href":"https:\/\/www.chiesedisicilia.org\/chiesedisicilia\/news\/wp-json\/wp\/v2\/ta_other?post=18858"}],"curies":[{"name":"wp","href":"https:\/\/api.w.org\/{rel}","templated":true}]}}