{"id":18834,"date":"2024-10-11T10:42:22","date_gmt":"2024-10-11T08:42:22","guid":{"rendered":"http:\/\/euwps06.newsmemory.com\/chiesedisicilia\/news\/?p=18834"},"modified":"2024-10-14T10:47:33","modified_gmt":"2023-12-19T10:47:33","slug":"tutti-in-cattedrale-per-lavvio-del-nuovo-anno-pastorale","status":"publish","type":"post","link":"https:\/\/www.chiesedisicilia.org\/2024\/10\/11\/tutti-in-cattedrale-per-lavvio-del-nuovo-anno-pastorale\/","title":{"rendered":"TUTTI IN CATTEDRALE PER L&#8217;AVVIO DEL NUOVO ANNO PASTORALE"},"content":{"rendered":"<p>Il vescovo di Cefal\u00f9 mons. Giuseppe Marciante ha convocato per sabato 12 ottobre tutta la comunit\u00e0 diocesana per l&#8217;avvio del nuovo anno pastorale, un anno che sar\u00e0 improntato su due momenti ecclesiali importanti per tutta la comunit\u00e0. In primo luogo la fase conclusiva del XII Sinodo Diocesano che dal 2020 vede la Chiesa di Cefal\u00f9 in cammino per volont\u00e0 del suo pastore. L&#8217;Assemblea sinodale \u00e8 chiamata adesso a votare ed approvare le\u00a0<i>propositiones<\/i>\u00a0che diverranno le costituzioni che orienteranno per gli anni a venire la missione della Chiesa di Cefal\u00f9 a testimonianza di un rinnovato stile sinodale.<\/p>\n<p>E poi il Giubileo Ordinario indetto da Papa Francesco dedicato al tema &#8220;Pellegrini di speranza&#8221; che avr\u00e0 inizio con l&#8217;apertura della Porta Santa nella Basilica di San Pietro a Roma il 24 dicembre e poi nella Diocesi di Cefal\u00f9 e in tutte le diocesi il prossimo 29 dicembre.<\/p>\n<p>A guidare il nuovo anno pastorale sar\u00e0 l&#8217;icona del Crocifisso di Montemaggiore Belsito e il motto\u00a0<i>&#8220;Dammi Carit\u00e0 perfetta&#8221;<\/i>, un richiamo alla figura di San Francesco d&#8217;Assisi nell&#8217;anno in cui la Sicilia ha offerto l&#8217;olio per la lampada che arde sulla tomba del Santo patrono d&#8217;Italia, in un segno di forte devozione e partecipazione comunitaria.<\/p>\n<p>Durante l&#8217;incontro sar\u00e0 presentata alla comunit\u00e0 diocesana la nuova Lettera Pastorale scritta da Mons. Marciante, intitolata<i>\u00a0&#8220;Non lasciamoli soli. Una Chiesa che &#8216;organizza la speranza&#8217; ascoltando il magistero dei poveri&#8221;<\/i>. La riflessione del Vescovo si focalizza sulla missione sociale della Chiesa, con indicazioni e linee guida per vivere concretamente l&#8217;evangelizzazione attraverso l&#8217;ascolto e l&#8217;attenzione alle persone in situazione di povert\u00e0.<\/p>\n<p>L&#8217;appuntamento \u00e8 fissato per domani, alle 17:30, a Cefal\u00f9, in Piazza Garibaldi, di fronte alla Chiesa Maria Santissima della Catena, per l&#8217;accoglienza del simulacro del Crocifisso di Montemaggiore Belsito. Successivamente, i fedeli si dirigeranno in processione verso la Basilica Cattedrale, dove mons. Marciante presieder\u00e0 la celebrazione eucaristica.<\/p>\n","protected":false},"excerpt":{"rendered":"","protected":false},"author":4,"featured_media":18833,"comment_status":"closed","ping_status":"closed","sticky":false,"template":"","format":"standard","meta":[],"categories":[30],"tags":[],"news-destination":[],"news-source":[],"is_homepage":[],"ta_other":[],"_links":{"self":[{"href":"https:\/\/www.chiesedisicilia.org\/chiesedisicilia\/news\/wp-json\/wp\/v2\/posts\/18834"}],"collection":[{"href":"https:\/\/www.chiesedisicilia.org\/chiesedisicilia\/news\/wp-json\/wp\/v2\/posts"}],"about":[{"href":"https:\/\/www.chiesedisicilia.org\/chiesedisicilia\/news\/wp-json\/wp\/v2\/types\/post"}],"author":[{"embeddable":true,"href":"https:\/\/www.chiesedisicilia.org\/chiesedisicilia\/news\/wp-json\/wp\/v2\/users\/4"}],"replies":[{"embeddable":true,"href":"https:\/\/www.chiesedisicilia.org\/chiesedisicilia\/news\/wp-json\/wp\/v2\/comments?post=18834"}],"version-history":[{"count":1,"href":"https:\/\/www.chiesedisicilia.org\/chiesedisicilia\/news\/wp-json\/wp\/v2\/posts\/18834\/revisions"}],"predecessor-version":[{"id":24022,"href":"https:\/\/www.chiesedisicilia.org\/chiesedisicilia\/news\/wp-json\/wp\/v2\/posts\/18834\/revisions\/24022"}],"wp:featuredmedia":[{"embeddable":true,"href":"https:\/\/www.chiesedisicilia.org\/chiesedisicilia\/news\/wp-json\/wp\/v2\/media\/18833"}],"wp:attachment":[{"href":"https:\/\/www.chiesedisicilia.org\/chiesedisicilia\/news\/wp-json\/wp\/v2\/media?parent=18834"}],"wp:term":[{"taxonomy":"category","embeddable":true,"href":"https:\/\/www.chiesedisicilia.org\/chiesedisicilia\/news\/wp-json\/wp\/v2\/categories?post=18834"},{"taxonomy":"post_tag","embeddable":true,"href":"https:\/\/www.chiesedisicilia.org\/chiesedisicilia\/news\/wp-json\/wp\/v2\/tags?post=18834"},{"taxonomy":"news-destination","embeddable":true,"href":"https:\/\/www.chiesedisicilia.org\/chiesedisicilia\/news\/wp-json\/wp\/v2\/news-destination?post=18834"},{"taxonomy":"news-source","embeddable":true,"href":"https:\/\/www.chiesedisicilia.org\/chiesedisicilia\/news\/wp-json\/wp\/v2\/news-source?post=18834"},{"taxonomy":"is_homepage","embeddable":true,"href":"https:\/\/www.chiesedisicilia.org\/chiesedisicilia\/news\/wp-json\/wp\/v2\/is_homepage?post=18834"},{"taxonomy":"ta_other","embeddable":true,"href":"https:\/\/www.chiesedisicilia.org\/chiesedisicilia\/news\/wp-json\/wp\/v2\/ta_other?post=18834"}],"curies":[{"name":"wp","href":"https:\/\/api.w.org\/{rel}","templated":true}]}}