{"id":18802,"date":"2024-09-26T10:25:33","date_gmt":"2024-09-26T08:25:33","guid":{"rendered":"http:\/\/euwps06.newsmemory.com\/chiesedisicilia\/news\/?p=18802"},"modified":"2024-09-26T10:25:36","modified_gmt":"2023-12-01T10:25:36","slug":"conferenza-episcopale-italiana-due-nomine-siciliane-nel-consiglio-di-presidenza","status":"publish","type":"post","link":"https:\/\/www.chiesedisicilia.org\/2024\/09\/26\/conferenza-episcopale-italiana-due-nomine-siciliane-nel-consiglio-di-presidenza\/","title":{"rendered":"CONFERENZA EPISCOPALE ITALIANA: DUE NOMINE \u201cSICILIANE\u201d NEL CONSIGLIO DI PRESIDENZA"},"content":{"rendered":"<p>Nel corso dei lavori del Consiglio Episcopale Permanente, che si \u00e8 tenuto a Roma dal 23 al 25 settembre, sono state rese note alcune nomine. Tra queste alcune riguardano la nostra Regione Ecclesiastica.<\/p>\n<p>Infatti, tra i \u00a0membri del Consiglio di Presidenza del Servizio Nazionale per la tutela dei minori, sono stati inseriti padre Salvatore FRANCO, omi, responsabile del Servizio per la tutela dei minori della Conferenza episcopale siciliana, e Maria SUMA, avvocato, socio fondatore e vice-presidente dell\u2019Associazione Meter onlus di don Fortunato Di Noto.<\/p>\n<p>Sempre in tema di nomine,\u00a0Papa Francesco ha nominato la professoressa Ignazia Siviglia, docente emerito di Antropologia Teologica, a consultore del Pontificio Dicastero della Fede. Ne danno notizia il Gran Cancelliere e l\u2019intera Comunit\u00e0 Accademica che \u201cesprimono grande gioia e gratitudine al Santo Padre\u201d ed evidenziano come \u201ctale nomina \u00e8 segno per tutta la Comunit\u00e0 Accademica del valore e della responsabilit\u00e0 di un\u2019autentica, profonda, generativa ricerca teologica\u201d.<\/p>\n<p>&nbsp;<\/p>\n<p>&nbsp;<\/p>\n","protected":false},"excerpt":{"rendered":"","protected":false},"author":4,"featured_media":18801,"comment_status":"closed","ping_status":"closed","sticky":false,"template":"","format":"standard","meta":[],"categories":[7],"tags":[],"news-destination":[],"news-source":[],"is_homepage":[],"ta_other":[],"_links":{"self":[{"href":"https:\/\/www.chiesedisicilia.org\/chiesedisicilia\/news\/wp-json\/wp\/v2\/posts\/18802"}],"collection":[{"href":"https:\/\/www.chiesedisicilia.org\/chiesedisicilia\/news\/wp-json\/wp\/v2\/posts"}],"about":[{"href":"https:\/\/www.chiesedisicilia.org\/chiesedisicilia\/news\/wp-json\/wp\/v2\/types\/post"}],"author":[{"embeddable":true,"href":"https:\/\/www.chiesedisicilia.org\/chiesedisicilia\/news\/wp-json\/wp\/v2\/users\/4"}],"replies":[{"embeddable":true,"href":"https:\/\/www.chiesedisicilia.org\/chiesedisicilia\/news\/wp-json\/wp\/v2\/comments?post=18802"}],"version-history":[{"count":1,"href":"https:\/\/www.chiesedisicilia.org\/chiesedisicilia\/news\/wp-json\/wp\/v2\/posts\/18802\/revisions"}],"predecessor-version":[{"id":24016,"href":"https:\/\/www.chiesedisicilia.org\/chiesedisicilia\/news\/wp-json\/wp\/v2\/posts\/18802\/revisions\/24016"}],"wp:featuredmedia":[{"embeddable":true,"href":"https:\/\/www.chiesedisicilia.org\/chiesedisicilia\/news\/wp-json\/wp\/v2\/media\/18801"}],"wp:attachment":[{"href":"https:\/\/www.chiesedisicilia.org\/chiesedisicilia\/news\/wp-json\/wp\/v2\/media?parent=18802"}],"wp:term":[{"taxonomy":"category","embeddable":true,"href":"https:\/\/www.chiesedisicilia.org\/chiesedisicilia\/news\/wp-json\/wp\/v2\/categories?post=18802"},{"taxonomy":"post_tag","embeddable":true,"href":"https:\/\/www.chiesedisicilia.org\/chiesedisicilia\/news\/wp-json\/wp\/v2\/tags?post=18802"},{"taxonomy":"news-destination","embeddable":true,"href":"https:\/\/www.chiesedisicilia.org\/chiesedisicilia\/news\/wp-json\/wp\/v2\/news-destination?post=18802"},{"taxonomy":"news-source","embeddable":true,"href":"https:\/\/www.chiesedisicilia.org\/chiesedisicilia\/news\/wp-json\/wp\/v2\/news-source?post=18802"},{"taxonomy":"is_homepage","embeddable":true,"href":"https:\/\/www.chiesedisicilia.org\/chiesedisicilia\/news\/wp-json\/wp\/v2\/is_homepage?post=18802"},{"taxonomy":"ta_other","embeddable":true,"href":"https:\/\/www.chiesedisicilia.org\/chiesedisicilia\/news\/wp-json\/wp\/v2\/ta_other?post=18802"}],"curies":[{"name":"wp","href":"https:\/\/api.w.org\/{rel}","templated":true}]}}