{"id":18716,"date":"2024-08-12T22:20:59","date_gmt":"2024-08-12T20:20:59","guid":{"rendered":"http:\/\/euwps05.newsmemory.com\/chiesedisicilia\/news\/?p=18716"},"modified":"2024-08-12T22:21:02","modified_gmt":"2023-10-17T22:21:02","slug":"il-neo-assessore-regionale-barbagallo-in-visita-da-mons-raspanti-azioni-per-lambiente-e-contro-la-siccita","status":"publish","type":"post","link":"https:\/\/www.chiesedisicilia.org\/2024\/08\/12\/il-neo-assessore-regionale-barbagallo-in-visita-da-mons-raspanti-azioni-per-lambiente-e-contro-la-siccita\/","title":{"rendered":"IL NEO ASSESSORE REGIONALE BARBAGALLO IN VISITA DA MONS. RASPANTI: AZIONI PER L&#8217;AMBIENTE E CONTRO LA SICCIT\u00c0"},"content":{"rendered":"<p>L&#8217;Assessore regionale\u00a0<strong>Salvatore Barbagallo<\/strong>\u00a0con delega all\u2019Agricoltura, Sviluppo rurale e Pesca mediterranea ha incontrato\u00a0<strong>Mons. Antonino Raspanti<\/strong>,\u00a0Presidente della Conferenza Episcopale Siciliana e vescovo della diocesi di Acireale.<\/p>\n<p>Durante il colloquio, che si \u00e8 tenuto luned\u00ec 12 agosto nel Palazzo Vescovile acese, sono state discusse le principali sfide che interessano il settore agricolo, con particolare attenzione alle problematiche sociali ed economiche che impattano le comunit\u00e0 locali. Presente all\u2019incontro con la stampa anche il consigliere comunale acese Matteo Sapienza.<\/p>\n<p><img alt=\"IL NEO ASSESSORE REGIONALE BARBAGALLO IN VISITA DA MONS. RASPANTI: AZIONI PER L'AMBIENTE E CONTRO LA SICCIT\u00c0\" title=\"IL NEO ASSESSORE REGIONALE BARBAGALLO IN VISITA DA MONS. RASPANTI: AZIONI PER L'AMBIENTE E CONTRO LA SICCIT\u00c0\" loading=\"lazy\" class=\"size-medium wp-image-18714 alignleft\" src=\"https:\/\/www.chiesedisicilia.org\/chiesedisicilia\/news\/wp-content\/uploads\/sites\/2\/2024\/08\/Facebook_copertina_Incontro-Barbagallo-Raspanti-Regione-Siciliana-CESi.jpg\" alt=\"\" width=\"300\" height=\"158\" srcset=\"https:\/\/euwps05.newsmemory.com\/chiesedisicilia\/news\/wp-content\/uploads\/sites\/2\/2024\/08\/Facebook_copertina_Incontro-Barbagallo-Raspanti-Regione-Siciliana-CESi.jpg 1200w, https:\/\/euwps05.newsmemory.com\/chiesedisicilia\/news\/wp-content\/uploads\/sites\/2\/2024\/08\/Facebook_copertina_Incontro-Barbagallo-Raspanti-Regione-Siciliana-CESi-300x158.jpg 300w, https:\/\/euwps05.newsmemory.com\/chiesedisicilia\/news\/wp-content\/uploads\/sites\/2\/2024\/08\/Facebook_copertina_Incontro-Barbagallo-Raspanti-Regione-Siciliana-CESi-1024x538.jpg 1024w, https:\/\/euwps05.newsmemory.com\/chiesedisicilia\/news\/wp-content\/uploads\/sites\/2\/2024\/08\/Facebook_copertina_Incontro-Barbagallo-Raspanti-Regione-Siciliana-CESi-768x403.jpg 768w, https:\/\/euwps05.newsmemory.com\/chiesedisicilia\/news\/wp-content\/uploads\/sites\/2\/2024\/08\/Facebook_copertina_Incontro-Barbagallo-Raspanti-Regione-Siciliana-CESi-750x394.jpg 750w\" sizes=\"(max-width: 300px) 100vw, 300px\" \/>L&#8217;incontro tra l&#8217;Assessore Barbagallo, nominato dal Governatore della Regione Siciliana Renato Schifani, ed il presidente della CESi Raspanti \u00e8 stato di grande importanza poich\u00e9 ha messo al centro dell&#8217;attenzione questioni decisive quali l&#8217;ambiente e l&#8217;emergenza idrica, che rappresentano sfide pressanti per l&#8217;Isola. In una regione come la Sicilia, dove l&#8217;agricoltura costituisce una parte vitale dell&#8217;economia e della cultura locale, le condizioni climatiche avverse stanno causando effetti non solo sulle produzioni agricole ma anche sul tessuto socioeconomico.<\/p>\n<p>&#8220;<em>Discutere di ambiente<\/em>\u00a0&#8211;\u00a0<strong>dichiara l&#8217;Assessore Barbagallo<\/strong>\u00a0&#8211; <em>significa affrontare il problema della sostenibilit\u00e0 delle pratiche agricole, cercando di bilanciare la produttivit\u00e0 con la necessit\u00e0 di preservare le risorse naturali. La siccit\u00e0 \u00e8 un fenomeno che richiede soluzioni innovative e coordinate, come l&#8217;adozione di tecnologie per l&#8217;irrigazione efficiente, la gestione oculata delle risorse idriche e l&#8217;implementazione di politiche agricole che incentivino la resilienza dei sistemi produttivi<\/em>&#8220;.\u00a0&#8220;<em>Quest&#8217;incontro<\/em> &#8211;<strong>\u00a0afferma il vescovo Raspanti<\/strong>\u00a0&#8211;\u00a0<em>pu\u00f2 essere visto come un segnale positivo di collaborazione tra le istituzioni e le organizzazioni che operano sul territorio, mirato a trovare soluzioni comuni per affrontare le sfide ambientali che minacciano non solo l&#8217;agricoltura ma l&#8217;intero ecosistema regionale<\/em>&#8220;.<\/p>\n<p>Il dialogo tra i vari attori coinvolti \u00e8 essenziale per sviluppare strategie che possano promuovere un modello agricolo sostenibile capace di attuare un rinnovato programma regionale.<\/p>\n<p>&nbsp;<\/p>\n<p>APPROFONDIMENTO<\/p>\n<ul>\n<li>Regione Siciliana e Cesi: incontro cruciale per il futuro agricolo siciliano<\/li>\n<\/ul>\n","protected":false},"excerpt":{"rendered":"","protected":false},"author":4,"featured_media":18715,"comment_status":"closed","ping_status":"closed","sticky":false,"template":"","format":"standard","meta":[],"categories":[25],"tags":[],"news-destination":[],"news-source":[],"is_homepage":[],"ta_other":[],"_links":{"self":[{"href":"https:\/\/www.chiesedisicilia.org\/chiesedisicilia\/news\/wp-json\/wp\/v2\/posts\/18716"}],"collection":[{"href":"https:\/\/www.chiesedisicilia.org\/chiesedisicilia\/news\/wp-json\/wp\/v2\/posts"}],"about":[{"href":"https:\/\/www.chiesedisicilia.org\/chiesedisicilia\/news\/wp-json\/wp\/v2\/types\/post"}],"author":[{"embeddable":true,"href":"https:\/\/www.chiesedisicilia.org\/chiesedisicilia\/news\/wp-json\/wp\/v2\/users\/4"}],"replies":[{"embeddable":true,"href":"https:\/\/www.chiesedisicilia.org\/chiesedisicilia\/news\/wp-json\/wp\/v2\/comments?post=18716"}],"version-history":[{"count":1,"href":"https:\/\/www.chiesedisicilia.org\/chiesedisicilia\/news\/wp-json\/wp\/v2\/posts\/18716\/revisions"}],"predecessor-version":[{"id":24210,"href":"https:\/\/www.chiesedisicilia.org\/chiesedisicilia\/news\/wp-json\/wp\/v2\/posts\/18716\/revisions\/24210"}],"wp:featuredmedia":[{"embeddable":true,"href":"https:\/\/www.chiesedisicilia.org\/chiesedisicilia\/news\/wp-json\/wp\/v2\/media\/18715"}],"wp:attachment":[{"href":"https:\/\/www.chiesedisicilia.org\/chiesedisicilia\/news\/wp-json\/wp\/v2\/media?parent=18716"}],"wp:term":[{"taxonomy":"category","embeddable":true,"href":"https:\/\/www.chiesedisicilia.org\/chiesedisicilia\/news\/wp-json\/wp\/v2\/categories?post=18716"},{"taxonomy":"post_tag","embeddable":true,"href":"https:\/\/www.chiesedisicilia.org\/chiesedisicilia\/news\/wp-json\/wp\/v2\/tags?post=18716"},{"taxonomy":"news-destination","embeddable":true,"href":"https:\/\/www.chiesedisicilia.org\/chiesedisicilia\/news\/wp-json\/wp\/v2\/news-destination?post=18716"},{"taxonomy":"news-source","embeddable":true,"href":"https:\/\/www.chiesedisicilia.org\/chiesedisicilia\/news\/wp-json\/wp\/v2\/news-source?post=18716"},{"taxonomy":"is_homepage","embeddable":true,"href":"https:\/\/www.chiesedisicilia.org\/chiesedisicilia\/news\/wp-json\/wp\/v2\/is_homepage?post=18716"},{"taxonomy":"ta_other","embeddable":true,"href":"https:\/\/www.chiesedisicilia.org\/chiesedisicilia\/news\/wp-json\/wp\/v2\/ta_other?post=18716"}],"curies":[{"name":"wp","href":"https:\/\/api.w.org\/{rel}","templated":true}]}}