{"id":18601,"date":"2024-06-16T19:23:14","date_gmt":"2024-06-16T17:23:14","guid":{"rendered":"http:\/\/euwps05.newsmemory.com\/chiesedisicilia\/news\/?p=18601"},"modified":"2024-06-16T19:23:16","modified_gmt":"2023-08-21T19:23:16","slug":"lapporto-di-una-teologia-dal-mediterraneo-per-la-costruzione-di-un-futuro-di-pace-laboratorio-internazionale-di-approfondimento-transdisciplinare-e-sistematico","status":"publish","type":"post","link":"https:\/\/www.chiesedisicilia.org\/2024\/06\/16\/lapporto-di-una-teologia-dal-mediterraneo-per-la-costruzione-di-un-futuro-di-pace-laboratorio-internazionale-di-approfondimento-transdisciplinare-e-sistematico\/","title":{"rendered":"&#8220;L\u2019APPORTO DI UNA TEOLOGIA DAL MEDITERRANEO PER LA COSTRUZIONE DI UN FUTURO DI PACE&#8221;: LABORATORIO INTERNAZIONALE DI APPROFONDIMENTO TRANSDISCIPLINARE E SISTEMATICO"},"content":{"rendered":"<p>&#8220;L\u2019apporto di una Teologia dal Mediterraneo per la costruzione di un futuro di pace&#8221; \u00e8 il titolo del Laboratorio internazionale di approfondimento transdisciplinare e sistematico, organizzato dalla Facolt\u00e0 teologica di Sicilia dal 24 al 26 giugno prossimo, a Palermo.<\/p>\n<p>Cos\u00ec spiega il <strong>Preside della Facolt\u00e0, don Vito Impellizzeri<\/strong>:<\/p>\n<p><em>Nel 2019 a Napoli, papa Francesco ha lanciato la proposta di una teologia mediterranea che si lasciasse provocare dalla ricchezza e dal dramma di questo \u201cmare del meticciato\u201d come lui stesso lo ha definito. Ne \u00e8 nato un lavoro in rete tra teologi e teologhe delle cinque sponde del Mediterraneo con la costituzione della Rete teologica Mediterranea e, lo scorso anno a Marsiglia, la pubblicazione del Manifesto per una teologia dal Mediterraneo. La riflessione teologica vuole essere pienamente parte dell\u2019impegno della Chiesa per la costruzione di un Mediterraneo di pace ed \u00e8 dentro il cammino che ha portato da Bari a Firenze e poi a Marsiglia nella tessitura della comunione tra le chiese del Mediterraneo e con quanti si spendono a diverso livello perch\u00e9 questo mare, da spazio di conflitti e di tensioni globali, diventi un \u201cmare di fraternit\u00e0\u201d.Dal 24 al 26 giugno la Rete Teologica Mediterranea si ritrover\u00e0 a Palermo per continuare a costruire insieme una riflessione teologica e transdisciplinare che parta dall\u2019ascolto e abbia a cuore il dialogo, perch\u00e9 \u201cDio \u00e8 dialogo e il dialogo \u00e8 il luogo di Dio\u201d; per individuare strade di pace e di giustizia, nella comprensione delle diverse situazioni contestuali culturali e religiose lungo le sponde del Mediterraneo. Una riflessione che abbia il respiro spirituale e mistico, il desiderio di Dio, divenendo cos\u00ec esperienza teologale di quella forza performativa della Rivelazione che la teologia riconosce, in quanto essa stessa soggetto di fede e di sequela della Pasqua del Risorto e del dono del Suo Spirito.A Palermo, nella Facolt\u00e0 Teologica di Sicilia, giungeranno teologhe e teologi, ma anche ricercatori di diverse discipline, pi\u00f9 di 60, da tutto il Mediterraneo: Egitto, Marocco, Israele, Libano, Turchia, Croazia, Bosnia, Romania, Malta, Francia, Spagna, Italia. Saranno con noi anche l\u2019arcivescovo di Marsiglia il cardinale Jean Marc Aveline, l\u2019arcivescovo di Palermo mons. Corrado Lorefice, l\u2019arcivescovo di Bari mons. Giuseppe Satriano, l\u2019arcivescovo di Acireale mons. Antonino Raspanti.<\/em><\/p>\n<ul>\n<li><em>Il primo giorno servir\u00e0 per la ripresa teologica delle narrazioni condivise nel percorso di quest\u2019anno: i nodi, le categorie, i criteri per una teologia della pace che muova dai vissuti dei popoli e dei contesti mediterranei. In serata avremo anche la presentazione del libro di C. Monge e G. De Simone La misura mediterranea dell\u2019umano.<\/em><\/li>\n<li><em>Il secondo giorno sulla via del \u201ctra\u201d per la costruzione della pace, interverranno Francois Jullien, Mauro Ceruti e Piero Coda. Il pomeriggio avremo dei laboratori esperienziali transculturali e la presentazione del libro di M. Naro Le protagoniste est l\u2019\u00e9treinte.<\/em><\/li>\n<li><em>Il terzo giorno invece lavoreremo su una via per strutturare ulteriormente anche a livello giuridico questa rete di interfacolt\u00e0 e centri culturali, ma anche sulle prospettive, gli impegni futuri, le collaborazioni e le sinergie che si aprono sul territorio. Raccoglieremo il tutto con un messaggio di pace dal Mediterraneo.<\/em><\/li>\n<\/ul>\n<p>Per informazioni pi\u00f9 dettagliate si pu\u00f2 visitare il sito RTMed o contattare la Facolt\u00e0 Teologica di Sicilia di Palermo.<\/p>\n<p><strong>ALLEGATI<\/strong><\/p>\n<ul>\n<li><a href=\"https:\/\/www.chiesedisicilia.org\/chiesedisicilia\/news\/wp-content\/uploads\/sites\/2\/2024\/06\/Convegno-Rete-Teologica-Mediterranea-Depliant.pdf\">Convegno Rete Teologica Mediterranea &#8211; Depliant<\/a><\/li>\n<\/ul>\n","protected":false},"excerpt":{"rendered":"","protected":false},"author":4,"featured_media":18600,"comment_status":"closed","ping_status":"closed","sticky":false,"template":"","format":"standard","meta":[],"categories":[1],"tags":[],"news-destination":[],"news-source":[],"is_homepage":[],"ta_other":[],"_links":{"self":[{"href":"https:\/\/www.chiesedisicilia.org\/chiesedisicilia\/news\/wp-json\/wp\/v2\/posts\/18601"}],"collection":[{"href":"https:\/\/www.chiesedisicilia.org\/chiesedisicilia\/news\/wp-json\/wp\/v2\/posts"}],"about":[{"href":"https:\/\/www.chiesedisicilia.org\/chiesedisicilia\/news\/wp-json\/wp\/v2\/types\/post"}],"author":[{"embeddable":true,"href":"https:\/\/www.chiesedisicilia.org\/chiesedisicilia\/news\/wp-json\/wp\/v2\/users\/4"}],"replies":[{"embeddable":true,"href":"https:\/\/www.chiesedisicilia.org\/chiesedisicilia\/news\/wp-json\/wp\/v2\/comments?post=18601"}],"version-history":[{"count":1,"href":"https:\/\/www.chiesedisicilia.org\/chiesedisicilia\/news\/wp-json\/wp\/v2\/posts\/18601\/revisions"}],"predecessor-version":[{"id":24207,"href":"https:\/\/www.chiesedisicilia.org\/chiesedisicilia\/news\/wp-json\/wp\/v2\/posts\/18601\/revisions\/24207"}],"wp:featuredmedia":[{"embeddable":true,"href":"https:\/\/www.chiesedisicilia.org\/chiesedisicilia\/news\/wp-json\/wp\/v2\/media\/18600"}],"wp:attachment":[{"href":"https:\/\/www.chiesedisicilia.org\/chiesedisicilia\/news\/wp-json\/wp\/v2\/media?parent=18601"}],"wp:term":[{"taxonomy":"category","embeddable":true,"href":"https:\/\/www.chiesedisicilia.org\/chiesedisicilia\/news\/wp-json\/wp\/v2\/categories?post=18601"},{"taxonomy":"post_tag","embeddable":true,"href":"https:\/\/www.chiesedisicilia.org\/chiesedisicilia\/news\/wp-json\/wp\/v2\/tags?post=18601"},{"taxonomy":"news-destination","embeddable":true,"href":"https:\/\/www.chiesedisicilia.org\/chiesedisicilia\/news\/wp-json\/wp\/v2\/news-destination?post=18601"},{"taxonomy":"news-source","embeddable":true,"href":"https:\/\/www.chiesedisicilia.org\/chiesedisicilia\/news\/wp-json\/wp\/v2\/news-source?post=18601"},{"taxonomy":"is_homepage","embeddable":true,"href":"https:\/\/www.chiesedisicilia.org\/chiesedisicilia\/news\/wp-json\/wp\/v2\/is_homepage?post=18601"},{"taxonomy":"ta_other","embeddable":true,"href":"https:\/\/www.chiesedisicilia.org\/chiesedisicilia\/news\/wp-json\/wp\/v2\/ta_other?post=18601"}],"curies":[{"name":"wp","href":"https:\/\/api.w.org\/{rel}","templated":true}]}}