{"id":1860,"date":"2016-12-12T10:51:00","date_gmt":"2016-12-12T09:51:00","guid":{"rendered":"http:\/\/wptestsite.tecnavia.com\/chiesedisicilia_clientsite\/news\/2016\/12\/12\/caltanissetta-museo-diocesano-il-castello-delle-bambole\/"},"modified":"2018-11-09T11:00:47","modified_gmt":"2018-01-13T11:00:47","slug":"caltanissetta-museo-diocesano-il-castello-delle-bambole","status":"publish","type":"post","link":"https:\/\/www.chiesedisicilia.org\/2016\/12\/12\/caltanissetta-museo-diocesano-il-castello-delle-bambole\/","title":{"rendered":"CALTANISSETTA. &#8220;MUSEO DIOCESANO: &#8220;IL CASTELLO DELLE BAMBOLE&#8221;"},"content":{"rendered":"<div><span style=\"font-size: medium;\"><span style=\"font-family: \"Times New Roman\";\">Mercoled\u00ec 14 dicembre 2016, alle ore 17.30, nella Sala conferenze del Museo diocesano, sar\u00e0 presentato il libro di Francesca Amico &#8220;Il castello delle bambole&#8221;.<i> <\/i>L&#8217;iniziativa \u00e8 a cura del Museo diocesano del Seminario vescovile \u00abG. Speciale\u00bb e dell\u2019Associazione Dante Alighieri di Caltanissetta.<\/span><\/span><\/div>\n<div><span style=\"font-family: \"Times New Roman\"; font-size: medium;\">Si legge sul risvolto di copertina che &#8220;Francesca Amico nasce, vive e lavora in una piccola citt\u00e0 della Sicilia\u201d. E\u2019 la scelta del titolo da dare a questa raccolta di racconti che svela, a chi pu\u00f2 intenderlo, che la piccola citt\u00e0 \u00e8 Caltanissetta, al cui toponimo arabo, Castello delle donne, l\u2019autrice vuole fare riferimento.\u00a0 I nove racconti del libro sono stati scritti in periodi molto diversi, in un arco di tempo che copre pi\u00f9 di quindici anni, e perci\u00f2 diventano una sorta di tracciato dell\u2019evoluzione artistica e personale dell\u2019autrice. Sono le storie di nove antieroine che, in qualche modo, si sono scontrate con la difficolt\u00e0 di essere donna in modo positivo e soddisfacente, e che celano \u201ctutto un mondo da scoprire\u201d.\u00a0 Il senso profondo della narrazione di Francesca Amico \u00e8 racchiuso in queste sue parole, \u201cogni volta che incontro una persona nuova \u00e8 come se una sorta di comunicazione silenziosa fluisse da lei a me &#8230; \u00e8 come se io vedessi sospeso nell\u2019aria una specie di balloon che mi racconta una storia, spesso molto diversa da quello che appare in superficie. Ecco, \u00e8 da questi balloons che nascono i miei racconti&#8221;.<\/span><\/div>\n<div><span style=\"font-size: medium;\"><span style=\"font-family: \"Times New Roman\";\">Presenteranno il libro Cettina Ginevra e Patrizia Golino. Sar\u00e0 presente l\u2019autrice. [01]<\/span><\/span><span style=\"font-size:12.0pt;font-family:\"Times New Roman\",\"serif\"\"><o:p><\/o:p><\/span><\/div>\n","protected":false},"excerpt":{"rendered":"","protected":false},"author":1,"featured_media":0,"comment_status":"open","ping_status":"open","sticky":false,"template":"","format":"standard","meta":[],"categories":[30],"tags":[],"news-destination":[],"news-source":[],"is_homepage":[],"ta_other":[],"_links":{"self":[{"href":"https:\/\/www.chiesedisicilia.org\/chiesedisicilia\/news\/wp-json\/wp\/v2\/posts\/1860"}],"collection":[{"href":"https:\/\/www.chiesedisicilia.org\/chiesedisicilia\/news\/wp-json\/wp\/v2\/posts"}],"about":[{"href":"https:\/\/www.chiesedisicilia.org\/chiesedisicilia\/news\/wp-json\/wp\/v2\/types\/post"}],"author":[{"embeddable":true,"href":"https:\/\/www.chiesedisicilia.org\/chiesedisicilia\/news\/wp-json\/wp\/v2\/users\/1"}],"replies":[{"embeddable":true,"href":"https:\/\/www.chiesedisicilia.org\/chiesedisicilia\/news\/wp-json\/wp\/v2\/comments?post=1860"}],"version-history":[{"count":1,"href":"https:\/\/www.chiesedisicilia.org\/chiesedisicilia\/news\/wp-json\/wp\/v2\/posts\/1860\/revisions"}],"predecessor-version":[{"id":20347,"href":"https:\/\/www.chiesedisicilia.org\/chiesedisicilia\/news\/wp-json\/wp\/v2\/posts\/1860\/revisions\/20347"}],"wp:attachment":[{"href":"https:\/\/www.chiesedisicilia.org\/chiesedisicilia\/news\/wp-json\/wp\/v2\/media?parent=1860"}],"wp:term":[{"taxonomy":"category","embeddable":true,"href":"https:\/\/www.chiesedisicilia.org\/chiesedisicilia\/news\/wp-json\/wp\/v2\/categories?post=1860"},{"taxonomy":"post_tag","embeddable":true,"href":"https:\/\/www.chiesedisicilia.org\/chiesedisicilia\/news\/wp-json\/wp\/v2\/tags?post=1860"},{"taxonomy":"news-destination","embeddable":true,"href":"https:\/\/www.chiesedisicilia.org\/chiesedisicilia\/news\/wp-json\/wp\/v2\/news-destination?post=1860"},{"taxonomy":"news-source","embeddable":true,"href":"https:\/\/www.chiesedisicilia.org\/chiesedisicilia\/news\/wp-json\/wp\/v2\/news-source?post=1860"},{"taxonomy":"is_homepage","embeddable":true,"href":"https:\/\/www.chiesedisicilia.org\/chiesedisicilia\/news\/wp-json\/wp\/v2\/is_homepage?post=1860"},{"taxonomy":"ta_other","embeddable":true,"href":"https:\/\/www.chiesedisicilia.org\/chiesedisicilia\/news\/wp-json\/wp\/v2\/ta_other?post=1860"}],"curies":[{"name":"wp","href":"https:\/\/api.w.org\/{rel}","templated":true}]}}