{"id":1857,"date":"2016-11-22T16:13:00","date_gmt":"2016-11-22T15:13:00","guid":{"rendered":"http:\/\/wptestsite.tecnavia.com\/chiesedisicilia_clientsite\/news\/2016\/11\/22\/caltanissetta-l-uomo-dal-basco-un-nisseno-tra-caricature-pubblicita-e-arte\/"},"modified":"2018-11-09T11:00:47","modified_gmt":"2018-01-13T11:00:47","slug":"caltanissetta-l-uomo-dal-basco-un-nisseno-tra-caricature-pubblicita-e-arte","status":"publish","type":"post","link":"https:\/\/www.chiesedisicilia.org\/2016\/11\/22\/caltanissetta-l-uomo-dal-basco-un-nisseno-tra-caricature-pubblicita-e-arte\/","title":{"rendered":"CALTANISSETTA. \u201cL&#8217; UOMO DAL BASCO. UN NISSENO TRA CARICATURE, PUBBLICIT\u00c0 E ARTE\u201d"},"content":{"rendered":"<div><span style=\"font-size:12.0pt;font-family:\"Times New Roman\",\"serif\"\"><span style=\"font-size: medium;\"><span style=\"font-family: \"Times New Roman\";\">Mercoled\u00ec 23 novembre 2016, alle ore 17,30, nella Sala conferenze del Museo Diocesano del Seminario Vescovile \u201cG. Speciale\u201d di Caltanissetta, sar\u00e0 presentato il libro di Walter Guttadauria dal titolo \u201c<i>L&#8217; uomo dal basco. Un nisseno tra caricature, pubblicit\u00e0 e arte\u201d<\/i>, con nota critica di Franco Spena.<\/span><\/span><o:p><\/o:p><\/span><\/div>\n<div><span style=\"font-size: medium;\"><span style=\"font-family: \"Times New Roman\";\">Il libro, edito da Lussografica nella collana \u2018<i>Il tempo e la memoria. Ricordi e immagini\u2019<\/i>, \u00e8 il racconto, a partire dagli anni Venti del \u2018900, dell\u2019attivit\u00e0 di Nicol\u00f2 Granata, \u201cl\u2019uomo dal basco\u201d, e il racconto attraverso la sua matita di circa sessant\u2019anni di \u2018vita\u2019 della citt\u00e0.<\/span><\/span><span style=\"font-size:12.0pt;font-family:\"Times New Roman\",\"serif\"\"><o:p><\/o:p><\/span><\/div>\n<div><span style=\"font-size: medium;\"><span style=\"font-family: \"Times New Roman\";\">\u201cAntesignano dei moderni grafici pubblicitari \u2013 scrive la Curia nissena -, Granata ha accompagnato con le sue reclame &#8211; locandine, manifesti, carta per avvolgere, pubblicit\u00e0 da proiettare tra un tempo e l\u2019altro dei film \u2013 la quotidianit\u00e0 dei nisseni in quegli anni, penetrandola senza rumore. <\/span><\/span><span style=\"font-size:12.0pt;font-family:\"Times New Roman\",\"serif\"\"><o:p><\/o:p><\/span><\/div>\n<div><span style=\"font-size: medium;\"><span style=\"font-family: \"Times New Roman\";\">In questo libro tornano ad occuparsi di lui, con la volont\u00e0 e il gusto di non disperderne la memoria, Walter Guttadauria e Franco Spena, che con scrupolo quasi storico sono andati alla ricerca delle testimonianze della sua arte grafica e pittorica che <i>\u201cchiss\u00e0 come e quando, erano andate via<\/i>\u201d da Caltanissetta, perch\u00e9 qui potessero tornare. Gli interventi di Sergio Mangiavillano, acuto, brillante ed esperto conoscitore della storia e delle storie della nostra citt\u00e0 \u2013 prosegue il comunicato stampa -, e di Salvatore Granata, che di Nicol\u00f2 \u00e8 nipote, contribuiranno a restituire pi\u00f9 integra e vivace la figura di questo \u2018maestro\u2019 della matita che costituisce un tassello della nostra identit\u00e0 collettiva\u201d. [01]<\/span><\/span><span style=\"font-size:12.0pt;font-family:\"Times New Roman\",\"serif\"\"><o:p><\/o:p><\/span><\/div>\n","protected":false},"excerpt":{"rendered":"","protected":false},"author":1,"featured_media":0,"comment_status":"open","ping_status":"open","sticky":false,"template":"","format":"standard","meta":[],"categories":[30],"tags":[],"news-destination":[],"news-source":[],"is_homepage":[],"ta_other":[],"_links":{"self":[{"href":"https:\/\/www.chiesedisicilia.org\/chiesedisicilia\/news\/wp-json\/wp\/v2\/posts\/1857"}],"collection":[{"href":"https:\/\/www.chiesedisicilia.org\/chiesedisicilia\/news\/wp-json\/wp\/v2\/posts"}],"about":[{"href":"https:\/\/www.chiesedisicilia.org\/chiesedisicilia\/news\/wp-json\/wp\/v2\/types\/post"}],"author":[{"embeddable":true,"href":"https:\/\/www.chiesedisicilia.org\/chiesedisicilia\/news\/wp-json\/wp\/v2\/users\/1"}],"replies":[{"embeddable":true,"href":"https:\/\/www.chiesedisicilia.org\/chiesedisicilia\/news\/wp-json\/wp\/v2\/comments?post=1857"}],"version-history":[{"count":1,"href":"https:\/\/www.chiesedisicilia.org\/chiesedisicilia\/news\/wp-json\/wp\/v2\/posts\/1857\/revisions"}],"predecessor-version":[{"id":20344,"href":"https:\/\/www.chiesedisicilia.org\/chiesedisicilia\/news\/wp-json\/wp\/v2\/posts\/1857\/revisions\/20344"}],"wp:attachment":[{"href":"https:\/\/www.chiesedisicilia.org\/chiesedisicilia\/news\/wp-json\/wp\/v2\/media?parent=1857"}],"wp:term":[{"taxonomy":"category","embeddable":true,"href":"https:\/\/www.chiesedisicilia.org\/chiesedisicilia\/news\/wp-json\/wp\/v2\/categories?post=1857"},{"taxonomy":"post_tag","embeddable":true,"href":"https:\/\/www.chiesedisicilia.org\/chiesedisicilia\/news\/wp-json\/wp\/v2\/tags?post=1857"},{"taxonomy":"news-destination","embeddable":true,"href":"https:\/\/www.chiesedisicilia.org\/chiesedisicilia\/news\/wp-json\/wp\/v2\/news-destination?post=1857"},{"taxonomy":"news-source","embeddable":true,"href":"https:\/\/www.chiesedisicilia.org\/chiesedisicilia\/news\/wp-json\/wp\/v2\/news-source?post=1857"},{"taxonomy":"is_homepage","embeddable":true,"href":"https:\/\/www.chiesedisicilia.org\/chiesedisicilia\/news\/wp-json\/wp\/v2\/is_homepage?post=1857"},{"taxonomy":"ta_other","embeddable":true,"href":"https:\/\/www.chiesedisicilia.org\/chiesedisicilia\/news\/wp-json\/wp\/v2\/ta_other?post=1857"}],"curies":[{"name":"wp","href":"https:\/\/api.w.org\/{rel}","templated":true}]}}