{"id":1852,"date":"2016-09-26T22:29:00","date_gmt":"2016-09-26T20:29:00","guid":{"rendered":"http:\/\/wptestsite.tecnavia.com\/chiesedisicilia_clientsite\/news\/2016\/09\/26\/caltanissetta-museo-diocesano-la-iv-edizione-delle-giornate-amei\/"},"modified":"2018-11-09T11:00:47","modified_gmt":"2018-01-13T11:00:47","slug":"caltanissetta-museo-diocesano-la-iv-edizione-delle-giornate-amei","status":"publish","type":"post","link":"https:\/\/www.chiesedisicilia.org\/2016\/09\/26\/caltanissetta-museo-diocesano-la-iv-edizione-delle-giornate-amei\/","title":{"rendered":"CALTANISSETTA. MUSEO DIOCESANO: LA IV EDIZIONE DELLE GIORNATE AMEI"},"content":{"rendered":"<div><span style=\"font-size:12.0pt;font-family:\"Times New Roman\",\"serif\"\"><span style=\"font-size: medium;\"><span style=\"font-family: \"Times New Roman\";\">Sabato 1 e domenica 2 ottobre 2016 in tutta Italia tornano le <b>Giornate dei Musei Ecclesiastici<\/b>, un appuntamento che si rinnova per il quarto anno consecutivo per volont\u00e0 dell\u2019<b>AMEI,<\/b> l\u2019Associazione dei Musei Ecclesiastici Italiani, nata per valorizzare i musei religiosi esistenti in Italia proponendoli come strumenti di animazione culturale della societ\u00e0. <\/span><\/span><o:p><\/o:p><\/span><\/div>\n<div><span style=\"font-size: medium;\"><span style=\"font-family: \"Times New Roman\";\">Il Museo Diocesano del Seminario Vescovile \u201cG. Speciale\u201d di Caltanissetta, sar\u00e0 tra i musei che dal Trentino alla Sicilia apriranno le loro porte &#8220;per far conoscere un immenso patrimonio che &#8211; si legge in una nota della Curia nissena &#8211; ai pi\u00f9 \u00e8 del tutto ignoto, scarsamente segnalato dalle guide turistiche delle citt\u00e0, soffocato da un\u2019immagine di polverosit\u00e0 che \u00e8 assolutamente lontana dalle loro realt\u00e0&#8221;.<\/span><\/span><span style=\"font-size:12.0pt;font-family:\"Times New Roman\",\"serif\";mso-bidi-font-weight:\nbold\"><o:p><\/o:p><\/span><\/div>\n<div><span style=\"font-size: medium;\"><span style=\"font-family: \"Times New Roman\";\"><b><i>\u201cSe Scambio, Cambio\u201d <\/i><\/b>lo slogan scelto quest\u2019anno da AMEI con l\u2019obiettivo di avviare un dialogo con il territorio e rendere ancora pi\u00f9 interessante e stimolante la visita durante le tradizionali giornate aperte. <\/span><\/span><span style=\"font-size:12.0pt;font-family:\"Times New Roman\",\"serif\"\"><o:p><\/o:p><\/span><\/div>\n<div><span style=\"font-size: medium;\"><span style=\"font-family: \"Times New Roman\";\">Lo scambio indica apertura, capacit\u00e0 di confronto, produce cambiamento e il Museo Diocesano per le Giornate AMEI propone alla citt\u00e0 una forma di scambio curiosamente virtuosa che rivolge a quanti accetteranno di lasciarsi coinvolgere.<\/span><\/span><span style=\"font-size:12.0pt;font-family:\"Times New Roman\",\"serif\"\"><o:p><\/o:p><\/span><\/div>\n<div><span style=\"font-size: medium;\"><span style=\"font-family: \"Times New Roman\";\">Provenienti da collezione privata, e per la prima volta offerti al pubblico, saranno esposti due bozzetti di Giuseppe Frattallone, uno dei maggiori artisti nisseni tra Ottocento e Novecento, un <i>San Giovannino<\/i> e un <i>Angelo custode<\/i>, probabilmente creati dall\u2019artista come dono al proprio mecenate.<\/span><\/span><span style=\"font-size:12.0pt;font-family:\"Times New Roman\",\"serif\"\"><o:p><\/o:p><\/span><\/div>\n<div><span style=\"font-size: medium;\"><span style=\"font-family: \"Times New Roman\";\">Pubblico e privato in dialogo per dar vita ad una simbolica iniziativa di condivisione: lo \u2018scambio\u2019 \u00e8 la proposta di una visita guidata alle due opere, un\u2019opportunit\u00e0 da barattare, per quanti lo vorranno, con prodotti alimentari, un pacco di pasta, una scatola di biscotti, un kg di zucchero, da destinare a persone indigenti attraverso i canali della Caritas o di altra organizzazione certificata, \u00ab<i>perch\u00e9 compito di un museo \u00e8 saper cogliere i bisogni sociali e culturali della propria comunit\u00e0, favorire la costruzione di una societ\u00e0 pi\u00f9 coesa e responsabile, sostenere l&#8217;integrazione, il dialogo, la relazione. Perch\u00e9 confrontarsi con &#8216;l&#8217;altro&#8217; significa crescere!\u00bb.<\/i><\/span><\/span><span style=\"font-size:12.0pt;font-family:\"Times New Roman\",\"serif\"\"><i><o:p><\/o:p><\/i><\/span><\/div>\n","protected":false},"excerpt":{"rendered":"","protected":false},"author":1,"featured_media":0,"comment_status":"open","ping_status":"open","sticky":false,"template":"","format":"standard","meta":[],"categories":[30],"tags":[],"news-destination":[],"news-source":[],"is_homepage":[],"ta_other":[],"_links":{"self":[{"href":"https:\/\/www.chiesedisicilia.org\/chiesedisicilia\/news\/wp-json\/wp\/v2\/posts\/1852"}],"collection":[{"href":"https:\/\/www.chiesedisicilia.org\/chiesedisicilia\/news\/wp-json\/wp\/v2\/posts"}],"about":[{"href":"https:\/\/www.chiesedisicilia.org\/chiesedisicilia\/news\/wp-json\/wp\/v2\/types\/post"}],"author":[{"embeddable":true,"href":"https:\/\/www.chiesedisicilia.org\/chiesedisicilia\/news\/wp-json\/wp\/v2\/users\/1"}],"replies":[{"embeddable":true,"href":"https:\/\/www.chiesedisicilia.org\/chiesedisicilia\/news\/wp-json\/wp\/v2\/comments?post=1852"}],"version-history":[{"count":1,"href":"https:\/\/www.chiesedisicilia.org\/chiesedisicilia\/news\/wp-json\/wp\/v2\/posts\/1852\/revisions"}],"predecessor-version":[{"id":20339,"href":"https:\/\/www.chiesedisicilia.org\/chiesedisicilia\/news\/wp-json\/wp\/v2\/posts\/1852\/revisions\/20339"}],"wp:attachment":[{"href":"https:\/\/www.chiesedisicilia.org\/chiesedisicilia\/news\/wp-json\/wp\/v2\/media?parent=1852"}],"wp:term":[{"taxonomy":"category","embeddable":true,"href":"https:\/\/www.chiesedisicilia.org\/chiesedisicilia\/news\/wp-json\/wp\/v2\/categories?post=1852"},{"taxonomy":"post_tag","embeddable":true,"href":"https:\/\/www.chiesedisicilia.org\/chiesedisicilia\/news\/wp-json\/wp\/v2\/tags?post=1852"},{"taxonomy":"news-destination","embeddable":true,"href":"https:\/\/www.chiesedisicilia.org\/chiesedisicilia\/news\/wp-json\/wp\/v2\/news-destination?post=1852"},{"taxonomy":"news-source","embeddable":true,"href":"https:\/\/www.chiesedisicilia.org\/chiesedisicilia\/news\/wp-json\/wp\/v2\/news-source?post=1852"},{"taxonomy":"is_homepage","embeddable":true,"href":"https:\/\/www.chiesedisicilia.org\/chiesedisicilia\/news\/wp-json\/wp\/v2\/is_homepage?post=1852"},{"taxonomy":"ta_other","embeddable":true,"href":"https:\/\/www.chiesedisicilia.org\/chiesedisicilia\/news\/wp-json\/wp\/v2\/ta_other?post=1852"}],"curies":[{"name":"wp","href":"https:\/\/api.w.org\/{rel}","templated":true}]}}