{"id":18506,"date":"2024-05-17T18:43:44","date_gmt":"2024-05-17T16:43:44","guid":{"rendered":"http:\/\/euwps06.newsmemory.com\/chiesedisicilia\/news\/?p=18506"},"modified":"2024-05-22T19:02:37","modified_gmt":"2023-07-27T19:02:37","slug":"cambiamenti-climatici-e-nuovi-stili-di-vita-tutto-e-connesso-incontro-e-poi-festa-di-maria-ausiliatrice","status":"publish","type":"post","link":"https:\/\/www.chiesedisicilia.org\/2024\/05\/17\/cambiamenti-climatici-e-nuovi-stili-di-vita-tutto-e-connesso-incontro-e-poi-festa-di-maria-ausiliatrice\/","title":{"rendered":"&#8220;CAMBIAMENTI CLIMATICI E NUOVI STILI DI VITA. TUTTO \u00c8 CONNESSO&#8221;. INCONTRO E POI FESTA DI MARIA AUSILIATRICE"},"content":{"rendered":"<p>Si svolger\u00e0 sabato 25 maggio, a partire dalle ore 9:30, l&#8217;evento con il quale il Circolo &#8220;Laudato si'&#8221; di Palermo &#8220;Maria Ausiliatrice&#8221; celebrarer\u00e0 la Settimana Laudato Si&#8217; 2024.<\/p>\n<p>Il tema scelto per l&#8217;appuntamento \u00e8 &#8220;Cambiamenti climatici e nuovi stili di vita. Tutto \u00e8 connesso&#8221; e sar\u00e0 affrontato in una tavola rotonda alla quale prenderanno parte:\u00a0 <strong>Luigi Pasotti<\/strong>, agronomo specializzato in agrometereologia e direttore dell&#8217;Unit\u00e0 operativa di Catania del Sias, Dipartimento Regionale Agricoltura; <strong>Rosalba Muratori<\/strong>, medico di famiglia e Presidente dell&#8217;Associazione Marco Sacchi; <strong>Roberta autolitano<\/strong>\u00a0e<strong> Giuseppe Merlo,<\/strong>\u00a0soci di Al Rev\u00e9s societ\u00e0 cooperativa sociale; <strong>Maria Rosaria Gullo, <\/strong>socia fondatrice di Sokult &#8211; Circolo della natura; <strong>Amelia Giordano,\u00a0<\/strong>gi\u00e0 direttore delle Riserve Naturali della provincia di Palermo.<\/p>\n<p>Il dibattito si svolger\u00e0 all&#8217;istituto S. M. Mazzarello, a Palermo, e sar\u00e0 moderato da <strong>Giovanni Villino<\/strong>, giornalista di Tgs &#8211; Gornale di Sicilia.<\/p>\n<p style=\"text-align: left\">L&#8217;incontro sar\u00e0 occasione di una festa in qualche modo &#8220;doppia&#8221;: &#8220;<em>Dal momento che siamo parte dell&#8217;Associazione dei Salesiani Cooperatori della provincia Sicilia<\/em> &#8211; spiegano gli organizzatori &#8211; <em>concluderemo la Festa di Maria Ausiliatrice, insieme come semi di speranza nella nostra vita e nel nostro mondo, radicati nella fede e nell&#8217;amore. Ognuno di noi ha il potere di fare la differenza<\/em> &#8211; aggiungono &#8211; <em>e di contribuire alla costruzione di un futuro pi\u00f9 sostenibil<\/em>e&#8221;.<\/p>\n","protected":false},"excerpt":{"rendered":"","protected":false},"author":4,"featured_media":18505,"comment_status":"closed","ping_status":"closed","sticky":false,"template":"","format":"standard","meta":[],"categories":[30],"tags":[],"news-destination":[],"news-source":[],"is_homepage":[],"ta_other":[],"_links":{"self":[{"href":"https:\/\/www.chiesedisicilia.org\/chiesedisicilia\/news\/wp-json\/wp\/v2\/posts\/18506"}],"collection":[{"href":"https:\/\/www.chiesedisicilia.org\/chiesedisicilia\/news\/wp-json\/wp\/v2\/posts"}],"about":[{"href":"https:\/\/www.chiesedisicilia.org\/chiesedisicilia\/news\/wp-json\/wp\/v2\/types\/post"}],"author":[{"embeddable":true,"href":"https:\/\/www.chiesedisicilia.org\/chiesedisicilia\/news\/wp-json\/wp\/v2\/users\/4"}],"replies":[{"embeddable":true,"href":"https:\/\/www.chiesedisicilia.org\/chiesedisicilia\/news\/wp-json\/wp\/v2\/comments?post=18506"}],"version-history":[{"count":1,"href":"https:\/\/www.chiesedisicilia.org\/chiesedisicilia\/news\/wp-json\/wp\/v2\/posts\/18506\/revisions"}],"predecessor-version":[{"id":23998,"href":"https:\/\/www.chiesedisicilia.org\/chiesedisicilia\/news\/wp-json\/wp\/v2\/posts\/18506\/revisions\/23998"}],"wp:featuredmedia":[{"embeddable":true,"href":"https:\/\/www.chiesedisicilia.org\/chiesedisicilia\/news\/wp-json\/wp\/v2\/media\/18505"}],"wp:attachment":[{"href":"https:\/\/www.chiesedisicilia.org\/chiesedisicilia\/news\/wp-json\/wp\/v2\/media?parent=18506"}],"wp:term":[{"taxonomy":"category","embeddable":true,"href":"https:\/\/www.chiesedisicilia.org\/chiesedisicilia\/news\/wp-json\/wp\/v2\/categories?post=18506"},{"taxonomy":"post_tag","embeddable":true,"href":"https:\/\/www.chiesedisicilia.org\/chiesedisicilia\/news\/wp-json\/wp\/v2\/tags?post=18506"},{"taxonomy":"news-destination","embeddable":true,"href":"https:\/\/www.chiesedisicilia.org\/chiesedisicilia\/news\/wp-json\/wp\/v2\/news-destination?post=18506"},{"taxonomy":"news-source","embeddable":true,"href":"https:\/\/www.chiesedisicilia.org\/chiesedisicilia\/news\/wp-json\/wp\/v2\/news-source?post=18506"},{"taxonomy":"is_homepage","embeddable":true,"href":"https:\/\/www.chiesedisicilia.org\/chiesedisicilia\/news\/wp-json\/wp\/v2\/is_homepage?post=18506"},{"taxonomy":"ta_other","embeddable":true,"href":"https:\/\/www.chiesedisicilia.org\/chiesedisicilia\/news\/wp-json\/wp\/v2\/ta_other?post=18506"}],"curies":[{"name":"wp","href":"https:\/\/api.w.org\/{rel}","templated":true}]}}