{"id":1850,"date":"2016-09-22T19:14:00","date_gmt":"2016-09-22T17:14:00","guid":{"rendered":"http:\/\/wptestsite.tecnavia.com\/chiesedisicilia_clientsite\/news\/2016\/09\/22\/caltanissetta-la-nube-e-la-voce-abitare-da-cristiani-la-storia\/"},"modified":"2018-11-09T11:00:47","modified_gmt":"2018-01-13T11:00:47","slug":"caltanissetta-la-nube-e-la-voce-abitare-da-cristiani-la-storia","status":"publish","type":"post","link":"https:\/\/www.chiesedisicilia.org\/2016\/09\/22\/caltanissetta-la-nube-e-la-voce-abitare-da-cristiani-la-storia\/","title":{"rendered":"CALTANISSETTA. &#8221; LA NUBE E LA VOCE&#8230; ABITARE DA CRISTIANI LA STORIA&#8221;"},"content":{"rendered":"<div><span style=\"font-size: medium;\"><span style=\"font-family: \"Times New Roman\";\"><span times=\"\" new=\"\">Mercoled\u00ec 21 e gioved\u00ec 22 settembre 2016, alle ore 19, presso la parrocchia San Pietro di Caltanissetta, \u00e8 organizzato l\u2019ormai consueto appuntamento &#8220;La tre tende\u2026 la Teologia&#8221;.<\/span>\u00a0<span times=\"\" new=\"\">Nella prima delle due serate, si alterneranno due docenti di teologia dell\u2019Istituto Teologico \u201cMons. Guttadauro\u201d: Vincenzo Giuliana, che esporr\u00e0 una relazione su La dimensione trinitaria ed ecclesiale del Battesimo, e Rosa Cal\u00ec, il cui intervento ha per titolo &#8220;Credo Ecclesiam&#8221;.<\/span><\/span><\/span><\/div>\n<div><span style=\"font-size: medium;\"><span style=\"font-family: \"Times New Roman\";\"><span times=\"\" new=\"\">Nella seconda serata verr\u00e0 presentata la nuova Lettera Pastorale del Vescovo per l\u2019anno 2016-2017. Il tema scelto \u00e8 &#8220;La nube e la voce\u2026 abitare da cristiani la storia&#8221;. Interverranno l\u2019arcivescovo emerito di Siracusa, mons. Giuseppe Costanzo, e Aurelia Speziale, docente di Storia dell\u2019arte presso il Liceo Classico \u201cR. Settimo\u201d di Caltanissetta. [01]<\/span><\/span><\/span><span style=\"font-size:12.0pt;font-family:\" times=\"\" new=\"\"><o:p><\/o:p><\/span><\/div>\n","protected":false},"excerpt":{"rendered":"","protected":false},"author":1,"featured_media":0,"comment_status":"open","ping_status":"open","sticky":false,"template":"","format":"standard","meta":[],"categories":[30],"tags":[],"news-destination":[],"news-source":[],"is_homepage":[],"ta_other":[],"_links":{"self":[{"href":"https:\/\/www.chiesedisicilia.org\/chiesedisicilia\/news\/wp-json\/wp\/v2\/posts\/1850"}],"collection":[{"href":"https:\/\/www.chiesedisicilia.org\/chiesedisicilia\/news\/wp-json\/wp\/v2\/posts"}],"about":[{"href":"https:\/\/www.chiesedisicilia.org\/chiesedisicilia\/news\/wp-json\/wp\/v2\/types\/post"}],"author":[{"embeddable":true,"href":"https:\/\/www.chiesedisicilia.org\/chiesedisicilia\/news\/wp-json\/wp\/v2\/users\/1"}],"replies":[{"embeddable":true,"href":"https:\/\/www.chiesedisicilia.org\/chiesedisicilia\/news\/wp-json\/wp\/v2\/comments?post=1850"}],"version-history":[{"count":1,"href":"https:\/\/www.chiesedisicilia.org\/chiesedisicilia\/news\/wp-json\/wp\/v2\/posts\/1850\/revisions"}],"predecessor-version":[{"id":20339,"href":"https:\/\/www.chiesedisicilia.org\/chiesedisicilia\/news\/wp-json\/wp\/v2\/posts\/1850\/revisions\/20339"}],"wp:attachment":[{"href":"https:\/\/www.chiesedisicilia.org\/chiesedisicilia\/news\/wp-json\/wp\/v2\/media?parent=1850"}],"wp:term":[{"taxonomy":"category","embeddable":true,"href":"https:\/\/www.chiesedisicilia.org\/chiesedisicilia\/news\/wp-json\/wp\/v2\/categories?post=1850"},{"taxonomy":"post_tag","embeddable":true,"href":"https:\/\/www.chiesedisicilia.org\/chiesedisicilia\/news\/wp-json\/wp\/v2\/tags?post=1850"},{"taxonomy":"news-destination","embeddable":true,"href":"https:\/\/www.chiesedisicilia.org\/chiesedisicilia\/news\/wp-json\/wp\/v2\/news-destination?post=1850"},{"taxonomy":"news-source","embeddable":true,"href":"https:\/\/www.chiesedisicilia.org\/chiesedisicilia\/news\/wp-json\/wp\/v2\/news-source?post=1850"},{"taxonomy":"is_homepage","embeddable":true,"href":"https:\/\/www.chiesedisicilia.org\/chiesedisicilia\/news\/wp-json\/wp\/v2\/is_homepage?post=1850"},{"taxonomy":"ta_other","embeddable":true,"href":"https:\/\/www.chiesedisicilia.org\/chiesedisicilia\/news\/wp-json\/wp\/v2\/ta_other?post=1850"}],"curies":[{"name":"wp","href":"https:\/\/api.w.org\/{rel}","templated":true}]}}