{"id":1841,"date":"2016-03-03T11:18:00","date_gmt":"2016-03-03T10:18:00","guid":{"rendered":"http:\/\/wptestsite.tecnavia.com\/chiesedisicilia_clientsite\/news\/2016\/03\/03\/caltanissetta-la-solidarieta-contagia\/"},"modified":"2018-11-09T11:00:47","modified_gmt":"2018-01-13T11:00:47","slug":"caltanissetta-la-solidarieta-contagia","status":"publish","type":"post","link":"https:\/\/www.chiesedisicilia.org\/2016\/03\/03\/caltanissetta-la-solidarieta-contagia\/","title":{"rendered":"CALTANISSETTA. &#8220;LA SOLIDARIET\u00c0 CONTAGIA&#8221;"},"content":{"rendered":"<div><span style=\"font-size: medium;\"><span style=\"font-family: 'Times New Roman';\"><em><span style=\"font-style: normal;\">&#8220;Quello che mesi fa era un auspicio, cio\u00e8 pensare che la solidariet\u00e0 potesse contagiare operosamente pi\u00f9 realt\u00e0, e che noi tutti potessimo avviare un processo virtuoso e incidere efficacemente su situazioni di abbandono, oggi non \u00e8 pi\u00f9 solo un auspicio&#8221;.<\/span><\/em><\/span><\/span><span style=\"font-size:12.0pt;font-family:\"Times New Roman\",\"serif\"\"><o:p><\/o:p><\/span><\/div>\n<div><span style=\"font-size: medium;\"><span style=\"font-family: 'Times New Roman';\"><em><span style=\"font-style: normal;\">Cos\u00ec un comunicato stama della Diocesi di Caltanissetta in merito al percorso iniziato l\u20191 luglio scorso con l\u2019invito ad un Happy hour di solidariet\u00e0 nelle sale del Palazzo vescovile, che il Museo diocesano ha rivolto agli amici del Museo e alla citt\u00e0 per sostenere un progetto, \u201cdare lavoro a chi lavoro non ha, per restaurare un giardino dimenticato e farne uno spazio per i giochi per chi quello spazio non ha\u201d, si arricchisce di un nuovo importante tassello, che fa conoscere e apprezzare il volto solidale generoso e operoso della nostra citt\u00e0.<\/span><\/em><\/span><\/span><span style=\"font-size:12.0pt;\nfont-family:\"Times New Roman\",\"serif\"\"><o:p><\/o:p><\/span><\/div>\n<div><span style=\"font-size: medium;\"><span style=\"font-family: 'Times New Roman';\"><em><span style=\"font-style: normal;\">I volontari dell&#8217;<\/span><\/em><strong><span style=\"font-weight: normal;\">Associazione Progetto Luna<\/span><\/strong><em><span style=\"font-style: normal;\">, che dal 2002 opera all\u2019interno dell&#8217;Unit\u00e0 Operativa di Oncologia del Presidio ospedaliero S. Elia di Caltanissetta, nell&#8217;ambito dell&#8217;iniziativa &#8220;Vivere L&#8217;Ospedale&#8221;, promossa dal direttore, Stefano Vitello, hanno dato vita ad un &#8220;Laboratorio Creativo&#8221; che si \u00e8 svolto ogni secondo marted\u00ec del mese presso la sala di attesa dell&#8217;oncologia e nella sede dell&#8217;Associazione, coinvolgendo i pazienti oncologici, familiari, operatori sanitari nella realizzazione di alcuni manufatti, e hanno voluto devolvere il ricavato della loro vendita per continuare il recupero del giardino di Santa Croce: i bambini del quartiere potranno giocare pi\u00f9 sicuri nel giardino recuperato e attrezzato, che con questo nuovo intervento sar\u00e0 dotato di una recinzione. Inoltre il <\/span><\/em><strong><span style=\"font-weight: normal;\">Club Garden <\/span><\/strong><em><span style=\"font-style: normal;\">\u201c<\/span><\/em><strong><span style=\"font-weight: normal;\">La Ferula<\/span><\/strong><em><span style=\"font-style: normal;\">\u201d di <\/span><\/em><strong><span style=\"font-weight: normal;\">Caltanissetta<\/span><\/strong><em><span style=\"font-style: normal;\">, a tempo propizio, metter\u00e0 a dimora in quella stessa area giovani piante, restituendole l\u2019antico aspetto. Un percorso lento ma continuo, sostenuto dal parroco, padre Pietro Riggi, e da Giacomo Tuccio, presidente del Comitato di quartiere.<\/span><\/em><\/span><\/span><span style=\"font-size:12.0pt;font-family:\"Times New Roman\",\"serif\"\"><o:p><\/o:p><\/span><\/div>\n<div><span style=\"font-size: medium;\"><span style=\"font-family: 'Times New Roman';\"><em><span style=\"font-style: normal;\">Per condividere il piacere di questo momento il Museo diocesano del Seminario vescovile &#8220;G. Speciale&#8221; e l&#8217;associazione Progetto Luna invitano tutti i cittadini, venerd\u00ec 4 marzo alle ore 18.30, subito dopo la celebrazione della santa messa, nella chiesa di Santa Croce alla Badia ad un concerto nel quale si esibiranno una formazione di ottoni, il Trio Brass, e Emanuele Di Bella, chitarra solista, allievi dell&#8217;Istituto Superiore di Studi Musicale &#8220;V. Bellini&#8221; di Caltanissetta. [01]<\/span><\/em><\/span><\/span><span style=\"font-size:12.0pt;font-family:\"Times New Roman\",\"serif\"\"><o:p><\/o:p><\/span><\/div>\n","protected":false},"excerpt":{"rendered":"","protected":false},"author":1,"featured_media":0,"comment_status":"open","ping_status":"open","sticky":false,"template":"","format":"standard","meta":[],"categories":[30],"tags":[],"news-destination":[],"news-source":[],"is_homepage":[],"ta_other":[],"_links":{"self":[{"href":"https:\/\/www.chiesedisicilia.org\/chiesedisicilia\/news\/wp-json\/wp\/v2\/posts\/1841"}],"collection":[{"href":"https:\/\/www.chiesedisicilia.org\/chiesedisicilia\/news\/wp-json\/wp\/v2\/posts"}],"about":[{"href":"https:\/\/www.chiesedisicilia.org\/chiesedisicilia\/news\/wp-json\/wp\/v2\/types\/post"}],"author":[{"embeddable":true,"href":"https:\/\/www.chiesedisicilia.org\/chiesedisicilia\/news\/wp-json\/wp\/v2\/users\/1"}],"replies":[{"embeddable":true,"href":"https:\/\/www.chiesedisicilia.org\/chiesedisicilia\/news\/wp-json\/wp\/v2\/comments?post=1841"}],"version-history":[{"count":1,"href":"https:\/\/www.chiesedisicilia.org\/chiesedisicilia\/news\/wp-json\/wp\/v2\/posts\/1841\/revisions"}],"predecessor-version":[{"id":20328,"href":"https:\/\/www.chiesedisicilia.org\/chiesedisicilia\/news\/wp-json\/wp\/v2\/posts\/1841\/revisions\/20328"}],"wp:attachment":[{"href":"https:\/\/www.chiesedisicilia.org\/chiesedisicilia\/news\/wp-json\/wp\/v2\/media?parent=1841"}],"wp:term":[{"taxonomy":"category","embeddable":true,"href":"https:\/\/www.chiesedisicilia.org\/chiesedisicilia\/news\/wp-json\/wp\/v2\/categories?post=1841"},{"taxonomy":"post_tag","embeddable":true,"href":"https:\/\/www.chiesedisicilia.org\/chiesedisicilia\/news\/wp-json\/wp\/v2\/tags?post=1841"},{"taxonomy":"news-destination","embeddable":true,"href":"https:\/\/www.chiesedisicilia.org\/chiesedisicilia\/news\/wp-json\/wp\/v2\/news-destination?post=1841"},{"taxonomy":"news-source","embeddable":true,"href":"https:\/\/www.chiesedisicilia.org\/chiesedisicilia\/news\/wp-json\/wp\/v2\/news-source?post=1841"},{"taxonomy":"is_homepage","embeddable":true,"href":"https:\/\/www.chiesedisicilia.org\/chiesedisicilia\/news\/wp-json\/wp\/v2\/is_homepage?post=1841"},{"taxonomy":"ta_other","embeddable":true,"href":"https:\/\/www.chiesedisicilia.org\/chiesedisicilia\/news\/wp-json\/wp\/v2\/ta_other?post=1841"}],"curies":[{"name":"wp","href":"https:\/\/api.w.org\/{rel}","templated":true}]}}