{"id":184,"date":"2018-05-07T14:16:17","date_gmt":"2018-05-07T12:16:17","guid":{"rendered":"http:\/\/euwp06.tecnavia.com\/chiesedisicilia\/news\/?p=184"},"modified":"2018-06-15T08:01:35","modified_gmt":"2017-08-19T08:01:35","slug":"commissione-presbiterale-siciliana-giornata-sacerdotale-mariana-regionale","status":"publish","type":"post","link":"https:\/\/www.chiesedisicilia.org\/2018\/05\/07\/commissione-presbiterale-siciliana-giornata-sacerdotale-mariana-regionale\/","title":{"rendered":"COMMISSIONE PRESBITERALE SICILIANA. GIORNATA SACERDOTALE MARIANA REGIONALE"},"content":{"rendered":"<p>Attesi centinaia di sacerdoti al Santuario &#8220;Madonna della Sciara&#8221; di Monpilieri<\/p>\n<p><img alt=\"COMMISSIONE PRESBITERALE SICILIANA. GIORNATA SACERDOTALE MARIANA REGIONALE\" title=\"COMMISSIONE PRESBITERALE SICILIANA. GIORNATA SACERDOTALE MARIANA REGIONALE\" loading=\"lazy\" class=\"size-medium wp-image-187 alignright\" src=\"https:\/\/www.chiesedisicilia.org\/chiesedisicilia\/news\/wp-content\/uploads\/sites\/2\/2018\/05\/Sandro-Botticelli-Madonna-del-Magnificat-1481-detail-.jpg\" alt=\"\" width=\"300\" height=\"222\" srcset=\"https:\/\/euwps05.newsmemory.com\/chiesedisicilia\/news\/wp-content\/uploads\/sites\/2\/2018\/05\/Sandro-Botticelli-Madonna-del-Magnificat-1481-detail-.jpg 800w, https:\/\/euwps05.newsmemory.com\/chiesedisicilia\/news\/wp-content\/uploads\/sites\/2\/2018\/05\/Sandro-Botticelli-Madonna-del-Magnificat-1481-detail--300x222.jpg 300w, https:\/\/euwps05.newsmemory.com\/chiesedisicilia\/news\/wp-content\/uploads\/sites\/2\/2018\/05\/Sandro-Botticelli-Madonna-del-Magnificat-1481-detail--768x569.jpg 768w, https:\/\/euwps05.newsmemory.com\/chiesedisicilia\/news\/wp-content\/uploads\/sites\/2\/2018\/05\/Sandro-Botticelli-Madonna-del-Magnificat-1481-detail--750x556.jpg 750w\" sizes=\"(max-width: 300px) 100vw, 300px\" \/>&#8220;La Madre nostra Santissima propizier\u00e0 soprattutto per noi presbiteri una rinnovata abbondanza di doni dello Spirito che ci sostengono nel nostro generoso ministero a servizio dell&#8217;amata gente di Sicilia&#8221;: cos\u00ec S. Ecc.za mons. Salvatore Gristina, Arcivescovo di Catania, si rivolge ai sacerdoti della Regione Ecclesiastica Siciliana, invitandoli per il 10 Giugno 2014 a celebrare, presso il Santuario della Madonna della Sciara a Mompilieri, la Giornata Sacerdotale Mariana \u00a0Regionale 2014.\u00a0In programma per l&#8217;evento, organizzato dalla Commissione Presbiterale Siciliana, \u00a0il saluto dell&#8217;Arcivescovo di Catania, mons. Salvatore Gristina, e del Vescovo delegato per il Clero, mons. Carmelo Cuttitta, la Riflessione di p. Ermes Ronchi sul tema &#8220;Cerco nel cuore le pi\u00f9 belle parole&#8221;. Il Cardinale Paolo Romeo, Presidente della Cesi, presieder\u00e0 la Celebrazione Eucaristica.\u00a0\u00a0Ai membri dei direttivi dei consigli presbiterali siciliani, inoltre, \u00e8 stato esteso l&#8217;invito a partecipare ad un incontro che il giorno prima\u00a0 della Giornata Sacerdotale Mariana, il 9 Giugno, si terr\u00e0 a partire dalle 16 sempre a Mascalucia presso la casa esercizi spirituali dei PP. Passionisti. &#8220;L\u2019occasione &#8211; scrive don Salvo Priola, segretario della CPS &#8211; sar\u00e0 propizia anche per avviare un dialogo e un confronto che vorremmo continuasse nel tempo avvenire e per dare avvio alla preparazione remota del convegno che dovr\u00e0 vederci pienamente coinvolti durante l\u2019anno pastorale 2014-2015&#8221;.\u00a0\u00c8 previsto, infatti, per il 23-26 novembre 2015 la celebrazione del V Convegno regionale dei Presbiteri, in preparazione del quale \u00e8 gi\u00e0 avviata la fase preparatoria che chiamer\u00e0 i direttivi dei Consigli presbiterali diocesani e, successivamente anche ogni Consiglio, a collaborare per il pieno coinvolgimento di \u00a0tutti i Presbiteri di ogni diocesi.\u00a0\u00a0In allegato il depliant dellla Giornata Sacerdotale Mariana<\/p>\n","protected":false},"excerpt":{"rendered":"","protected":false},"author":1,"featured_media":187,"comment_status":"open","ping_status":"open","sticky":false,"template":"","format":"standard","meta":[],"categories":[33],"tags":[],"news-destination":[],"news-source":[],"is_homepage":[],"ta_other":[],"_links":{"self":[{"href":"https:\/\/www.chiesedisicilia.org\/chiesedisicilia\/news\/wp-json\/wp\/v2\/posts\/184"}],"collection":[{"href":"https:\/\/www.chiesedisicilia.org\/chiesedisicilia\/news\/wp-json\/wp\/v2\/posts"}],"about":[{"href":"https:\/\/www.chiesedisicilia.org\/chiesedisicilia\/news\/wp-json\/wp\/v2\/types\/post"}],"author":[{"embeddable":true,"href":"https:\/\/www.chiesedisicilia.org\/chiesedisicilia\/news\/wp-json\/wp\/v2\/users\/1"}],"replies":[{"embeddable":true,"href":"https:\/\/www.chiesedisicilia.org\/chiesedisicilia\/news\/wp-json\/wp\/v2\/comments?post=184"}],"version-history":[{"count":4,"href":"https:\/\/www.chiesedisicilia.org\/chiesedisicilia\/news\/wp-json\/wp\/v2\/posts\/184\/revisions"}],"predecessor-version":[{"id":369,"href":"https:\/\/www.chiesedisicilia.org\/chiesedisicilia\/news\/wp-json\/wp\/v2\/posts\/184\/revisions\/369"}],"wp:featuredmedia":[{"embeddable":true,"href":"https:\/\/www.chiesedisicilia.org\/chiesedisicilia\/news\/wp-json\/wp\/v2\/media\/187"}],"wp:attachment":[{"href":"https:\/\/www.chiesedisicilia.org\/chiesedisicilia\/news\/wp-json\/wp\/v2\/media?parent=184"}],"wp:term":[{"taxonomy":"category","embeddable":true,"href":"https:\/\/www.chiesedisicilia.org\/chiesedisicilia\/news\/wp-json\/wp\/v2\/categories?post=184"},{"taxonomy":"post_tag","embeddable":true,"href":"https:\/\/www.chiesedisicilia.org\/chiesedisicilia\/news\/wp-json\/wp\/v2\/tags?post=184"},{"taxonomy":"news-destination","embeddable":true,"href":"https:\/\/www.chiesedisicilia.org\/chiesedisicilia\/news\/wp-json\/wp\/v2\/news-destination?post=184"},{"taxonomy":"news-source","embeddable":true,"href":"https:\/\/www.chiesedisicilia.org\/chiesedisicilia\/news\/wp-json\/wp\/v2\/news-source?post=184"},{"taxonomy":"is_homepage","embeddable":true,"href":"https:\/\/www.chiesedisicilia.org\/chiesedisicilia\/news\/wp-json\/wp\/v2\/is_homepage?post=184"},{"taxonomy":"ta_other","embeddable":true,"href":"https:\/\/www.chiesedisicilia.org\/chiesedisicilia\/news\/wp-json\/wp\/v2\/ta_other?post=184"}],"curies":[{"name":"wp","href":"https:\/\/api.w.org\/{rel}","templated":true}]}}