{"id":18386,"date":"2024-04-15T17:02:03","date_gmt":"2024-04-15T15:02:03","guid":{"rendered":"http:\/\/euwps05.newsmemory.com\/chiesedisicilia\/news\/?p=18386"},"modified":"2024-04-15T17:09:34","modified_gmt":"2023-06-20T17:09:34","slug":"potenzialita-e-rischi-del-web-per-la-pastorale-quotidiana-formare-i-giovani-nel-mondo-digitale","status":"publish","type":"post","link":"https:\/\/www.chiesedisicilia.org\/2024\/04\/15\/potenzialita-e-rischi-del-web-per-la-pastorale-quotidiana-formare-i-giovani-nel-mondo-digitale\/","title":{"rendered":"POTENZIALIT\u00c0 E RISCHI DEL WEB PER LA PASTORALE QUOTIDIANA: FORMARE I GIOVANI NEL MONDO DIGITALE &#8211; cronaca e video"},"content":{"rendered":"<p>A Caltanissetta si \u00e8 tenuto sabato 13 aprile 2024 l&#8217;incontro di formazione delle Commissione dell&#8217;Ufficio regionale per i Giovani e di quella dell&#8217;Ufficio per la Cultura e le Comunicazioni sociali.<\/p>\n<p>Il tema trattato, &#8220;potenzialit\u00e0 e rischi del web per la pastorale quotidiana&#8221;, \u00e8 stato il punto di partenza per un&#8217;attenta analisi dei fenomeni digitali.<\/p>\n<p>Presenti all&#8217;incontro il vescovo di Acireale mons. Antonino Raspanti, presidente della CESi, don Gaetano Gulotta, direttore dell&#8217;ufficio regionale per la pastorale giovanile e don Arturo Grasso, direttore dell&#8217;Ufficio regionale per le comunicazioni sociali.<\/p>\n<p>In collegamento da remoto erano invece il vescovo di Trapani mons. Pietro Maria Fragnelli, delegato per i Giovani della CESi, ed il vescovo di Siracusa mons. Francesco Lomanto, delegato per le Comunicazioni sociali.<\/p>\n<p>A condurre i due momenti formativi: Don Fortunato di Noto, responsabile del Centro ascolto regionale del Servizio per la Tutela dei Minori della CESi, e l&#8217;ispettore Luigi Lombardo, della Polizia di Stato.<\/p>\n<p><img alt=\"POTENZIALIT\u00c0 E RISCHI DEL WEB PER LA PASTORALE QUOTIDIANA: FORMARE I GIOVANI NEL MONDO DIGITALE - cronaca e video\" title=\"POTENZIALIT\u00c0 E RISCHI DEL WEB PER LA PASTORALE QUOTIDIANA: FORMARE I GIOVANI NEL MONDO DIGITALE - cronaca e video\" loading=\"lazy\" class=\"size-medium wp-image-18383 alignleft\" src=\"https:\/\/www.chiesedisicilia.org\/chiesedisicilia\/news\/wp-content\/uploads\/sites\/2\/2024\/04\/CESI-Giovani-e-Comunicazioni-Aprile-2024-02.jpg\" alt=\"\" width=\"300\" height=\"225\" \/>Don Fortunato, fondatore e presidente dell&#8217;associazione Meter che da trentacinque anni si occupa di intervenire in difesa dei minori, ha introdotto il primo dei due temi &#8220;l&#8217;uso dei social nella pastorale delle nostre realt\u00e0 ecclesiali: vantaggi e svantaggi&#8221;.<\/p>\n<p>A colpire sono principalmente i dati che emergono dal report che l&#8217;associazione Meter ha presentato per il 2023 e che mostra come il numero di abusi su minore non solo \u00e8 in crescita, ma travalica i confini del reale e si spinge su internet.<\/p>\n<p><iframe loading=\"lazy\" width=\"640\" height=\"360\" src=\"https:\/\/www.youtube.com\/embed\/XBt3yVeNBHk?feature=oembed\" frameborder=\"0\" allow=\"accelerometer; autoplay; clipboard-write; encrypted-media; gyroscope; picture-in-picture; web-share\" referrerpolicy=\"strict-origin-when-cross-origin\" allowfullscreen title=\"Potenzialit\u00e0 e rischi del web per la pastorale quotidiana\"><\/iframe><\/p>\n<p>Dal dark web ad archivi compressi, sono numerose le cartelle segnalate alla polizia postale che contengono foto e video di minori.<\/p>\n<p>Il report ha inoltre evidenziato come molti sono anche i giovani disabili che vengono contattati sui social network, circuiti e indotti alla realizzazione di materiale pornografico.<\/p>\n<p><img alt=\"POTENZIALIT\u00c0 E RISCHI DEL WEB PER LA PASTORALE QUOTIDIANA: FORMARE I GIOVANI NEL MONDO DIGITALE - cronaca e video\" title=\"POTENZIALIT\u00c0 E RISCHI DEL WEB PER LA PASTORALE QUOTIDIANA: FORMARE I GIOVANI NEL MONDO DIGITALE - cronaca e video\" loading=\"lazy\" class=\"size-medium wp-image-18384 alignright\" src=\"https:\/\/www.chiesedisicilia.org\/chiesedisicilia\/news\/wp-content\/uploads\/sites\/2\/2024\/04\/CESI-Giovani-e-Comunicazioni-Aprile-2024-01.jpg\" alt=\"\" width=\"300\" height=\"225\" \/>In questi giovani e giovanissimi, che gi\u00e0 per naturale condizione versano in situazione di vulnerabilit\u00e0, \u00e8 purtroppo sempre pi\u00f9 presente il fattore abusante, anche legato alla scarsa o inesistente capacit\u00e0 di comunicare le proprie esperienze e i propri disagi.<\/p>\n<p>Ancora l&#8217;accento \u00e8 stato posto sul fenomeno della &#8220;pedomama&#8221;, ovvero quando le donne, spesso madri, abusano sessualmente o permettono che qualcuno abusi dei neonati. Non secondario l&#8217;aumento dei casi in cui siano minori ad abusare di altri minori, in violenze spesso di gruppo.<\/p>\n<p>Il vescovo Raspanti: &#8220;Come comunit\u00e0, il nostro obiettivo deve essere quello di assicurare che i giovani non solo navighino in sicurezza, ma anche che trovino in Internet uno spazio per esprimere le loro potenzialit\u00e0, scoprire opportunit\u00e0 educative e stabilire connessioni umane positive. Vogliamo garantire che i giovani siano equipaggiati per affrontare le sfide del mondo digitale, mantenendo un equilibrio tra innovazione e tradizione&#8221;.<\/p>\n<p><iframe loading=\"lazy\" width=\"640\" height=\"360\" src=\"https:\/\/www.youtube.com\/embed\/sgMYgbG7ipA?feature=oembed\" frameborder=\"0\" allow=\"accelerometer; autoplay; clipboard-write; encrypted-media; gyroscope; picture-in-picture; web-share\" referrerpolicy=\"strict-origin-when-cross-origin\" allowfullscreen title=\"Verso una educazione digitale responsabile. Guidare i giovani nel labirinto di internet\"><\/iframe><\/p>\n<p>Oggigiorno a dare un contributo negativo a questa realt\u00e0 \u00e8 anche il fenomeno dell&#8217;IA, capace di modificare immagini e rendere un innocente bambino protagonista di foto scandalose e sessualmente allettanti.<\/p>\n<p><img alt=\"POTENZIALIT\u00c0 E RISCHI DEL WEB PER LA PASTORALE QUOTIDIANA: FORMARE I GIOVANI NEL MONDO DIGITALE - cronaca e video\" title=\"POTENZIALIT\u00c0 E RISCHI DEL WEB PER LA PASTORALE QUOTIDIANA: FORMARE I GIOVANI NEL MONDO DIGITALE - cronaca e video\" loading=\"lazy\" class=\"size-medium wp-image-18385 alignleft\" src=\"https:\/\/www.chiesedisicilia.org\/chiesedisicilia\/news\/wp-content\/uploads\/sites\/2\/2024\/04\/CESI-Giovani-e-Comunicazioni-Aprile-2024-06.jpg\" alt=\"\" width=\"300\" height=\"225\" \/>Come ha ribadito lo stesso don Fortunato: &#8220;La societ\u00e0 deve essere pi\u00f9 consapevole che il dramma c&#8217;\u00e8 e devasta ogni anno centinaia di minori. Solo azioni preventive e sensibilizzanti, unite a quelle formative, possono ridurre il fenomeno e portarlo alla sua scomparsa&#8221;.<\/p>\n<p>Di &#8220;Buone prassi di prevenzione online e offline&#8221; ha parlato invece il dott. Luigi Lombardo, ispettore della Polizia di Stato. Nel suo intervento, puntuale e dettagliato, ha riportato la sua esperienza personale. Gli spunti di prevenzione proposti sono sicuramente tanti, ma resta fondamentale conoscere la realt\u00e0 del web in cui i giovanissimi vivono.<\/p>\n<p style=\"text-align: left\">Dalle challenge che mettono a repentaglio la loro vita al bisogno di accettazione sociale: tutto si riversa in contenuti social.\u00a0L&#8217;approvazione, il disagio, il non sentirsi abbastanza, l&#8217;aver bisogno di farsi parte di qualcosa spingono ogni giorno centinaia di giovani a mettersi a nudo davanti ad uno smartphone, a scoprire i propri limiti con sfide sempre pi\u00f9 pericolose e letali che conducono alcuni di loro alla morte. Il valore della vita stessa diventa un dato relativo alla possibilit\u00e0 di raccogliere qualche like in pi\u00f9.<\/p>\n<p style=\"text-align: right\">Chiara Costanzo<\/p>\n<p style=\"text-align: right\"><em>Ufficio per le Comunicazioni sociali<\/em><\/p>\n<p style=\"text-align: right\"><em>Diocesi di Acireale<\/em><\/p>\n","protected":false},"excerpt":{"rendered":"","protected":false},"author":4,"featured_media":18382,"comment_status":"closed","ping_status":"closed","sticky":false,"template":"","format":"standard","meta":[],"categories":[7],"tags":[],"news-destination":[],"news-source":[],"is_homepage":[],"ta_other":[],"_links":{"self":[{"href":"https:\/\/www.chiesedisicilia.org\/chiesedisicilia\/news\/wp-json\/wp\/v2\/posts\/18386"}],"collection":[{"href":"https:\/\/www.chiesedisicilia.org\/chiesedisicilia\/news\/wp-json\/wp\/v2\/posts"}],"about":[{"href":"https:\/\/www.chiesedisicilia.org\/chiesedisicilia\/news\/wp-json\/wp\/v2\/types\/post"}],"author":[{"embeddable":true,"href":"https:\/\/www.chiesedisicilia.org\/chiesedisicilia\/news\/wp-json\/wp\/v2\/users\/4"}],"replies":[{"embeddable":true,"href":"https:\/\/www.chiesedisicilia.org\/chiesedisicilia\/news\/wp-json\/wp\/v2\/comments?post=18386"}],"version-history":[{"count":2,"href":"https:\/\/www.chiesedisicilia.org\/chiesedisicilia\/news\/wp-json\/wp\/v2\/posts\/18386\/revisions"}],"predecessor-version":[{"id":23996,"href":"https:\/\/www.chiesedisicilia.org\/chiesedisicilia\/news\/wp-json\/wp\/v2\/posts\/18386\/revisions\/23996"}],"wp:featuredmedia":[{"embeddable":true,"href":"https:\/\/www.chiesedisicilia.org\/chiesedisicilia\/news\/wp-json\/wp\/v2\/media\/18382"}],"wp:attachment":[{"href":"https:\/\/www.chiesedisicilia.org\/chiesedisicilia\/news\/wp-json\/wp\/v2\/media?parent=18386"}],"wp:term":[{"taxonomy":"category","embeddable":true,"href":"https:\/\/www.chiesedisicilia.org\/chiesedisicilia\/news\/wp-json\/wp\/v2\/categories?post=18386"},{"taxonomy":"post_tag","embeddable":true,"href":"https:\/\/www.chiesedisicilia.org\/chiesedisicilia\/news\/wp-json\/wp\/v2\/tags?post=18386"},{"taxonomy":"news-destination","embeddable":true,"href":"https:\/\/www.chiesedisicilia.org\/chiesedisicilia\/news\/wp-json\/wp\/v2\/news-destination?post=18386"},{"taxonomy":"news-source","embeddable":true,"href":"https:\/\/www.chiesedisicilia.org\/chiesedisicilia\/news\/wp-json\/wp\/v2\/news-source?post=18386"},{"taxonomy":"is_homepage","embeddable":true,"href":"https:\/\/www.chiesedisicilia.org\/chiesedisicilia\/news\/wp-json\/wp\/v2\/is_homepage?post=18386"},{"taxonomy":"ta_other","embeddable":true,"href":"https:\/\/www.chiesedisicilia.org\/chiesedisicilia\/news\/wp-json\/wp\/v2\/ta_other?post=18386"}],"curies":[{"name":"wp","href":"https:\/\/api.w.org\/{rel}","templated":true}]}}