{"id":18371,"date":"2024-03-26T21:27:42","date_gmt":"2024-03-26T20:27:42","guid":{"rendered":"http:\/\/euwps06.newsmemory.com\/chiesedisicilia\/news\/?p=18371"},"modified":"2024-03-26T21:29:28","modified_gmt":"2023-05-31T21:29:28","slug":"amara-e-la-festa-il-popolo-e-la-sua-pieta-nella-settimana-santa-e-nella-pasqua-aragonese","status":"publish","type":"post","link":"https:\/\/www.chiesedisicilia.org\/2024\/03\/26\/amara-e-la-festa-il-popolo-e-la-sua-pieta-nella-settimana-santa-e-nella-pasqua-aragonese\/","title":{"rendered":"AMARA E&#8217; LA FESTA. IL POPOLO E LA SUA PIETA&#8217; NELLA SETTIMANA SANTA E NELLA PASQUA ARAGONESE"},"content":{"rendered":"<p><em>di Alfonso Cacciatore<\/em><\/p>\n<p>Dalla piet\u00e0 del popolo e precipuamente da quella del popolo aragonese muove questa ricerca a carattere storico-teologico che cerca di rinvenire nei luoghi, nell\u2019economia, nelle sonorit\u00e0, nei riti e financo negli usi culinari, la \u00abfondatezza delle pratiche religiose che da Aragona abbracciano tutta la vita cristiana e in special modo quella del Meridione, legata sin dai primi secoli di storia a quel sensus fidei popolare che unisce ogni ceto e ogni rango\u00bb. Se molte delle forme di piet\u00e0 del passato sono ormai reminiscenza, la Settimana Santa e la Pasqua aragonese sono ancora vive perch\u00e9 le realt\u00e0 che significano concorrono alla costituzione dell\u2019identit\u00e0 popolare. Nel piccolo centro dell\u2019agrigentino, Settimana Santa e Pasqua hanno avuto e continuano ad avere la funzione di nesso storico-sociale nel processo di formazione culturale. La complessit\u00e0 della festa aragonese \u00e8, in definitiva, una concrezione nella quale si stratificano e si amalgamano i diversi elementi che l\u2019autore rinviene ed esamina. Nelle ricche tessiture del volume si intrecciano memoria storica, intelligenza teologica, demologia e saggezza popolare: elementi di una crasi vera e propria che tende a rendere il lettore partecipe, protagonista, mai freddo spettatore. [Dalla IV di copertina]<\/p>\n<p>&nbsp;<\/p>\n<p style=\"text-align: center\"><strong>AMARA E&#8217; LA FESTA.\u00a0<\/strong><strong>Il popolo e la sua piet\u00e0<\/strong><\/p>\n<p style=\"text-align: center\"><strong>nella Settimana Santa e nella Pasqua aragonese<\/strong><\/p>\n<p style=\"text-align: center\"><strong>Autore<\/strong> Alfonso Cacciatore<\/p>\n<p style=\"text-align: center\"><strong>Editore<\/strong> Il pozzo di Giacobbe<\/p>\n<p style=\"text-align: center\"><strong>Pagine<\/strong> 284<\/p>\n<p style=\"text-align: center\"><strong>Prezzo di copertina<\/strong> 25,00\u00a0\u20ac<\/p>\n<p style=\"text-align: center\"><strong>Presentazione al testo<\/strong> mons. Alessandro Damiano,<\/p>\n<p style=\"text-align: center\">Arcivescovo di Agrigento<\/p>\n<p>&nbsp;<\/p>\n<p><em>Alfonso Cacciatore \u00e8 dottorando alla Facolt\u00e0 Teologica di Sicilia &#8220;San Giovanni Evangelista&#8221;, Palermo; insegna Religione Cattolica nella scuola pubblica. Per <\/em>Il Pozzo di Giacobbe<em>, con Stefano Nastasi, ha scritto <\/em>Sbarchi di umanit\u00e0. Lampedusa, Un contributo mediterraneo alla Teologia dei poveri<\/p>\n","protected":false},"excerpt":{"rendered":"","protected":false},"author":4,"featured_media":18370,"comment_status":"closed","ping_status":"closed","sticky":false,"template":"","format":"standard","meta":[],"categories":[27],"tags":[],"news-destination":[],"news-source":[],"is_homepage":[],"ta_other":[],"_links":{"self":[{"href":"https:\/\/www.chiesedisicilia.org\/chiesedisicilia\/news\/wp-json\/wp\/v2\/posts\/18371"}],"collection":[{"href":"https:\/\/www.chiesedisicilia.org\/chiesedisicilia\/news\/wp-json\/wp\/v2\/posts"}],"about":[{"href":"https:\/\/www.chiesedisicilia.org\/chiesedisicilia\/news\/wp-json\/wp\/v2\/types\/post"}],"author":[{"embeddable":true,"href":"https:\/\/www.chiesedisicilia.org\/chiesedisicilia\/news\/wp-json\/wp\/v2\/users\/4"}],"replies":[{"embeddable":true,"href":"https:\/\/www.chiesedisicilia.org\/chiesedisicilia\/news\/wp-json\/wp\/v2\/comments?post=18371"}],"version-history":[{"count":1,"href":"https:\/\/www.chiesedisicilia.org\/chiesedisicilia\/news\/wp-json\/wp\/v2\/posts\/18371\/revisions"}],"predecessor-version":[{"id":23992,"href":"https:\/\/www.chiesedisicilia.org\/chiesedisicilia\/news\/wp-json\/wp\/v2\/posts\/18371\/revisions\/23992"}],"wp:featuredmedia":[{"embeddable":true,"href":"https:\/\/www.chiesedisicilia.org\/chiesedisicilia\/news\/wp-json\/wp\/v2\/media\/18370"}],"wp:attachment":[{"href":"https:\/\/www.chiesedisicilia.org\/chiesedisicilia\/news\/wp-json\/wp\/v2\/media?parent=18371"}],"wp:term":[{"taxonomy":"category","embeddable":true,"href":"https:\/\/www.chiesedisicilia.org\/chiesedisicilia\/news\/wp-json\/wp\/v2\/categories?post=18371"},{"taxonomy":"post_tag","embeddable":true,"href":"https:\/\/www.chiesedisicilia.org\/chiesedisicilia\/news\/wp-json\/wp\/v2\/tags?post=18371"},{"taxonomy":"news-destination","embeddable":true,"href":"https:\/\/www.chiesedisicilia.org\/chiesedisicilia\/news\/wp-json\/wp\/v2\/news-destination?post=18371"},{"taxonomy":"news-source","embeddable":true,"href":"https:\/\/www.chiesedisicilia.org\/chiesedisicilia\/news\/wp-json\/wp\/v2\/news-source?post=18371"},{"taxonomy":"is_homepage","embeddable":true,"href":"https:\/\/www.chiesedisicilia.org\/chiesedisicilia\/news\/wp-json\/wp\/v2\/is_homepage?post=18371"},{"taxonomy":"ta_other","embeddable":true,"href":"https:\/\/www.chiesedisicilia.org\/chiesedisicilia\/news\/wp-json\/wp\/v2\/ta_other?post=18371"}],"curies":[{"name":"wp","href":"https:\/\/api.w.org\/{rel}","templated":true}]}}