{"id":1835,"date":"2015-12-11T12:33:00","date_gmt":"2015-12-11T11:33:00","guid":{"rendered":"http:\/\/wptestsite.tecnavia.com\/chiesedisicilia_clientsite\/news\/2015\/12\/11\/caltanissetta-museo-diocesano-concerto-di-natale-del-coro-don-milani\/"},"modified":"2018-11-09T11:00:47","modified_gmt":"2018-01-13T11:00:47","slug":"caltanissetta-museo-diocesano-concerto-di-natale-del-coro-don-milani","status":"publish","type":"post","link":"https:\/\/www.chiesedisicilia.org\/2015\/12\/11\/caltanissetta-museo-diocesano-concerto-di-natale-del-coro-don-milani\/","title":{"rendered":"CALTANISSETTA. MUSEO DIOCESANO: CONCERTO DI NATALE DEL CORO DON MILANI"},"content":{"rendered":"<div><span style=\"font-size: medium;\"><span style=\"font-family: 'Times New Roman';\">Nell\u2019Auditorium del Seminario vescovile \u201cG. Speciale\u201d di Caltanissetta, il Coro polifonico Don Milani, diretto dal maestro Rosario Randazzo<i>,<\/i> eseguir\u00e0 un concerto di canti natalizi d\u2019autore e della tradizione. L&#8217;evento \u00e8 in programma luned\u00ec 14 dicembre 2015, alle ore 18.<\/span><\/span><b><span style=\"font-size:12.0pt;font-family:\n\"Times New Roman\",\"serif\"\"><o:p><\/o:p><\/span><\/b><\/div>\n<div><span style=\"font-size: medium;\"><span style=\"font-family: 'Times New Roman';\">Fondato nel 1986 presso la scuola primaria dalla quale prende il nome, il coro \u201cdon Milani\u201d si propone da sempre di diffondere la conoscenza e l\u2019interesse per la musica attraverso il canto corale. Per i quasi 50 elementi che lo compongono, ritrovarsi insieme, studiare e provare i testi di un repertorio ampio che spazia dal sacro al profano al pop, condividere nella disciplina una passione comune, ha nel tempo creato relazioni di stima e di amicizia che valorizzano ogni loro esibizione. <\/span><\/span><span style=\"font-family:\"Times New Roman\",\"serif\"\"><o:p><\/o:p><\/span><\/div>\n<div><span style=\"font-size: medium;\"><span style=\"font-family: 'Times New Roman';\">Il coro ha al suo attivo centinaia di concerti, tenuti per conto di Associazioni musicali, culturali e per Amministrazioni locali. Ha partecipato a svariate rassegne corali sia in Italia che all\u2019estero, conseguendo brillanti risultati ed unanimi consensi. Dal 2002 \u00e8 diretto dal maestro Rosario Randazzo, pianista con una grande passione per il canto, la coralit\u00e0 e la musica da camera, alla quale dedica la maggior parte della sue competenze musicali; il maestro \u00e8 titolare della cattedra di lettura e pratica pianistica presso il Conservatorio di Palermo.<\/span><\/span><span style=\"font-size:12.0pt;font-family:\"Times New Roman\",\"serif\";mso-fareast-font-family:\n\"Times New Roman\";mso-bidi-font-style:italic\"><o:p><\/o:p><\/span><\/div>\n<div><span style=\"font-size: medium;\"><span style=\"font-family: 'Times New Roman';\">Prima dell&#8217;inizio del concerto sar\u00e0 possibile visitare nelle sale del Museo Diocesano la mostra &#8220;Il Presepe&#8230; Vangelo di Misericordia. Personaggi del Presepe napoletano del XVIII secolo&#8221;, esposizione museale di straordinari pezzi di grande pregio artistico provenienti dal Museo di San Martino di Napoli che custodisce i nuclei collezionistici pi\u00f9 celebri dell\u2019arte del Presepe napoletano, e da collezione privata. [01]<\/span><\/span><span style=\"font-size:12.0pt;font-family:\"Times New Roman\",\"serif\";mso-fareast-font-family:\n\"Times New Roman\";mso-bidi-font-style:italic\"><o:p><\/o:p><\/span><\/div>\n","protected":false},"excerpt":{"rendered":"","protected":false},"author":1,"featured_media":0,"comment_status":"open","ping_status":"open","sticky":false,"template":"","format":"standard","meta":[],"categories":[30],"tags":[],"news-destination":[],"news-source":[],"is_homepage":[],"ta_other":[],"_links":{"self":[{"href":"https:\/\/www.chiesedisicilia.org\/chiesedisicilia\/news\/wp-json\/wp\/v2\/posts\/1835"}],"collection":[{"href":"https:\/\/www.chiesedisicilia.org\/chiesedisicilia\/news\/wp-json\/wp\/v2\/posts"}],"about":[{"href":"https:\/\/www.chiesedisicilia.org\/chiesedisicilia\/news\/wp-json\/wp\/v2\/types\/post"}],"author":[{"embeddable":true,"href":"https:\/\/www.chiesedisicilia.org\/chiesedisicilia\/news\/wp-json\/wp\/v2\/users\/1"}],"replies":[{"embeddable":true,"href":"https:\/\/www.chiesedisicilia.org\/chiesedisicilia\/news\/wp-json\/wp\/v2\/comments?post=1835"}],"version-history":[{"count":1,"href":"https:\/\/www.chiesedisicilia.org\/chiesedisicilia\/news\/wp-json\/wp\/v2\/posts\/1835\/revisions"}],"predecessor-version":[{"id":20324,"href":"https:\/\/www.chiesedisicilia.org\/chiesedisicilia\/news\/wp-json\/wp\/v2\/posts\/1835\/revisions\/20324"}],"wp:attachment":[{"href":"https:\/\/www.chiesedisicilia.org\/chiesedisicilia\/news\/wp-json\/wp\/v2\/media?parent=1835"}],"wp:term":[{"taxonomy":"category","embeddable":true,"href":"https:\/\/www.chiesedisicilia.org\/chiesedisicilia\/news\/wp-json\/wp\/v2\/categories?post=1835"},{"taxonomy":"post_tag","embeddable":true,"href":"https:\/\/www.chiesedisicilia.org\/chiesedisicilia\/news\/wp-json\/wp\/v2\/tags?post=1835"},{"taxonomy":"news-destination","embeddable":true,"href":"https:\/\/www.chiesedisicilia.org\/chiesedisicilia\/news\/wp-json\/wp\/v2\/news-destination?post=1835"},{"taxonomy":"news-source","embeddable":true,"href":"https:\/\/www.chiesedisicilia.org\/chiesedisicilia\/news\/wp-json\/wp\/v2\/news-source?post=1835"},{"taxonomy":"is_homepage","embeddable":true,"href":"https:\/\/www.chiesedisicilia.org\/chiesedisicilia\/news\/wp-json\/wp\/v2\/is_homepage?post=1835"},{"taxonomy":"ta_other","embeddable":true,"href":"https:\/\/www.chiesedisicilia.org\/chiesedisicilia\/news\/wp-json\/wp\/v2\/ta_other?post=1835"}],"curies":[{"name":"wp","href":"https:\/\/api.w.org\/{rel}","templated":true}]}}