{"id":1833,"date":"2015-12-10T19:38:00","date_gmt":"2015-12-10T18:38:00","guid":{"rendered":"http:\/\/wptestsite.tecnavia.com\/chiesedisicilia_clientsite\/news\/2015\/12\/10\/caltanissetta-parrocchia-provvidenza-inaugurazione-locali\/"},"modified":"2018-11-09T11:00:47","modified_gmt":"2018-01-13T11:00:47","slug":"caltanissetta-parrocchia-provvidenza-inaugurazione-locali","status":"publish","type":"post","link":"https:\/\/www.chiesedisicilia.org\/2015\/12\/10\/caltanissetta-parrocchia-provvidenza-inaugurazione-locali\/","title":{"rendered":"CALTANISSETTA. PARROCCHIA PROVVIDENZA: INAUGURAZIONE LOCALI"},"content":{"rendered":"<div><span style=\"font-size: medium;\"><span style=\"font-family: 'Times New Roman';\">Mercoled\u00ec 9 dicembre 2015, presso la chiesa nissena Santa Maria della Provvidenza, alle ore 17,30, il vescovo della Diocesi, mons. Mario Russotto, celebrer\u00e0 la Santa Messa al termine della quale verranno consegnati i locali adiacenti la chiesa, ristrutturati grazie ai fondi dell\u20198&#215;1000 nel rispetto dei tempi previsti.<\/span><\/span><span style=\"font-size:12.0pt;font-family:\"Times New Roman\",\"serif\";mso-bidi-font-family:\n\"Times New Roman\";mso-bidi-theme-font:minor-bidi\"><o:p><\/o:p><\/span><\/div>\n<div><span style=\"font-size: medium;\"><span style=\"font-family: 'Times New Roman';\">Si conclude, con la fine dei lavori, un lungo periodo che ha avuto un travagliato iter burocratico che \u00e8 durato oltre 8 anni e che ha tenuto impegnati il vescovo e gli uffici di Curia nella ricerca alla soluzione dei numerosi problemi che si sono susseguiti negli anni, tra cui l\u2019unificazione della propriet\u00e0 del fabbricato. \u00c8 stato necessario coinvolgere il Consolato Italiano della citt\u00e0 di Charleroi in Belgio per definire la donazione di parte dell\u2019immobile oggetto dei lavori.<\/span><\/span><span style=\"font-size:12.0pt;font-family:\"Times New Roman\",\"serif\";mso-bidi-font-family:\n\"Times New Roman\";mso-bidi-theme-font:minor-bidi\"><o:p><\/o:p><\/span><\/div>\n<div><span style=\"font-size: medium;\"><span style=\"font-family: 'Times New Roman';\">Il fabbricato, che si presentava diruto, negli ultimi anni ha causato molti problemi alla chiesa adiacente per le continue infiltrazioni di acqua piovana. Il progettista ha predisposto un intervento per il recupero e il riutilizzo del fabbricato che si sviluppa per complessivi mq. 150 ed \u00e8 disposto su due livelli. I costi, in parte coperti dai fondi dell\u20198 per mille della Chiesa Cattolica Italiana e in parte da donazioni dei fedeli.<\/span><\/span><span style=\"font-size:12.0pt;font-family:\"Times New Roman\",\"serif\";mso-bidi-font-family:\n\"Times New Roman\";mso-bidi-theme-font:minor-bidi\"><o:p><\/o:p><\/span><\/div>\n<div><span style=\"font-size: medium;\"><span style=\"font-family: 'Times New Roman';\">&#8220;La Chiesa nissena &#8211; si legge in una nota stampa &#8211; crede nella rinascita del quartiere, e con questo impegno vuole lanciare un invito a tutte le persone e tutte le istituzioni che possono e devono fare qualcosa per la rinascita di questa Citt\u00e0 che dovrebbe iniziare proprio dal suo centro storico&#8221;. Il parroco, don Salvatore Lovetere, che segue la parrocchia intitolata alla Provvidenza e la parrocchia San Giuseppe \u00e8 impegnato quotidianamente nella zona e utilizzer\u00e0 i locali per scopi pastorali. [01]<\/span><\/span><span style=\"font-size:12.0pt;font-family:\"Times New Roman\",\"serif\";mso-bidi-font-family:\n\"Times New Roman\";mso-bidi-theme-font:minor-bidi\"><o:p><\/o:p><\/span><\/div>\n","protected":false},"excerpt":{"rendered":"","protected":false},"author":1,"featured_media":0,"comment_status":"open","ping_status":"open","sticky":false,"template":"","format":"standard","meta":[],"categories":[30],"tags":[],"news-destination":[],"news-source":[],"is_homepage":[],"ta_other":[],"_links":{"self":[{"href":"https:\/\/www.chiesedisicilia.org\/chiesedisicilia\/news\/wp-json\/wp\/v2\/posts\/1833"}],"collection":[{"href":"https:\/\/www.chiesedisicilia.org\/chiesedisicilia\/news\/wp-json\/wp\/v2\/posts"}],"about":[{"href":"https:\/\/www.chiesedisicilia.org\/chiesedisicilia\/news\/wp-json\/wp\/v2\/types\/post"}],"author":[{"embeddable":true,"href":"https:\/\/www.chiesedisicilia.org\/chiesedisicilia\/news\/wp-json\/wp\/v2\/users\/1"}],"replies":[{"embeddable":true,"href":"https:\/\/www.chiesedisicilia.org\/chiesedisicilia\/news\/wp-json\/wp\/v2\/comments?post=1833"}],"version-history":[{"count":1,"href":"https:\/\/www.chiesedisicilia.org\/chiesedisicilia\/news\/wp-json\/wp\/v2\/posts\/1833\/revisions"}],"predecessor-version":[{"id":20320,"href":"https:\/\/www.chiesedisicilia.org\/chiesedisicilia\/news\/wp-json\/wp\/v2\/posts\/1833\/revisions\/20320"}],"wp:attachment":[{"href":"https:\/\/www.chiesedisicilia.org\/chiesedisicilia\/news\/wp-json\/wp\/v2\/media?parent=1833"}],"wp:term":[{"taxonomy":"category","embeddable":true,"href":"https:\/\/www.chiesedisicilia.org\/chiesedisicilia\/news\/wp-json\/wp\/v2\/categories?post=1833"},{"taxonomy":"post_tag","embeddable":true,"href":"https:\/\/www.chiesedisicilia.org\/chiesedisicilia\/news\/wp-json\/wp\/v2\/tags?post=1833"},{"taxonomy":"news-destination","embeddable":true,"href":"https:\/\/www.chiesedisicilia.org\/chiesedisicilia\/news\/wp-json\/wp\/v2\/news-destination?post=1833"},{"taxonomy":"news-source","embeddable":true,"href":"https:\/\/www.chiesedisicilia.org\/chiesedisicilia\/news\/wp-json\/wp\/v2\/news-source?post=1833"},{"taxonomy":"is_homepage","embeddable":true,"href":"https:\/\/www.chiesedisicilia.org\/chiesedisicilia\/news\/wp-json\/wp\/v2\/is_homepage?post=1833"},{"taxonomy":"ta_other","embeddable":true,"href":"https:\/\/www.chiesedisicilia.org\/chiesedisicilia\/news\/wp-json\/wp\/v2\/ta_other?post=1833"}],"curies":[{"name":"wp","href":"https:\/\/api.w.org\/{rel}","templated":true}]}}