{"id":1830,"date":"2015-10-29T18:57:00","date_gmt":"2015-10-29T17:57:00","guid":{"rendered":"http:\/\/wptestsite.tecnavia.com\/chiesedisicilia_clientsite\/news\/2015\/10\/29\/caltanissetta-servizio-idrico-petizione-popolare\/"},"modified":"2018-11-09T11:00:47","modified_gmt":"2018-01-13T11:00:47","slug":"caltanissetta-servizio-idrico-petizione-popolare","status":"publish","type":"post","link":"https:\/\/www.chiesedisicilia.org\/2015\/10\/29\/caltanissetta-servizio-idrico-petizione-popolare\/","title":{"rendered":"CALTANISSETTA. SERVIZIO IDRICO: PETIZIONE POPOLARE"},"content":{"rendered":"<div><span style=\"font-size:13.0pt;font-family:\"Times New Roman\",\"serif\"\"><span style=\"font-size: medium;\"><span style=\"font-family: 'Times New Roman';\">Il <i>Forum Provinciale Acqua e i Beni Comuni<\/i> di Caltanissetta, nei giorni scorsi, ha attivato una Petizione Popolare &#8211; forte della Legge Regionale Siciliana n. 19 dell&#8217;11.08.2015 &#8211; per la <i>Ripubblicizzazione del Servizio Idrico Integrato,<\/i> chiedendo che siano i Comuni a ritornare a gestire in proprio il Servizio Idrico. La Petizione \u00e8 gi\u00e0 stata avviata con una raccolta firme attraverso un banchetto posto in Piazza Garibaldi a Caltanissetta. <\/span><\/span><o:p><\/o:p><\/span><\/div>\n<div><span style=\"font-size: medium;\"><span style=\"font-family: 'Times New Roman';\">Riconoscendo il valore e la bont\u00e0 della Petizione Popolare in corso <i>&#8211; <\/i>in quanto i primi ad essere penalizzati dalla non ripubblicizzazione del Servizio idrico, sono i pi\u00f9 poveri e indigenti, che subiscono i distacchi idrici quando non pagano le bollette &#8211; il vescovo della Diocesi, mons. Mario Russotto, si \u00e8 subito reso disponibile a benedire e sostenere l&#8217;iniziativa del <i>Forum. <\/i>&#8220;<span style=\"background-image: initial; background-attachment: initial; background-size: initial; background-origin: initial; background-clip: initial; background-position: initial; background-repeat: initial;\">L\u2019acqua \u00e8 fonte di vita, costituisce un bene comune dell\u2019umanit\u00e0, un bene irrinunciabile che appartiene a tutti. Il diritto all&#8217;acqua &#8211; si legge in una nota stampa &#8211; \u00e8 un diritto inalienabile: dunque l&#8217;acqua non pu\u00f2 essere propriet\u00e0 di nessuno, bens\u00ec bene condiviso equamente da tutti&#8221;.<\/span><\/span><\/span><span style=\"font-size:13.0pt;font-family:\"Times New Roman\",\"serif\"\"><i><o:p><\/o:p><\/i><\/span><\/div>\n<div><span style=\"font-size: medium;\"><span style=\"font-family: 'Times New Roman';\">Il Vescovo, pertanto, ha disposto che in tutte le parrocchie della citt\u00e0 dove si presenteranno i membri del <i>Forum, <\/i>si dia l&#8217;autorizzazione a istituire un banchetto per la raccolta delle firme dei fedeli spiegando, durante l&#8217;omelia o al momento degli avvisi, il significato e il valore dell&#8217;iniziativa. [01]<\/span><\/span><span style=\"font-size:13.0pt;font-family:\"Times New Roman\",\"serif\"\"><o:p><\/o:p><\/span><\/div>\n","protected":false},"excerpt":{"rendered":"","protected":false},"author":1,"featured_media":0,"comment_status":"open","ping_status":"open","sticky":false,"template":"","format":"standard","meta":[],"categories":[30],"tags":[],"news-destination":[],"news-source":[],"is_homepage":[],"ta_other":[],"_links":{"self":[{"href":"https:\/\/www.chiesedisicilia.org\/chiesedisicilia\/news\/wp-json\/wp\/v2\/posts\/1830"}],"collection":[{"href":"https:\/\/www.chiesedisicilia.org\/chiesedisicilia\/news\/wp-json\/wp\/v2\/posts"}],"about":[{"href":"https:\/\/www.chiesedisicilia.org\/chiesedisicilia\/news\/wp-json\/wp\/v2\/types\/post"}],"author":[{"embeddable":true,"href":"https:\/\/www.chiesedisicilia.org\/chiesedisicilia\/news\/wp-json\/wp\/v2\/users\/1"}],"replies":[{"embeddable":true,"href":"https:\/\/www.chiesedisicilia.org\/chiesedisicilia\/news\/wp-json\/wp\/v2\/comments?post=1830"}],"version-history":[{"count":1,"href":"https:\/\/www.chiesedisicilia.org\/chiesedisicilia\/news\/wp-json\/wp\/v2\/posts\/1830\/revisions"}],"predecessor-version":[{"id":20317,"href":"https:\/\/www.chiesedisicilia.org\/chiesedisicilia\/news\/wp-json\/wp\/v2\/posts\/1830\/revisions\/20317"}],"wp:attachment":[{"href":"https:\/\/www.chiesedisicilia.org\/chiesedisicilia\/news\/wp-json\/wp\/v2\/media?parent=1830"}],"wp:term":[{"taxonomy":"category","embeddable":true,"href":"https:\/\/www.chiesedisicilia.org\/chiesedisicilia\/news\/wp-json\/wp\/v2\/categories?post=1830"},{"taxonomy":"post_tag","embeddable":true,"href":"https:\/\/www.chiesedisicilia.org\/chiesedisicilia\/news\/wp-json\/wp\/v2\/tags?post=1830"},{"taxonomy":"news-destination","embeddable":true,"href":"https:\/\/www.chiesedisicilia.org\/chiesedisicilia\/news\/wp-json\/wp\/v2\/news-destination?post=1830"},{"taxonomy":"news-source","embeddable":true,"href":"https:\/\/www.chiesedisicilia.org\/chiesedisicilia\/news\/wp-json\/wp\/v2\/news-source?post=1830"},{"taxonomy":"is_homepage","embeddable":true,"href":"https:\/\/www.chiesedisicilia.org\/chiesedisicilia\/news\/wp-json\/wp\/v2\/is_homepage?post=1830"},{"taxonomy":"ta_other","embeddable":true,"href":"https:\/\/www.chiesedisicilia.org\/chiesedisicilia\/news\/wp-json\/wp\/v2\/ta_other?post=1830"}],"curies":[{"name":"wp","href":"https:\/\/api.w.org\/{rel}","templated":true}]}}