{"id":1816,"date":"2015-05-28T16:22:00","date_gmt":"2015-05-28T14:22:00","guid":{"rendered":"http:\/\/wptestsite.tecnavia.com\/chiesedisicilia_clientsite\/news\/2015\/05\/28\/caltanissetta-insieme-giovani-e-famiglie-invertire-la-rotta\/"},"modified":"2018-11-09T11:00:47","modified_gmt":"2018-01-13T11:00:47","slug":"caltanissetta-insieme-giovani-e-famiglie-invertire-la-rotta","status":"publish","type":"post","link":"https:\/\/www.chiesedisicilia.org\/2015\/05\/28\/caltanissetta-insieme-giovani-e-famiglie-invertire-la-rotta\/","title":{"rendered":"CALTANISSETTA. INSIEME GIOVANI E FAMIGLIE: &#8220;INVERTIRE LA ROTTA&#8221;"},"content":{"rendered":"<div><span style=\"font-size: medium;\"><span style=\"font-family: 'Times New Roman';\">Sabato 30 e domenica 31 maggio 2015 si celebrer\u00e0 a Caltanissetta la 10\u00b0 edizione dell\u2019IGF, \u201cInsieme Giovani e Famiglie\u201d. Il tema scelto per la riflessione \u00e8 &#8220;Invertire la rotta&#8221;. L&#8217;evento, che costituisce uno dei pilastri fondamentali della vita della comunit\u00e0 diocesana nissena, \u00e8 il momento conclusivo di un itinerario che attraversa tutto l&#8217;anno pastorale ed \u00e8 preparato sia dalle Lectio di Avvento e di Quaresima tenute dal Vescovo per i giovani e per gli sposi e i fidanzati, sia da tutti quei momenti di incontro e di riflessione sulla Lettera Pastorale che si realizzano nelle varie parrocchie della Diocesi.<\/span><\/span><span style=\"font-size:12.0pt;font-family:\"Times New Roman\",\"serif\"\"><o:p><\/o:p><\/span><\/div>\n<div><span style=\"font-size: medium;\"><span style=\"font-family: 'Times New Roman';\">L&#8217;IGF di quest&#8217;anno, per espresso volere del vescovo mons. Mario Russotto, sar\u00e0 celebrato in maniera pi\u00f9 sobria rispetto agli anni passati, in solidariet\u00e0 alle popolazioni particolarmente provate dai recenti disastri naturali del Nepal. Il vescovo, infatti, ha chiesto alla Commissione organizzatrice di &#8220;invertire la rotta&#8221; intrapresa per la realizzazione dell&#8217;IGF, che prevedeva anche un certo impegno dal punto di vista economico. L&#8217;equivalente risparmiato sar\u00e0 devoluto alla Caritas diocesana che provveder\u00e0 successivamente ad inviarlo alla Caritas Italiana per il sostegno ai terremotati del Nepal. La sobriet\u00e0 dell\u2019evento cos\u00ec modificato sar\u00e0 un segno visibile della solidariet\u00e0 della Chiesa locale verso chi \u00e8 stato colpito da cos\u00ec immane tragedia.<\/span><\/span><span style=\"font-size:12.0pt;font-family:\"Times New Roman\",\"serif\"\"><o:p><\/o:p><\/span><\/div>\n<div><span style=\"font-size: medium;\"><span style=\"font-family: 'Times New Roman';\">Il programma della due giorni subir\u00e0, pertanto, piccole variazioni rispetto a quello gi\u00e0 pubblicizzato dalle locandine anche se, nella sua struttura di fondo, l&#8217;IGF sar\u00e0 in piena continuit\u00e0 con le nove edizioni precedenti. [01]<\/span><\/span><span style=\"font-size:12.0pt;font-family:\"Times New Roman\",\"serif\"\"><o:p><\/o:p><\/span><\/div>\n","protected":false},"excerpt":{"rendered":"","protected":false},"author":1,"featured_media":0,"comment_status":"open","ping_status":"open","sticky":false,"template":"","format":"standard","meta":[],"categories":[30],"tags":[],"news-destination":[],"news-source":[],"is_homepage":[],"ta_other":[],"_links":{"self":[{"href":"https:\/\/www.chiesedisicilia.org\/chiesedisicilia\/news\/wp-json\/wp\/v2\/posts\/1816"}],"collection":[{"href":"https:\/\/www.chiesedisicilia.org\/chiesedisicilia\/news\/wp-json\/wp\/v2\/posts"}],"about":[{"href":"https:\/\/www.chiesedisicilia.org\/chiesedisicilia\/news\/wp-json\/wp\/v2\/types\/post"}],"author":[{"embeddable":true,"href":"https:\/\/www.chiesedisicilia.org\/chiesedisicilia\/news\/wp-json\/wp\/v2\/users\/1"}],"replies":[{"embeddable":true,"href":"https:\/\/www.chiesedisicilia.org\/chiesedisicilia\/news\/wp-json\/wp\/v2\/comments?post=1816"}],"version-history":[{"count":1,"href":"https:\/\/www.chiesedisicilia.org\/chiesedisicilia\/news\/wp-json\/wp\/v2\/posts\/1816\/revisions"}],"predecessor-version":[{"id":20303,"href":"https:\/\/www.chiesedisicilia.org\/chiesedisicilia\/news\/wp-json\/wp\/v2\/posts\/1816\/revisions\/20303"}],"wp:attachment":[{"href":"https:\/\/www.chiesedisicilia.org\/chiesedisicilia\/news\/wp-json\/wp\/v2\/media?parent=1816"}],"wp:term":[{"taxonomy":"category","embeddable":true,"href":"https:\/\/www.chiesedisicilia.org\/chiesedisicilia\/news\/wp-json\/wp\/v2\/categories?post=1816"},{"taxonomy":"post_tag","embeddable":true,"href":"https:\/\/www.chiesedisicilia.org\/chiesedisicilia\/news\/wp-json\/wp\/v2\/tags?post=1816"},{"taxonomy":"news-destination","embeddable":true,"href":"https:\/\/www.chiesedisicilia.org\/chiesedisicilia\/news\/wp-json\/wp\/v2\/news-destination?post=1816"},{"taxonomy":"news-source","embeddable":true,"href":"https:\/\/www.chiesedisicilia.org\/chiesedisicilia\/news\/wp-json\/wp\/v2\/news-source?post=1816"},{"taxonomy":"is_homepage","embeddable":true,"href":"https:\/\/www.chiesedisicilia.org\/chiesedisicilia\/news\/wp-json\/wp\/v2\/is_homepage?post=1816"},{"taxonomy":"ta_other","embeddable":true,"href":"https:\/\/www.chiesedisicilia.org\/chiesedisicilia\/news\/wp-json\/wp\/v2\/ta_other?post=1816"}],"curies":[{"name":"wp","href":"https:\/\/api.w.org\/{rel}","templated":true}]}}