{"id":18143,"date":"2024-03-15T10:40:28","date_gmt":"2024-03-15T09:40:28","guid":{"rendered":"http:\/\/euwps06.newsmemory.com\/chiesedisicilia\/news\/?p=18143"},"modified":"2024-03-19T17:58:14","modified_gmt":"2023-05-24T17:58:14","slug":"dallemergenza-alla-prevenzione-custodire-il-creato-e-generare-nuova-economia-un-incontro-regionale-di-riflessione-e-confronto","status":"publish","type":"post","link":"https:\/\/www.chiesedisicilia.org\/2024\/03\/15\/dallemergenza-alla-prevenzione-custodire-il-creato-e-generare-nuova-economia-un-incontro-regionale-di-riflessione-e-confronto\/","title":{"rendered":"&#8220;DALL&#8217;EMERGENZA ALLA PREVENZIONE: CUSTODIRE IL CREATO \u00c8 GENERARE NUOVA ECONOMIA&#8221;: UN INCONTRO REGIONALE DI RIFLESSIONE E CONFRONTO"},"content":{"rendered":"<p>&#8220;Dall&#8217;emergenza alla prevenzione: custodire il creato \u00e8 generare nuova economia&#8221; \u00e8 il tema di un incontro proposto dall&#8217;Ufficio regionale per i Problemi sociali e il Lavoro, la Giustizia, la Pace e la Salvaguardia del Creato, dall&#8217;Osservatorio giuridico-legislativo\u00a0 della Cesi e dal Laboratorio socio &#8211; politico. Si svolger\u00e0 sabato 16 marzo a Cefal\u00f9, all&#8217;Hotel Santa Lucia Le Sabbie d&#8217;Oro.<\/p>\n<p>&#8220;<em>Abbiamo ancora negli occhi le immagini degli incendi che con la loro forza devastatrice la scorsa estate hanno messo a dura prova tutto il territorio regionale. La Sicilia<\/em> &#8211; si legge in una nota stampa diffusa dalla <strong>diocesi di Cefal\u00f9<\/strong> per lanciare l&#8217;appuntamento &#8211; <em>\u00e8 stata devastata dalle fiamme che hanno distrutto abitazioni, aziende, distrutto il patrimonio boschivo, colpito duramente la fauna, provocato morte e distruzione. Immagini e scene terribili che pi\u00f9 volte negli anni siamo stati costretti a rivedere ad ogni giornata pi\u00f9 calda, ad ogni folata di scirocco. \u00c8 ora il tempo di passare dall&#8217;emergenza alla prevenzione<\/em>&#8220;.<\/p>\n<p>Numerosi gli interventi previsti nel corse della mattina, tra i quali quelli di:<\/p>\n<ul>\n<li><strong>don Vito Impellizzeri<\/strong>, Teologo e Preside della Pontificia Facolt\u00e0 Teologica di Sicilia, su &#8220;<em>Custodia del Creato e cura dei fratelli<\/em>&#8220;<\/li>\n<li><strong>prof. Donato Salvatore La Mela Veca<\/strong>, docente di Selvicoltura presso il Dipartimento di Scienze Agrarie, Alimentari e Forestali dell&#8217;Universit\u00e0 degli Studi di Palermo, su &#8220;<em>Il bosco come risorsa: servizi ecosistemici e prevenzione degli incendi<\/em>&#8220;<\/li>\n<li><strong>ing. Salvatore Cocina<\/strong>, dirigente generale del Dipartimento regionale della Protezione Civile, su &#8220;<em>Gli interventi per fronteggiare gli incendi<\/em>&#8220;<\/li>\n<li><strong>Ten. Col. Andrea Li Volsi<\/strong>,\u00a0Comandante del Centro Anticrimine Natura dei Carabinieri &#8211; Palermo, su &#8220;<em>Attivit\u00e0 criminale e fenomeno degli incendi<\/em>&#8220;<\/li>\n<li><strong>dott. Francesco Ferreri<\/strong>, Presidente della Federazione regionale Coldiretti, su &#8220;<em>L&#8217;agricoltura garanzia dell&#8217;ambiente<\/em>&#8220;<\/li>\n<li><strong>dott. Tommaso Castronovo<\/strong>, Presidente regionale Legambiente, su &#8220;<em>Sicilia messa a fuoco: proposte e azioni per fermare gli incendi<\/em>&#8220;<\/li>\n<li><strong>on. Luca Sammartino<\/strong>, assessore dell&#8217;Agricoltura, dello Sviluppo rurale e della Pesca mediterranea, su &#8220;<em>Politiche di rimboschimento e cura del territorio<\/em>&#8220;<\/li>\n<li><strong>On. Elena Pagana<\/strong>, assessore del Territorio e dell\u2019Ambiente, su &#8220;<em>Politiche di prevenzione degli incendi<\/em>&#8220;<\/li>\n<\/ul>\n<p>Ad aprire l&#8217;incontro, il cui inizio \u00e8 fissato per ore 9.30, sar\u00e0 <strong>mons. Antonino Raspanti<\/strong>, vescovo di Acireale e Presidente della Conferenza Episcopale Siciliana.<\/p>\n<p>Gli interventi saranno moderati da <strong>Luisa Capitummino<\/strong>, direttrice dell\u2019Ufficio regionale Cesi per i Problemi Sociali e il Lavoro.<\/p>\n<p>Dopo un tempo dedicato al confronto, con\u00a0domande e risposte, le conclusioni &#8211; programmate per le ore 13.30 &#8211; saranno affidate a <strong>mons. Giuseppe Marciante<\/strong>, vescovo di Cefal\u00f9 e delegato della CESi per i Problemi Sociali e il Lavoro, la Giustizia, la Pace e la Salvaguardia del Creato.<\/p>\n<p>Per il <strong>vescovo di Cefal\u00f9 e delegato della CESi per i Problemi Sociali e il Lavoro, la Giustizia, la Pace e la Salvaguardia del Creato, mons. Giuseppe Marciante<\/strong>, &#8220;<em>il tema degli incendi \u00e8 legato al cambiamento climatico in atto, che sta portando desertificazione al Sud, specialmente in Sicilia. Bisogna ridurre le emissioni di CO2 ma bisognerebbe anche tornare ad abitare le campagne perch\u00e9 i terreni lasciati incolti \u201craccolgono\u201d il combustibile che alimenta gli incendi. In secondo luogo<\/em> &#8211; aggiunge &#8211; <em>\u00e8 necessario combattere con pene severe chi commette questi reati e creano danni alla natura e alla societ\u00e0 perch\u00e9 la natura \u00e8 un bene comune. La terza azione \u00e8 sicuramente quella della prevenzione degli incendi monitorando il nostro patrimonio boschivo. In tutto questo, cittadini, agricoltori e allevatori devono essere coinvolti nel principio di autoprotezione. La nostra deve essere una cittadinanza attiva, presente e diventare protagonista del futuro, della rinascita<\/em>&#8220;.<\/p>\n<p>Nel video di seguito, il vescovo mons. Marciante intervistato da don Giuseppe Rabita, direttore dell&#8217;Ufficio stampa e della Segreteria pastorale della Cesi, sulle ragioni e il senso dell&#8217;iniziativa.<\/p>\n<p><iframe loading=\"lazy\" width=\"640\" height=\"360\" src=\"https:\/\/www.youtube.com\/embed\/cRPmYEvNuqM?feature=oembed\" frameborder=\"0\" allow=\"accelerometer; autoplay; clipboard-write; encrypted-media; gyroscope; picture-in-picture; web-share\" allowfullscreen title=\"Pastorale sociale. &quot;Dall&#39;emergenza alla prevenzione&quot;: intervista a mons.  Giuseppe Marciante\"><\/iframe><\/p>\n","protected":false},"excerpt":{"rendered":"","protected":false},"author":4,"featured_media":18144,"comment_status":"closed","ping_status":"closed","sticky":false,"template":"","format":"standard","meta":[],"categories":[7],"tags":[],"news-destination":[],"news-source":[],"is_homepage":[],"ta_other":[],"_links":{"self":[{"href":"https:\/\/www.chiesedisicilia.org\/chiesedisicilia\/news\/wp-json\/wp\/v2\/posts\/18143"}],"collection":[{"href":"https:\/\/www.chiesedisicilia.org\/chiesedisicilia\/news\/wp-json\/wp\/v2\/posts"}],"about":[{"href":"https:\/\/www.chiesedisicilia.org\/chiesedisicilia\/news\/wp-json\/wp\/v2\/types\/post"}],"author":[{"embeddable":true,"href":"https:\/\/www.chiesedisicilia.org\/chiesedisicilia\/news\/wp-json\/wp\/v2\/users\/4"}],"replies":[{"embeddable":true,"href":"https:\/\/www.chiesedisicilia.org\/chiesedisicilia\/news\/wp-json\/wp\/v2\/comments?post=18143"}],"version-history":[{"count":3,"href":"https:\/\/www.chiesedisicilia.org\/chiesedisicilia\/news\/wp-json\/wp\/v2\/posts\/18143\/revisions"}],"predecessor-version":[{"id":18250,"href":"https:\/\/www.chiesedisicilia.org\/chiesedisicilia\/news\/wp-json\/wp\/v2\/posts\/18143\/revisions\/18250"}],"wp:featuredmedia":[{"embeddable":true,"href":"https:\/\/www.chiesedisicilia.org\/chiesedisicilia\/news\/wp-json\/wp\/v2\/media\/18144"}],"wp:attachment":[{"href":"https:\/\/www.chiesedisicilia.org\/chiesedisicilia\/news\/wp-json\/wp\/v2\/media?parent=18143"}],"wp:term":[{"taxonomy":"category","embeddable":true,"href":"https:\/\/www.chiesedisicilia.org\/chiesedisicilia\/news\/wp-json\/wp\/v2\/categories?post=18143"},{"taxonomy":"post_tag","embeddable":true,"href":"https:\/\/www.chiesedisicilia.org\/chiesedisicilia\/news\/wp-json\/wp\/v2\/tags?post=18143"},{"taxonomy":"news-destination","embeddable":true,"href":"https:\/\/www.chiesedisicilia.org\/chiesedisicilia\/news\/wp-json\/wp\/v2\/news-destination?post=18143"},{"taxonomy":"news-source","embeddable":true,"href":"https:\/\/www.chiesedisicilia.org\/chiesedisicilia\/news\/wp-json\/wp\/v2\/news-source?post=18143"},{"taxonomy":"is_homepage","embeddable":true,"href":"https:\/\/www.chiesedisicilia.org\/chiesedisicilia\/news\/wp-json\/wp\/v2\/is_homepage?post=18143"},{"taxonomy":"ta_other","embeddable":true,"href":"https:\/\/www.chiesedisicilia.org\/chiesedisicilia\/news\/wp-json\/wp\/v2\/ta_other?post=18143"}],"curies":[{"name":"wp","href":"https:\/\/api.w.org\/{rel}","templated":true}]}}