{"id":1814,"date":"2015-05-20T13:22:00","date_gmt":"2015-05-20T11:22:00","guid":{"rendered":"http:\/\/wptestsite.tecnavia.com\/chiesedisicilia_clientsite\/news\/2015\/05\/20\/caltanissetta-concerto-polifonico-tra-sacro-e-profano\/"},"modified":"2018-11-09T11:00:47","modified_gmt":"2018-01-13T11:00:47","slug":"caltanissetta-concerto-polifonico-tra-sacro-e-profano","status":"publish","type":"post","link":"https:\/\/www.chiesedisicilia.org\/2015\/05\/20\/caltanissetta-concerto-polifonico-tra-sacro-e-profano\/","title":{"rendered":"CALTANISSETTA. CONCERTO POLIFONICO TRA SACRO E PROFANO"},"content":{"rendered":"<p class=\"MsoNormal\" style=\"margin-bottom: 0.0001pt; text-align: justify; background-image: initial; background-attachment: initial; background-size: initial; background-origin: initial; background-clip: initial; background-position: initial; background-repeat: initial;\"><span style=\"font-size: medium;\"><span style=\"font-family: 'Times New Roman';\">Luned\u00ec 18 maggio 2015, alle ore 18.30, per celebrare la Giornata internazionale dei Musei, il Museo diocesano \u201cMons. G. Speciale\u201d di Caltanissetta, nella suggestiva atmosfera della Cappella Maggiore del Seminario Vescovile, ospiter\u00e0 la Corale \u201cAlessandro Scarlatti\u201d che, diretta dal Maestro Nicol\u00f2 Caruana, eseguir\u00e0 un concerto di brani classici della polifonia d&#8217;autore sacra e profana.<\/span><\/span><span style=\"font-size: 12pt; font-family: 'Times New Roman', serif;\"><o:p><\/o:p><\/span><\/p>\n<p class=\"MsoNormal\" style=\"margin-bottom: 0.0001pt; text-align: justify; background-image: initial; background-attachment: initial; background-size: initial; background-origin: initial; background-clip: initial; background-position: initial; background-repeat: initial;\"><span style=\"font-size: medium;\"><span style=\"font-family: 'Times New Roman';\">Istituita nel 1977 dall\u2019International Council Of Museums, il 18 maggio di ogni anno, la Giornata Internazionale dei Musei offre alle realt\u00e0 museali di tutto il mondo l\u2019occasione e l\u2019opportunit\u00e0 di riflettere sul ruolo fondamentale dell\u2019arte e della cultura quali preziosi strumenti per poter influire\u00a0 sui modi di vivere, di agire e di pensare delle societ\u00e0. Nel 2015 la Giornata \u00e8 dedicata al ruolo che i Musei possono avere nella costruzione di una societ\u00e0 che sappia affrontare la sfida di uno sviluppo in armonia con la tutela della natura e dell\u2019ambiente. Il tema, peraltro, \u00e8 in sintonia con la mostra \u201cParadiso a due passi\u201d, in atto allestita nelle sale del Museo Diocesano, che descrive lo straordinario mondo della natura, catturandone la ricchezza attraverso decine di immagini. <\/span><\/span><span style=\"font-size: 12pt; font-family: 'Times New Roman', serif;\"><o:p><\/o:p><\/span><\/p>\n<p class=\"MsoNormal\" style=\"margin-bottom: 0.0001pt; text-align: justify; background-image: initial; background-attachment: initial; background-size: initial; background-origin: initial; background-clip: initial; background-position: initial; background-repeat: initial;\"><span style=\"font-size: medium;\"><span style=\"font-family: 'Times New Roman';\">La Corale Polifonica Mista &#8220;Alessandro Scarlatti&#8221; &#8211; che quest\u2019anno festeggia il suo decimo anno di attivit\u00e0, da sempre diretta dal suo fondatore e direttore artistico il Maestro Nicol\u00f2 Caruana &#8211; \u00e8 composta da 20 elementi, non professionisti, eseguir\u00e0, tra i tanti altri brani classici della polifonia d&#8217;autore sacra e profana, &#8220;La vergine degli angeli&#8221; di Verdi, &#8220;Stabat mater&#8221; di Kodaly, &#8220;Il Signore delle cime&#8221; di De Marzi. [01]<\/span><\/span><span style=\"font-size: 12pt; font-family: 'Times New Roman', serif;\"><o:p><\/o:p><\/span><\/p>\n","protected":false},"excerpt":{"rendered":"","protected":false},"author":1,"featured_media":0,"comment_status":"open","ping_status":"open","sticky":false,"template":"","format":"standard","meta":[],"categories":[30],"tags":[],"news-destination":[],"news-source":[],"is_homepage":[],"ta_other":[],"_links":{"self":[{"href":"https:\/\/www.chiesedisicilia.org\/chiesedisicilia\/news\/wp-json\/wp\/v2\/posts\/1814"}],"collection":[{"href":"https:\/\/www.chiesedisicilia.org\/chiesedisicilia\/news\/wp-json\/wp\/v2\/posts"}],"about":[{"href":"https:\/\/www.chiesedisicilia.org\/chiesedisicilia\/news\/wp-json\/wp\/v2\/types\/post"}],"author":[{"embeddable":true,"href":"https:\/\/www.chiesedisicilia.org\/chiesedisicilia\/news\/wp-json\/wp\/v2\/users\/1"}],"replies":[{"embeddable":true,"href":"https:\/\/www.chiesedisicilia.org\/chiesedisicilia\/news\/wp-json\/wp\/v2\/comments?post=1814"}],"version-history":[{"count":1,"href":"https:\/\/www.chiesedisicilia.org\/chiesedisicilia\/news\/wp-json\/wp\/v2\/posts\/1814\/revisions"}],"predecessor-version":[{"id":20303,"href":"https:\/\/www.chiesedisicilia.org\/chiesedisicilia\/news\/wp-json\/wp\/v2\/posts\/1814\/revisions\/20303"}],"wp:attachment":[{"href":"https:\/\/www.chiesedisicilia.org\/chiesedisicilia\/news\/wp-json\/wp\/v2\/media?parent=1814"}],"wp:term":[{"taxonomy":"category","embeddable":true,"href":"https:\/\/www.chiesedisicilia.org\/chiesedisicilia\/news\/wp-json\/wp\/v2\/categories?post=1814"},{"taxonomy":"post_tag","embeddable":true,"href":"https:\/\/www.chiesedisicilia.org\/chiesedisicilia\/news\/wp-json\/wp\/v2\/tags?post=1814"},{"taxonomy":"news-destination","embeddable":true,"href":"https:\/\/www.chiesedisicilia.org\/chiesedisicilia\/news\/wp-json\/wp\/v2\/news-destination?post=1814"},{"taxonomy":"news-source","embeddable":true,"href":"https:\/\/www.chiesedisicilia.org\/chiesedisicilia\/news\/wp-json\/wp\/v2\/news-source?post=1814"},{"taxonomy":"is_homepage","embeddable":true,"href":"https:\/\/www.chiesedisicilia.org\/chiesedisicilia\/news\/wp-json\/wp\/v2\/is_homepage?post=1814"},{"taxonomy":"ta_other","embeddable":true,"href":"https:\/\/www.chiesedisicilia.org\/chiesedisicilia\/news\/wp-json\/wp\/v2\/ta_other?post=1814"}],"curies":[{"name":"wp","href":"https:\/\/api.w.org\/{rel}","templated":true}]}}