{"id":1803,"date":"2015-02-03T09:49:00","date_gmt":"2015-02-03T08:49:00","guid":{"rendered":"http:\/\/wptestsite.tecnavia.com\/chiesedisicilia_clientsite\/news\/2015\/02\/03\/caltanissetta-chiusura-del-convento-francescano-di-mussomeli\/"},"modified":"2018-11-09T11:00:47","modified_gmt":"2018-01-13T11:00:47","slug":"caltanissetta-chiusura-del-convento-francescano-di-mussomeli","status":"publish","type":"post","link":"https:\/\/www.chiesedisicilia.org\/2015\/02\/03\/caltanissetta-chiusura-del-convento-francescano-di-mussomeli\/","title":{"rendered":"CALTANISSETTA. CHIUSURA DEL CONVENTO FRANCESCANO DI MUSSOMELI"},"content":{"rendered":"<div><span style=\"font-size: medium;\"><span style=\"font-family: 'Times New Roman';\">Il Vescovo di Caltanissetta. mons. Mario Russotto, insieme con i sacerdoti e i fedeli della Diocesi di Caltanissetta, hanno &#8220;sentito&#8221; con sofferenza e sorpresa la notizia circa la chiusura del Convento francescano di Mussomeli. \u00c8 scritto in una lettera aperta della Curia nissena in merito alla chiusura del Convento francescano di Mussomeli. Ecco il testo integrale, diffusa da mons. Giuseppe La Placa, vicario generale e direttore dell&#8217;Ufficio stampa diocesano.<\/span><\/span><span style=\"font-size:12.0pt;font-family:\"Times New Roman\",\"serif\";\nmso-fareast-font-family:\"Times New Roman\"\"><o:p><\/o:p><\/span><\/div>\n<div><span style=\"font-size: medium;\"><span style=\"font-family: 'Times New Roman';\">&#8220;<i>Da mesi il Vescovo ha tentato di rintracciare telefonicamente il Padre Provinciale dei Conventuali ma senza risultato, il che denota una scarsa educazione umana e una grave carenza ecclesiale e religiosa. In data 25 novembre 2014 mons. Russotto ha scritto una petizione, anche a nome di tutti i Sacerdoti e i fedeli della Diocesi, al Padre Generale e per conoscenza al Provinciale.<\/i><\/span><\/span><span style=\"font-size:12.0pt;font-family:\"Times New Roman\",\"serif\";\nmso-fareast-font-family:\"Times New Roman\"\"><i><o:p><\/o:p><\/i><\/span><\/div>\n<div><span style=\"font-size: medium;\"><span style=\"font-family: 'Times New Roman';\"><i>Solo ed esclusivamente il Padre Generale ha risposto al Vescovo in data 15 dicembre 2014 affermando fra l&#8217;altro che tutte le lettere giuntegli dalla nostra Diocesi \u00abhanno come denominatore la preziosa presenza dei frati francescani a Mussomeli e sono motivate da una sincera stima verso i frati\u00bb. E poi il Generale ringrazia il Vescovo \u00abper la Sua paterna benevolenza di Pastore manifestata ai frati di Mussomeli\u00bb.<\/i><\/span><\/span><i><span style=\"font-size:12.0pt;font-family:\"Times New Roman\",\"serif\";mso-fareast-font-family:\n\"Times New Roman\"\"><o:p><\/o:p><\/span><\/i><\/div>\n<div><span style=\"font-size: medium;\"><span style=\"font-family: 'Times New Roman';\"><i>Al Vescovo della Diocesi, la notizia della chiusura del Convento \u00e8 stata comunicata dal padre guardiano fr\u00e0 Antonio Damiano Caruso e non, come richiede il senso di educazione, rispetto e relazionalit\u00e0 istituzionale, dal <\/i><i>Ministro Provinciale.<\/i><\/span><\/span><i><span style=\"font-size:12.0pt;font-family:\"Times New Roman\",\"serif\";mso-fareast-font-family:\n\"Times New Roman\"\"><o:p><\/o:p><\/span><\/i><\/div>\n<div><span style=\"font-size: medium;\"><span style=\"font-family: 'Times New Roman';\"><i>Pur rispettando il diritto dei frati di Sicilia di chiudere alcuni loro Conventi, non \u00e8 lecito a costoro inventare menzogne per giustificare le loro scelte, gettando in tal modo fango su una Chiesa locale che tanto si \u00e8 prodigata per i frati.<\/i><\/span><\/span><i><span style=\"font-size:12.0pt;font-family:\"Times New Roman\",\"serif\";mso-fareast-font-family:\n\"Times New Roman\"\"><o:p><\/o:p><\/span><\/i><\/div>\n<div><span style=\"font-size: medium;\"><span style=\"font-family: 'Times New Roman';\"><i>Le motivazioni addotte non solo risultano false e volutamente menzognere, ma addirittura, proprio perch\u00e9 false, completamente infondate e perfino lesive della dignit\u00e0 dei Sacerdoti e del Vescovo della Diocesi nissena.<\/i><\/span><\/span><i><span style=\"font-size:12.0pt;font-family:\"Times New Roman\",\"serif\";mso-fareast-font-family:\n\"Times New Roman\"\"><o:p><\/o:p><\/span><\/i><\/div>\n<div><span style=\"font-size: medium;\"><span style=\"font-family: 'Times New Roman';\"><i>Nella relazione tenuta dal Ministro provinciale al recente Capitolo, si legge una nota su &#8220;Luci e ombre&#8221; del Convento \u201cS. Francesco d\u2019Assisi all\u2019Immacolata\u201d in Mussomeli. Nella nota, dopo l&#8217;affermazione che, oltre ad essere l\u2019unico Convento nella Diocesi di Caltanissetta, \u00e8 l&#8217;unica presenza francescana in paese e che i frati godono stima e apprezzamento da parte dei fedeli per il servizio pastorale svolto anche nei paesi della vicina Diocesi di Agrigento, il Provinciale scrive: &#8220;La fraternit\u00e0 \u00e8 molto limitata nella propria attivit\u00e0 dall\u2019ostruzionismo del clero diocesano e anche dal Vescovo nonostante la sua lettera a favore del mantenimento della nostra presenza. I frati non possono fare altro se non quello che attiene alle loro tradizioni e solo quello, e se una chiesa locale ha una devozione verso un santo, i frati non possono promuoverla nella nostra rettoria. Il paese \u00e8 piccolo e tagliato fuori dalle grandi linee di comunicazione&#8221;.<\/i><\/span><\/span><i><span style=\"font-size:12.0pt;font-family:\"Times New Roman\",\"serif\";mso-fareast-font-family:\n\"Times New Roman\"\"><o:p><\/o:p><\/span><\/i><\/div>\n<div><span style=\"font-size: medium;\"><span style=\"font-family: 'Times New Roman';\"><i>Ad essere spiacevolmente sorpresi dalle suddette negative referenze sul Convento di Mussomeli, sono stati anche i frati stessi di Mussomeli i quali hanno ritenuto di dover fare presente al Provinciale quanto segue: &#8220;La fraternit\u00e0 non \u00e8 affatto limitata nella propria attivit\u00e0. Non esiste alcun ostruzionismo n\u00e9 da parte del Vescovo (che anzi ci ha incoraggiato a fare pastorale giovanile), n\u00e9 da parte del clero diocesano (col quale c\u2019\u00e8 tanta collaborazione). Non ci sono limiti alle attivit\u00e0 pastorali: celebriamo nella nostra chiesa matrimoni, funerali, ecc. Il paese \u00e8 piccolo? Eppure \u00e8 considerato \u201cla capitale del Vallone\u201d: cio\u00e8 degli otto paesi del circondario. Tuttavia la pastoralit\u00e0 non si deduce dalla grandezza o dalla piccolezza del numero degli abitanti: diversamente sarebbe un\u2019ombra pi\u00f9 grande per i paesi che sono pi\u00f9 piccoli di Mussomeli: come S. Filippo del Mela, Pergusa, Marineo, Montevago. E\u2019 tagliato fuori dalle grandi linee di comunicazione? La Palermo-Agrigento \u00e8 una buona linea di comunicazione, dalla quale in dieci minuti si arriva a Mussomeli&#8221;.<\/i><\/span><\/span><i><span style=\"font-size:12.0pt;font-family:\"Times New Roman\",\"serif\";mso-fareast-font-family:\n\"Times New Roman\"\"><o:p><\/o:p><\/span><\/i><\/div>\n<div><span style=\"font-size: medium;\"><span style=\"font-family: 'Times New Roman';\"><i>Va inoltre aggiunto che i tre frati del Convento di Mussomeli non sono stati solamente benvoluti, stimati e apprezzati per la collaborazione serena e zelante offerta in paese, ma anche \u2013 unico caso in Sicilia &#8211; che da oltre dieci anni sono tutti quanti sostenuti economicamente dal Vescovo e dalla Diocesi, perch\u00e9 tutti inseriti nel sistema di retribuzione del sostentamento del clero<\/i>. [01]<\/span><\/span><span style=\"font-size:12.0pt;font-family:\"Times New Roman\",\"serif\";mso-bidi-font-family:\n\"Times New Roman\";mso-bidi-theme-font:minor-bidi\"><o:p><\/o:p><\/span><\/div>\n","protected":false},"excerpt":{"rendered":"","protected":false},"author":1,"featured_media":0,"comment_status":"open","ping_status":"open","sticky":false,"template":"","format":"standard","meta":[],"categories":[30],"tags":[],"news-destination":[],"news-source":[],"is_homepage":[],"ta_other":[],"_links":{"self":[{"href":"https:\/\/www.chiesedisicilia.org\/chiesedisicilia\/news\/wp-json\/wp\/v2\/posts\/1803"}],"collection":[{"href":"https:\/\/www.chiesedisicilia.org\/chiesedisicilia\/news\/wp-json\/wp\/v2\/posts"}],"about":[{"href":"https:\/\/www.chiesedisicilia.org\/chiesedisicilia\/news\/wp-json\/wp\/v2\/types\/post"}],"author":[{"embeddable":true,"href":"https:\/\/www.chiesedisicilia.org\/chiesedisicilia\/news\/wp-json\/wp\/v2\/users\/1"}],"replies":[{"embeddable":true,"href":"https:\/\/www.chiesedisicilia.org\/chiesedisicilia\/news\/wp-json\/wp\/v2\/comments?post=1803"}],"version-history":[{"count":1,"href":"https:\/\/www.chiesedisicilia.org\/chiesedisicilia\/news\/wp-json\/wp\/v2\/posts\/1803\/revisions"}],"predecessor-version":[{"id":20292,"href":"https:\/\/www.chiesedisicilia.org\/chiesedisicilia\/news\/wp-json\/wp\/v2\/posts\/1803\/revisions\/20292"}],"wp:attachment":[{"href":"https:\/\/www.chiesedisicilia.org\/chiesedisicilia\/news\/wp-json\/wp\/v2\/media?parent=1803"}],"wp:term":[{"taxonomy":"category","embeddable":true,"href":"https:\/\/www.chiesedisicilia.org\/chiesedisicilia\/news\/wp-json\/wp\/v2\/categories?post=1803"},{"taxonomy":"post_tag","embeddable":true,"href":"https:\/\/www.chiesedisicilia.org\/chiesedisicilia\/news\/wp-json\/wp\/v2\/tags?post=1803"},{"taxonomy":"news-destination","embeddable":true,"href":"https:\/\/www.chiesedisicilia.org\/chiesedisicilia\/news\/wp-json\/wp\/v2\/news-destination?post=1803"},{"taxonomy":"news-source","embeddable":true,"href":"https:\/\/www.chiesedisicilia.org\/chiesedisicilia\/news\/wp-json\/wp\/v2\/news-source?post=1803"},{"taxonomy":"is_homepage","embeddable":true,"href":"https:\/\/www.chiesedisicilia.org\/chiesedisicilia\/news\/wp-json\/wp\/v2\/is_homepage?post=1803"},{"taxonomy":"ta_other","embeddable":true,"href":"https:\/\/www.chiesedisicilia.org\/chiesedisicilia\/news\/wp-json\/wp\/v2\/ta_other?post=1803"}],"curies":[{"name":"wp","href":"https:\/\/api.w.org\/{rel}","templated":true}]}}