{"id":18011,"date":"2024-01-26T23:40:37","date_gmt":"2024-01-26T22:40:37","guid":{"rendered":"http:\/\/euwps06.newsmemory.com\/chiesedisicilia\/news\/?p=18011"},"modified":"2024-01-27T09:04:44","modified_gmt":"2023-04-02T09:04:44","slug":"e-morto-mons-emanuele-catarinicchia-vescovo-emerito-di-cefalu","status":"publish","type":"post","link":"https:\/\/www.chiesedisicilia.org\/2024\/01\/26\/e-morto-mons-emanuele-catarinicchia-vescovo-emerito-di-cefalu\/","title":{"rendered":"\u00c8 MORTO MONS. EMANUELE CATARINICCHIA, VESCOVO EMERITO DI CEFAL\u00d9 E MAZARA DEL VALLO"},"content":{"rendered":"<p>Oggi 26 gennaio 2024 a Mazara del Vallo S.E. mons. Emanuele Catarinicchia ha concluso, dopo un mese di sofferenza intensa, il suo pellegrinaggio terreno. Mons. Emanuele Catarinicchia \u00e8 nato a Partinico il 12 luglio 1926. Ha frequentato le scuole elementari, il ginnasio e il liceo classico in Partinico. Ha conseguito la Laurea in Filosofia presso l\u2019Universit\u00e0 Statale di Palermo. In quegli anni Partinico visse un grande risveglio spirituale per lo zelo pastorale del nuovo Arciprete, don Antonino Cataldo. Alla sua scuola si formarono uomini e donne e nacquero molte vocazioni sacerdotali tra cui quella del giovane Emanuele Catarinicchia. Emanuele entr\u00f2 in Seminario a Monreale e fu ordinato presbitero il 2 aprile 1949. Fu Coadiutore nella Parrocchia Maria SS. del Carmine in Monreale, Assistente Diocesano della Giovent\u00f9 maschile di A. C., Parroco della stessa Parrocchia, Decano della Parrocchia S. Martino in Corleone e Vicario Foraneo di Corleone. Nel 1978 Mons. Cassisa lo nomin\u00f2 Delegato Arcivescovile. L\u201911 novembre 1978 S.S. Giovanni Paolo II lo nomin\u00f2 Vescovo di Cefal\u00f9. Fu consacrato il 17 dicembre 1978 dal Cardinale Sebastiano Baggio nella Chiesa Madre di Corleone.<\/p>\n<p>Fece il suo ingresso nella Chiesa di Cefal\u00f9 il 20 gennaio 1979. La nota immediata che manifest\u00f2 alla diocesi fu una pastoralit\u00e0 fondata sull\u2019incontro delle persone delle realt\u00e0 associate, delle comunit\u00e0 nelle loro caratteristiche. L\u2019incontro mirava a raggiungere l\u2019intimo delle persone, la loro umanit\u00e0 sia nella sofferenza sia nella letizia. Attento alle tradizioni aperto allo sviluppo, si scopr\u00ec subito la sua volont\u00e0 di essere costruttore della comunit\u00e0 ecclesiale e anche di quella sociale. Fu vicino ai sacerdoti, al loro inserimento nelle parrocchie, sensibile ai loro problemi umani e familiari. Caratteristico il suo zelo fervido per l\u2019evangelizzazione, mai separata dalla promozione umana. Fu definito \u201cil vescovo delle parrocchie\u201d che auspicava come comunit\u00e0 in comunione. Nei rapporti con le persone era diretto con lealt\u00e0 e chiarezza; note che potevano sul momento impressionare e inibire ma che si risolvevano sempre con tratti di affetto paterno e di intelligenza dialogante e conciliante. Il rapporto intenso con la Chiesa cefaludese, durato quasi dieci anni, si concluse con il trasferimento a Mazara dove arriv\u00f2 nel 1987 concludendo il suo servizio episcopale nel 2002. Un arco di tempo ricco di eventi di grazia: il centenario del miracolo della Madonna del Paradiso con la missione popolare, il Sinodo diocesano che ha fatto riscoprire il senso della comunione e della corresponsabilit\u00e0 ministeriale, la visita di Giovanni Paolo II per il IX centenario della diocesi, che ha confermato nella fede e nella comunione con la Chiesa universale. Aldil\u00e0 di questi eventi straordinari, molto significativi e simbolici, il ministero episcopale di Mons. Catarinicchia \u00e8 stato caratterizzato nel quotidiano dalla vicinanza paterna al presbiterio diocesano e dalla cura per le vocazioni al ministero ordinato.<\/p>\n<p>Il suo amore alla Chiesa e alla Chiesa di Mazara del Vallo lo manifestava con una dedizione pastorale gratuita e libera, con una vicinanza amorevole e paterna a tutto il popolo di Dio e al suo presbiterio, con una sana inquietudine che lo portava a mettersi in ascolto di tutti per meglio comprendere la volont\u00e0 di Dio.<\/p>\n<p>I Vescovi di Sicilia esprimono viva partecipazione al cordoglio delle Chiese di Cefal\u00f9 e di Mazara del Vallo come pure ai familiari del compianto Presule. Elevano preghiere al Signore della vita affinch\u00e9 accolga questo fedele servitore del Vangelo e insigne pastore nella Gerusalemme celeste.<\/p>\n<p>Luned\u00ec 29 gennaio alle ore 15:30 avranno luogo le esequie nella Cattedrale di Mazara del Vallo.<\/p>\n<p><a href=\"https:\/\/www.chiesedisicilia.org\/chiesedisicilia\/news\/wp-content\/uploads\/sites\/2\/2024\/01\/Per-la-morte-di-mons-Catarinicchia.pdf\">Comunicato per la morte di S.Ecc. Mons. Catarinicchia<\/a><\/p>\n","protected":false},"excerpt":{"rendered":"","protected":false},"author":4,"featured_media":18010,"comment_status":"closed","ping_status":"closed","sticky":false,"template":"","format":"standard","meta":[],"categories":[25],"tags":[],"news-destination":[],"news-source":[],"is_homepage":[],"ta_other":[],"_links":{"self":[{"href":"https:\/\/www.chiesedisicilia.org\/chiesedisicilia\/news\/wp-json\/wp\/v2\/posts\/18011"}],"collection":[{"href":"https:\/\/www.chiesedisicilia.org\/chiesedisicilia\/news\/wp-json\/wp\/v2\/posts"}],"about":[{"href":"https:\/\/www.chiesedisicilia.org\/chiesedisicilia\/news\/wp-json\/wp\/v2\/types\/post"}],"author":[{"embeddable":true,"href":"https:\/\/www.chiesedisicilia.org\/chiesedisicilia\/news\/wp-json\/wp\/v2\/users\/4"}],"replies":[{"embeddable":true,"href":"https:\/\/www.chiesedisicilia.org\/chiesedisicilia\/news\/wp-json\/wp\/v2\/comments?post=18011"}],"version-history":[{"count":1,"href":"https:\/\/www.chiesedisicilia.org\/chiesedisicilia\/news\/wp-json\/wp\/v2\/posts\/18011\/revisions"}],"predecessor-version":[{"id":18012,"href":"https:\/\/www.chiesedisicilia.org\/chiesedisicilia\/news\/wp-json\/wp\/v2\/posts\/18011\/revisions\/18012"}],"wp:featuredmedia":[{"embeddable":true,"href":"https:\/\/www.chiesedisicilia.org\/chiesedisicilia\/news\/wp-json\/wp\/v2\/media\/18010"}],"wp:attachment":[{"href":"https:\/\/www.chiesedisicilia.org\/chiesedisicilia\/news\/wp-json\/wp\/v2\/media?parent=18011"}],"wp:term":[{"taxonomy":"category","embeddable":true,"href":"https:\/\/www.chiesedisicilia.org\/chiesedisicilia\/news\/wp-json\/wp\/v2\/categories?post=18011"},{"taxonomy":"post_tag","embeddable":true,"href":"https:\/\/www.chiesedisicilia.org\/chiesedisicilia\/news\/wp-json\/wp\/v2\/tags?post=18011"},{"taxonomy":"news-destination","embeddable":true,"href":"https:\/\/www.chiesedisicilia.org\/chiesedisicilia\/news\/wp-json\/wp\/v2\/news-destination?post=18011"},{"taxonomy":"news-source","embeddable":true,"href":"https:\/\/www.chiesedisicilia.org\/chiesedisicilia\/news\/wp-json\/wp\/v2\/news-source?post=18011"},{"taxonomy":"is_homepage","embeddable":true,"href":"https:\/\/www.chiesedisicilia.org\/chiesedisicilia\/news\/wp-json\/wp\/v2\/is_homepage?post=18011"},{"taxonomy":"ta_other","embeddable":true,"href":"https:\/\/www.chiesedisicilia.org\/chiesedisicilia\/news\/wp-json\/wp\/v2\/ta_other?post=18011"}],"curies":[{"name":"wp","href":"https:\/\/api.w.org\/{rel}","templated":true}]}}