{"id":18003,"date":"2024-01-20T13:06:45","date_gmt":"2024-01-20T12:06:45","guid":{"rendered":"http:\/\/euwps06.newsmemory.com\/chiesedisicilia\/news\/?p=18003"},"modified":"2024-01-24T13:15:11","modified_gmt":"2023-03-30T13:15:11","slug":"san-francesco-di-sales-riflessione-su-mondo-virtuale-e-mondo-reale","status":"publish","type":"post","link":"https:\/\/www.chiesedisicilia.org\/2024\/01\/20\/san-francesco-di-sales-riflessione-su-mondo-virtuale-e-mondo-reale\/","title":{"rendered":"SAN FRANCESCO DI SALES. RIFLESSIONE SU MONDO VIRTUALE E MONDO REALE"},"content":{"rendered":"<p>Sar\u00e0 la parrocchia Sacro Cuore di Sant&#8217;Agata Militello ad ospitare, quest&#8217;anno, la festa diocesana di San Francesco di Sales, il patrono dei giornalisti e degli operatori delle comunicazioni sociali.<\/p>\n<p>Mercoled\u00ec 24 gennaio, alle ore 17:30, il vescovo mons. Guglielmo Giombanco presieder\u00e0 la messa, al termine della quale, alle ore 18:30, sar\u00e0 proposta le riflessioni su &#8220;Mondo reale e virtuale: intelligenza artificiale nel mondo dell&#8217;informazione&#8221;.<\/p>\n<p>A guidare la riflessione don Arturo Grasso, direttore dell&#8217;Ufficio regionale per le Comunicazioni sociali. A concludere l&#8217;appuntamento sar\u00e0 il vescovo.<\/p>\n","protected":false},"excerpt":{"rendered":"","protected":false},"author":4,"featured_media":18001,"comment_status":"closed","ping_status":"closed","sticky":false,"template":"","format":"standard","meta":[],"categories":[30],"tags":[],"news-destination":[],"news-source":[],"is_homepage":[],"ta_other":[],"_links":{"self":[{"href":"https:\/\/www.chiesedisicilia.org\/chiesedisicilia\/news\/wp-json\/wp\/v2\/posts\/18003"}],"collection":[{"href":"https:\/\/www.chiesedisicilia.org\/chiesedisicilia\/news\/wp-json\/wp\/v2\/posts"}],"about":[{"href":"https:\/\/www.chiesedisicilia.org\/chiesedisicilia\/news\/wp-json\/wp\/v2\/types\/post"}],"author":[{"embeddable":true,"href":"https:\/\/www.chiesedisicilia.org\/chiesedisicilia\/news\/wp-json\/wp\/v2\/users\/4"}],"replies":[{"embeddable":true,"href":"https:\/\/www.chiesedisicilia.org\/chiesedisicilia\/news\/wp-json\/wp\/v2\/comments?post=18003"}],"version-history":[{"count":1,"href":"https:\/\/www.chiesedisicilia.org\/chiesedisicilia\/news\/wp-json\/wp\/v2\/posts\/18003\/revisions"}],"predecessor-version":[{"id":18004,"href":"https:\/\/www.chiesedisicilia.org\/chiesedisicilia\/news\/wp-json\/wp\/v2\/posts\/18003\/revisions\/18004"}],"wp:featuredmedia":[{"embeddable":true,"href":"https:\/\/www.chiesedisicilia.org\/chiesedisicilia\/news\/wp-json\/wp\/v2\/media\/18001"}],"wp:attachment":[{"href":"https:\/\/www.chiesedisicilia.org\/chiesedisicilia\/news\/wp-json\/wp\/v2\/media?parent=18003"}],"wp:term":[{"taxonomy":"category","embeddable":true,"href":"https:\/\/www.chiesedisicilia.org\/chiesedisicilia\/news\/wp-json\/wp\/v2\/categories?post=18003"},{"taxonomy":"post_tag","embeddable":true,"href":"https:\/\/www.chiesedisicilia.org\/chiesedisicilia\/news\/wp-json\/wp\/v2\/tags?post=18003"},{"taxonomy":"news-destination","embeddable":true,"href":"https:\/\/www.chiesedisicilia.org\/chiesedisicilia\/news\/wp-json\/wp\/v2\/news-destination?post=18003"},{"taxonomy":"news-source","embeddable":true,"href":"https:\/\/www.chiesedisicilia.org\/chiesedisicilia\/news\/wp-json\/wp\/v2\/news-source?post=18003"},{"taxonomy":"is_homepage","embeddable":true,"href":"https:\/\/www.chiesedisicilia.org\/chiesedisicilia\/news\/wp-json\/wp\/v2\/is_homepage?post=18003"},{"taxonomy":"ta_other","embeddable":true,"href":"https:\/\/www.chiesedisicilia.org\/chiesedisicilia\/news\/wp-json\/wp\/v2\/ta_other?post=18003"}],"curies":[{"name":"wp","href":"https:\/\/api.w.org\/{rel}","templated":true}]}}