{"id":17977,"date":"2024-01-22T18:57:09","date_gmt":"2024-01-22T17:57:09","guid":{"rendered":"http:\/\/euwps05.newsmemory.com\/chiesedisicilia\/news\/?p=17977"},"modified":"2024-01-22T18:59:23","modified_gmt":"2023-03-28T18:59:23","slug":"accanto-a-chi-soffre-nuovi-luoghi-e-nuove-sfide-la-commissione-di-pastorale-della-salute-al-lavoro-con-il-direttore-nazionale-angelelli","status":"publish","type":"post","link":"https:\/\/www.chiesedisicilia.org\/2024\/01\/22\/accanto-a-chi-soffre-nuovi-luoghi-e-nuove-sfide-la-commissione-di-pastorale-della-salute-al-lavoro-con-il-direttore-nazionale-angelelli\/","title":{"rendered":"ACCANTO A CHI SOFFRE: NUOVI LUOGHI E NUOVE SFIDE. LA COMMISSIONE DI PASTORALE DELLA SALUTE AL LAVORO CON IL DIRETTORE NAZIONALE ANGELELLI"},"content":{"rendered":"<p>I direttori degli Uffici diocesani che compongono l&#8217;Ufficio regionale per la Salute si sono riuniti il 17 gennaio a Caltanissetta. Con loro anche il direttore nazionale don Massimo Angelelli. Intervenendo dopo il direttore regionale don Saverio Pititteri, don Angelelli ha evidenziato la necessit\u00e0 di &#8220;affrontare le enormi sfide per i cambiamenti epocali che riguardano sia la chiesa che\u00a0 la societ\u00e0&#8221;.<\/p>\n<p><img alt=\"ACCANTO A CHI SOFFRE: NUOVI LUOGHI E NUOVE SFIDE. LA COMMISSIONE DI PASTORALE DELLA SALUTE AL LAVORO CON IL DIRETTORE NAZIONALE ANGELELLI\" title=\"ACCANTO A CHI SOFFRE: NUOVI LUOGHI E NUOVE SFIDE. LA COMMISSIONE DI PASTORALE DELLA SALUTE AL LAVORO CON IL DIRETTORE NAZIONALE ANGELELLI\" loading=\"lazy\" class=\"size-medium wp-image-17974 alignleft\" src=\"https:\/\/www.chiesedisicilia.org\/chiesedisicilia\/news\/wp-content\/uploads\/sites\/2\/2024\/01\/Cappellani-ospedalieri-2024-00.jpg\" alt=\"\" width=\"226\" height=\"300\" srcset=\"https:\/\/euwps05.newsmemory.com\/chiesedisicilia\/news\/wp-content\/uploads\/sites\/2\/2024\/01\/Cappellani-ospedalieri-2024-00.jpg 722w, https:\/\/euwps05.newsmemory.com\/chiesedisicilia\/news\/wp-content\/uploads\/sites\/2\/2024\/01\/Cappellani-ospedalieri-2024-00-226x300.jpg 226w\" sizes=\"(max-width: 226px) 100vw, 226px\" \/>Per il direttore nazionale, il periodo del Covid ci ha mostrato che\u00a0un cambiamento radicale, che ha cambiato anche la stessa sanit\u00e0. &#8220;La Pastorale della salute &#8211; ha detto &#8211; non \u00e8 una Pastorale teorica e contestualizzata, ma \u00e8 una pastorale che sta dove stanno i malati, al loro servizio. Se la realt\u00e0 sanitaria cambia &#8211; ha proseguito -, occorre riorganizzarsi per restare fedeli a questa nostra vocazione. Siamo in grado &#8211; ha chiesto ai direttori di Sicilia &#8211; di lasciarci interrogare da questa realt\u00e0? Siamo in grado di ripensare ad una azione di pastorale della salute che \u00e8 l\u2019azione della Chiesa nell\u2019ambito della sofferenza?&#8221;.<\/p>\n<p>Parlando di &#8220;nuovi luoghi e nuove sfide&#8221;, sono stati proposti due &#8220;modelli&#8221;, quello legato all&#8217;ospedale e quello del territorio.<\/p>\n<p>Sono stati approfonditi i concetti di: cappellania, intesa come unit\u00e0 pastorale composta da diverse figure che ruotano attorno alla pastorale della salute: volontari, ministri straordinari della Comunione, Diaconi e Cappellani, che rimangono i responsabili della cappellania; consiglio pastorale, nel quale inserire tutte le figure &#8211; di vocazione ed et\u00e0 differenti &#8211; che ruotano in ospedale.<\/p>\n<p><img alt=\"ACCANTO A CHI SOFFRE: NUOVI LUOGHI E NUOVE SFIDE. LA COMMISSIONE DI PASTORALE DELLA SALUTE AL LAVORO CON IL DIRETTORE NAZIONALE ANGELELLI\" title=\"ACCANTO A CHI SOFFRE: NUOVI LUOGHI E NUOVE SFIDE. LA COMMISSIONE DI PASTORALE DELLA SALUTE AL LAVORO CON IL DIRETTORE NAZIONALE ANGELELLI\" loading=\"lazy\" class=\"size-medium wp-image-17975 alignright\" src=\"https:\/\/www.chiesedisicilia.org\/chiesedisicilia\/news\/wp-content\/uploads\/sites\/2\/2024\/01\/Cappellani-ospedalieri-2024-01.jpg\" alt=\"\" width=\"300\" height=\"225\" srcset=\"https:\/\/euwps05.newsmemory.com\/chiesedisicilia\/news\/wp-content\/uploads\/sites\/2\/2024\/01\/Cappellani-ospedalieri-2024-01.jpg 1280w, https:\/\/euwps05.newsmemory.com\/chiesedisicilia\/news\/wp-content\/uploads\/sites\/2\/2024\/01\/Cappellani-ospedalieri-2024-01-300x225.jpg 300w, https:\/\/euwps05.newsmemory.com\/chiesedisicilia\/news\/wp-content\/uploads\/sites\/2\/2024\/01\/Cappellani-ospedalieri-2024-01-1024x768.jpg 1024w, https:\/\/euwps05.newsmemory.com\/chiesedisicilia\/news\/wp-content\/uploads\/sites\/2\/2024\/01\/Cappellani-ospedalieri-2024-01-768x576.jpg 768w, https:\/\/euwps05.newsmemory.com\/chiesedisicilia\/news\/wp-content\/uploads\/sites\/2\/2024\/01\/Cappellani-ospedalieri-2024-01-750x563.jpg 750w\" sizes=\"(max-width: 300px) 100vw, 300px\" \/>La CEI sta stilando un modello di cappellania, per spiegare ruoli, necessit\u00e0, obblighi di legge, rapporti. A livello diocesano, da Roma \u00e8 proposta la formazione di un\u2019associazione di volontari che sia riconosciuta e coperta da assicurazione per poter entrare in ospedale pi\u00f9 agevolmente. Mentre, esponendo il modello territorio, \u00e8 stato proposto il modello della Regione Piemonte che ha sancito un&#8217;intesa con la Pastorale della Salute: permette di assumere come Assistenti Spirituali i Sacerdoti, i Religiosi\/e, i Diaconi e Laici preparati e formati con il mandato del Vescovo e con questa strategia hanno mandato un assistente spirituale in ogni RSA.<\/p>\n<p>In ogni parrocchia il parroco deve individuare un responsabile della pastorale della salute che possa interagire con l\u2019ufficio della Pastorale della salute diocesana e coordinare le risorse della parrocchia per fare un\u2019azione pi\u00f9 qualificata nel domicilio, dove spesso si vive in solitudine.<\/p>\n<p>Si \u00e8 parlato anche del Giubileo, per preparare il quale saranno attivate sette aree di preparazione che sono sette ambiti in cui si chieder\u00e0 un percorso di avvicinamento.<\/p>\n<p><strong>La prima area che \u00e8 stata attivata \u00e8 quella dei <em>Sanitari, &#8220;i curanti&#8221;<\/em><\/strong>, con l\u2019apertura di un dialogo con la federazione dei medici, la federazione degli infermieri e le professioni sanitarie che hanno accettato volentieri la proposta dell\u2019ufficio della pastorale.<\/p>\n<p>Essi hanno proposto di fare tre eventi sino al Giubileo:<\/p>\n<ul>\n<li>a Verona il 10 maggio di quest\u2019anno, &#8220;un sguardo italiano&#8221;: 600 rappresentanti di tutte le delegazioni sanitarie discuteranno de \u201cLe Povert\u00e0 Sanitarie\u201d.<\/li>\n<li>a Novembre, a Roma, la riflessione sul \u201cRapporto tra Universalit\u00e0 e Sostenibilit\u00e0\u201d: \u00e8 il cosiddetto &#8220;sguardo europeo&#8221;<\/li>\n<li>a Roma il 5 Aprile del 2025 ci saranno tutti i rappresentanti degli ordini sanitari a livello mondiale. Lo sguardo \u00e8 quello appunto mondiale.<\/li>\n<\/ul>\n<p>Il Giubileo dei malati e della sanit\u00e0 si terr\u00e0 a Roma il 5 e il 6 aprile 2025.<\/p>\n<p><strong>La seconda area \u00e8 quella delle <em>associazioni cristiane<\/em> in pastorale della salute<\/strong>. Questa convocazione viene fatta dalla segreteria generale della CEI.<\/p>\n<p><strong>La terza area riguarda le <em>strutture sanitarie cattoliche di ispirazione cristiana<\/em><\/strong>. Sar\u00e0 individuato per ogni regione un sacerdote di riferimento per le strutture sanitarie cattoliche, a cui sar\u00e0 chiesto cosa vogliono fare all\u2019interno delle strutture sanitarie, poich\u00e9 nella struttura dello statuto dell\u2019ARIS all\u2019articolo 1 l\u2019obbiettivo \u00a0\u00e8 la crescita spirituale.<\/p>\n<p><strong>La quarta area \u00e8 quella di coinvolgimento dei <em>Gestori della Sanit\u00e0 Pubblica<\/em><\/strong> che sono elemento strategico del sistema. E sono: Direttori generali delle aziende sanitarie, l\u2019Istituto Superiore di Sanit\u00e0, il Ministero e tutti i componenti della parte pubblica.<\/p>\n<p>La riflessione di \u00e8 poi spostata sulle &#8220;tre dimensioni complementari &#8211; spirituale, religiosa, identitaria &#8211; che aiutano la persona a trovare la risposta spirituale dando un senso alla sofferenza&#8221;.<\/p>\n<p>A tutti gli appartenenti agli ambiti descritti verr\u00e0 chiesto un percorso di avvicinamento al Giubileo, mentre si cercher\u00e0 di proporre la formazione di tutti gli operatori di pastorale della salute facendo dei corsi, con possibilit\u00e0 degli ECM per poter raggiungere anche i curanti cio\u00e8 il personale sanitario.<\/p>\n<p>&nbsp;<\/p>\n","protected":false},"excerpt":{"rendered":"","protected":false},"author":4,"featured_media":17976,"comment_status":"closed","ping_status":"closed","sticky":false,"template":"","format":"standard","meta":[],"categories":[7],"tags":[],"news-destination":[],"news-source":[],"is_homepage":[],"ta_other":[],"_links":{"self":[{"href":"https:\/\/www.chiesedisicilia.org\/chiesedisicilia\/news\/wp-json\/wp\/v2\/posts\/17977"}],"collection":[{"href":"https:\/\/www.chiesedisicilia.org\/chiesedisicilia\/news\/wp-json\/wp\/v2\/posts"}],"about":[{"href":"https:\/\/www.chiesedisicilia.org\/chiesedisicilia\/news\/wp-json\/wp\/v2\/types\/post"}],"author":[{"embeddable":true,"href":"https:\/\/www.chiesedisicilia.org\/chiesedisicilia\/news\/wp-json\/wp\/v2\/users\/4"}],"replies":[{"embeddable":true,"href":"https:\/\/www.chiesedisicilia.org\/chiesedisicilia\/news\/wp-json\/wp\/v2\/comments?post=17977"}],"version-history":[{"count":1,"href":"https:\/\/www.chiesedisicilia.org\/chiesedisicilia\/news\/wp-json\/wp\/v2\/posts\/17977\/revisions"}],"predecessor-version":[{"id":23979,"href":"https:\/\/www.chiesedisicilia.org\/chiesedisicilia\/news\/wp-json\/wp\/v2\/posts\/17977\/revisions\/23979"}],"wp:featuredmedia":[{"embeddable":true,"href":"https:\/\/www.chiesedisicilia.org\/chiesedisicilia\/news\/wp-json\/wp\/v2\/media\/17976"}],"wp:attachment":[{"href":"https:\/\/www.chiesedisicilia.org\/chiesedisicilia\/news\/wp-json\/wp\/v2\/media?parent=17977"}],"wp:term":[{"taxonomy":"category","embeddable":true,"href":"https:\/\/www.chiesedisicilia.org\/chiesedisicilia\/news\/wp-json\/wp\/v2\/categories?post=17977"},{"taxonomy":"post_tag","embeddable":true,"href":"https:\/\/www.chiesedisicilia.org\/chiesedisicilia\/news\/wp-json\/wp\/v2\/tags?post=17977"},{"taxonomy":"news-destination","embeddable":true,"href":"https:\/\/www.chiesedisicilia.org\/chiesedisicilia\/news\/wp-json\/wp\/v2\/news-destination?post=17977"},{"taxonomy":"news-source","embeddable":true,"href":"https:\/\/www.chiesedisicilia.org\/chiesedisicilia\/news\/wp-json\/wp\/v2\/news-source?post=17977"},{"taxonomy":"is_homepage","embeddable":true,"href":"https:\/\/www.chiesedisicilia.org\/chiesedisicilia\/news\/wp-json\/wp\/v2\/is_homepage?post=17977"},{"taxonomy":"ta_other","embeddable":true,"href":"https:\/\/www.chiesedisicilia.org\/chiesedisicilia\/news\/wp-json\/wp\/v2\/ta_other?post=17977"}],"curies":[{"name":"wp","href":"https:\/\/api.w.org\/{rel}","templated":true}]}}