{"id":17971,"date":"2024-01-22T18:10:38","date_gmt":"2024-01-22T17:10:38","guid":{"rendered":"http:\/\/euwps05.newsmemory.com\/chiesedisicilia\/news\/?p=17971"},"modified":"2024-01-22T18:15:10","modified_gmt":"2023-03-28T18:15:10","slug":"corresponsabilita-collaborazione-e-generativita-due-giorni-per-la-programmazione-e-lavoro-in-gruppi-per-la-delegazione-caritas-di-sicilia","status":"publish","type":"post","link":"https:\/\/www.chiesedisicilia.org\/2024\/01\/22\/corresponsabilita-collaborazione-e-generativita-due-giorni-per-la-programmazione-e-lavoro-in-gruppi-per-la-delegazione-caritas-di-sicilia\/","title":{"rendered":"CORRESPONSABILIT\u00c0, COLLABORAZIONE E GENERATIVIT\u00c0: DUE GIORNI PER LA PROGRAMMAZIONE E LAVORO IN GRUPPI PER LA DELEGAZIONE CARITAS DI SICILIA"},"content":{"rendered":"<p>Il 18 e 19 gennaio, ad Enna, i direttori delle Caritas delle diciotto diocesi di Sicilia si sono riuniti per l&#8217;incontro regionale.<\/p>\n<p><img alt=\"CORRESPONSABILIT\u00c0, COLLABORAZIONE E GENERATIVIT\u00c0: DUE GIORNI PER LA PROGRAMMAZIONE E LAVORO IN GRUPPI PER LA DELEGAZIONE CARITAS DI SICILIA\" title=\"CORRESPONSABILIT\u00c0, COLLABORAZIONE E GENERATIVIT\u00c0: DUE GIORNI PER LA PROGRAMMAZIONE E LAVORO IN GRUPPI PER LA DELEGAZIONE CARITAS DI SICILIA\" loading=\"lazy\" class=\"size-medium wp-image-17968 alignleft\" src=\"https:\/\/www.chiesedisicilia.org\/chiesedisicilia\/news\/wp-content\/uploads\/sites\/2\/2024\/01\/IMG_20240118_122223.jpg\" alt=\"\" width=\"300\" height=\"169\" \/>Nella mattina del primo giorno, dopo i saluti del Vescovo Delegato,\u00a0<b>mons. Giovanni Accolla<\/b>, arcivescovo di Messina, \u00e8 intervenuto in prima battuta\u00a0<b>don Marco Tarascio<\/b>\u00a0per l\u2019\u00e9quipe formatori, e dopo, per il progetto \u201cStrategia con il Sud\u201d, gli incaricati regionali Caritas\u00a0<b>Giovanna Di Girolamo<\/b>,\u00a0<b>Antonino Mudan\u00f2<\/b>\u00a0e\u00a0<b>Sandro Tumino<\/b>.<\/p>\n<p>Nel pomeriggio i delegati si sono divisi nei consueti lavori tematici di gruppo.<\/p>\n<p><img alt=\"CORRESPONSABILIT\u00c0, COLLABORAZIONE E GENERATIVIT\u00c0: DUE GIORNI PER LA PROGRAMMAZIONE E LAVORO IN GRUPPI PER LA DELEGAZIONE CARITAS DI SICILIA\" title=\"CORRESPONSABILIT\u00c0, COLLABORAZIONE E GENERATIVIT\u00c0: DUE GIORNI PER LA PROGRAMMAZIONE E LAVORO IN GRUPPI PER LA DELEGAZIONE CARITAS DI SICILIA\" loading=\"lazy\" class=\"size-medium wp-image-17969 alignright\" src=\"https:\/\/www.chiesedisicilia.org\/chiesedisicilia\/news\/wp-content\/uploads\/sites\/2\/2024\/01\/IMG_20240118_122211.jpg\" alt=\"\" width=\"300\" height=\"169\" \/>Una riflessione a parte, sempre con un gruppo di lavoro, \u00e8 stata dedicata ai giovani a partire dall&#8217;esperienza di servizio civile universale ma anche alle altre esperienze come ad esempio Young Caritas presenti nelle diverse Caritas diocesane affinch\u00e9 da ci\u00f2 si possa proseguire nell&#8217;impegno di coinvolgere i giovani, partendo da loro e con loro, in attivit\u00e0 pastorali ma anche di esperienze di servizio.<\/p>\n<p><img alt=\"CORRESPONSABILIT\u00c0, COLLABORAZIONE E GENERATIVIT\u00c0: DUE GIORNI PER LA PROGRAMMAZIONE E LAVORO IN GRUPPI PER LA DELEGAZIONE CARITAS DI SICILIA\" title=\"CORRESPONSABILIT\u00c0, COLLABORAZIONE E GENERATIVIT\u00c0: DUE GIORNI PER LA PROGRAMMAZIONE E LAVORO IN GRUPPI PER LA DELEGAZIONE CARITAS DI SICILIA\" loading=\"lazy\" class=\"size-medium wp-image-17970 alignleft\" src=\"https:\/\/www.chiesedisicilia.org\/chiesedisicilia\/news\/wp-content\/uploads\/sites\/2\/2024\/01\/IMG_20240118_122233.jpg\" alt=\"\" width=\"300\" height=\"169\" \/>Il giorno successivo, il 19 gennaio, dopo la preghiera e le introduzioni di rito di<b>\u00a0mons. Accolla<\/b>\u00a0e del Direttore Regionale Caritas,\u00a0<b>Domenico Leggio<\/b>, sono intervenuti\u00a0 il Direttore Caritas Italiana\u00a0<b>don Marco Pagniello<\/b>\u00a0e\u00a0<b>Laura Stopponi<\/b>\u00a0dell&#8217;Ufficio Europa. Il direttore nazionale ha avuto modo di illustrare le priorit\u00e0 2024 attorno ai temi della corresponsabilit\u00e0, collaborazione e generativit\u00e0. Laura Stopponi ha avuto modo di declinare come alcune scelte globali hanno una incidenza diretta sul nostro quotidiano e per questo \u00e8 fondamentale l&#8217;educazione alla mondialit\u00e0 affinch\u00e9 si possano conoscere i fenomeni che vanno ben oltre i nostri &#8220;confini&#8221;.<\/p>\n<p>In conclusione, dopo l&#8217;ampio dibattito, il Vescovo delegato ha avuto modo di sottolineare l&#8217;importanza della partecipazione attiva da parte di tutti recuperando anche spazi di democraticit\u00e0 che ci appartengono e che ci consentiranno di vedere lontano,\u00a0 con uno sguardo sul futuro a partire dalle zone di fragilit\u00e0.<\/p>\n<p><img alt=\"CORRESPONSABILIT\u00c0, COLLABORAZIONE E GENERATIVIT\u00c0: DUE GIORNI PER LA PROGRAMMAZIONE E LAVORO IN GRUPPI PER LA DELEGAZIONE CARITAS DI SICILIA\" title=\"CORRESPONSABILIT\u00c0, COLLABORAZIONE E GENERATIVIT\u00c0: DUE GIORNI PER LA PROGRAMMAZIONE E LAVORO IN GRUPPI PER LA DELEGAZIONE CARITAS DI SICILIA\" loading=\"lazy\" class=\" \" src=\"https:\/\/www.chiesedisicilia.org\/chiesedisicilia\/news\/wp-content\/uploads\/sites\/2\/2024\/01\/IMG_20240119_132808-300x169.jpg\" alt=\"\" width=\"311\" height=\"175\" \/><\/p>\n<p><em>(foto di Andrea Sturniolo &#8211; diocesi di Patti)<\/em><\/p>\n","protected":false},"excerpt":{"rendered":"","protected":false},"author":4,"featured_media":17967,"comment_status":"closed","ping_status":"closed","sticky":false,"template":"","format":"standard","meta":[],"categories":[7],"tags":[],"news-destination":[],"news-source":[],"is_homepage":[],"ta_other":[],"_links":{"self":[{"href":"https:\/\/www.chiesedisicilia.org\/chiesedisicilia\/news\/wp-json\/wp\/v2\/posts\/17971"}],"collection":[{"href":"https:\/\/www.chiesedisicilia.org\/chiesedisicilia\/news\/wp-json\/wp\/v2\/posts"}],"about":[{"href":"https:\/\/www.chiesedisicilia.org\/chiesedisicilia\/news\/wp-json\/wp\/v2\/types\/post"}],"author":[{"embeddable":true,"href":"https:\/\/www.chiesedisicilia.org\/chiesedisicilia\/news\/wp-json\/wp\/v2\/users\/4"}],"replies":[{"embeddable":true,"href":"https:\/\/www.chiesedisicilia.org\/chiesedisicilia\/news\/wp-json\/wp\/v2\/comments?post=17971"}],"version-history":[{"count":2,"href":"https:\/\/www.chiesedisicilia.org\/chiesedisicilia\/news\/wp-json\/wp\/v2\/posts\/17971\/revisions"}],"predecessor-version":[{"id":23978,"href":"https:\/\/www.chiesedisicilia.org\/chiesedisicilia\/news\/wp-json\/wp\/v2\/posts\/17971\/revisions\/23978"}],"wp:featuredmedia":[{"embeddable":true,"href":"https:\/\/www.chiesedisicilia.org\/chiesedisicilia\/news\/wp-json\/wp\/v2\/media\/17967"}],"wp:attachment":[{"href":"https:\/\/www.chiesedisicilia.org\/chiesedisicilia\/news\/wp-json\/wp\/v2\/media?parent=17971"}],"wp:term":[{"taxonomy":"category","embeddable":true,"href":"https:\/\/www.chiesedisicilia.org\/chiesedisicilia\/news\/wp-json\/wp\/v2\/categories?post=17971"},{"taxonomy":"post_tag","embeddable":true,"href":"https:\/\/www.chiesedisicilia.org\/chiesedisicilia\/news\/wp-json\/wp\/v2\/tags?post=17971"},{"taxonomy":"news-destination","embeddable":true,"href":"https:\/\/www.chiesedisicilia.org\/chiesedisicilia\/news\/wp-json\/wp\/v2\/news-destination?post=17971"},{"taxonomy":"news-source","embeddable":true,"href":"https:\/\/www.chiesedisicilia.org\/chiesedisicilia\/news\/wp-json\/wp\/v2\/news-source?post=17971"},{"taxonomy":"is_homepage","embeddable":true,"href":"https:\/\/www.chiesedisicilia.org\/chiesedisicilia\/news\/wp-json\/wp\/v2\/is_homepage?post=17971"},{"taxonomy":"ta_other","embeddable":true,"href":"https:\/\/www.chiesedisicilia.org\/chiesedisicilia\/news\/wp-json\/wp\/v2\/ta_other?post=17971"}],"curies":[{"name":"wp","href":"https:\/\/api.w.org\/{rel}","templated":true}]}}