{"id":179,"date":"2018-05-07T14:14:11","date_gmt":"2018-05-07T12:14:11","guid":{"rendered":"http:\/\/euwp06.tecnavia.com\/chiesedisicilia\/news\/?p=179"},"modified":"2018-06-15T08:01:29","modified_gmt":"2017-08-19T08:01:29","slug":"giornata-sacerdotale-mariana-2016","status":"publish","type":"post","link":"https:\/\/www.chiesedisicilia.org\/2018\/05\/07\/giornata-sacerdotale-mariana-2016\/","title":{"rendered":"GIORNATA SACERDOTALE MARIANA 2016"},"content":{"rendered":"<p>L&#8217;annuale appuntamento della Commissione Presbiterale siciliana alla &#8220;Madonna della Milicia&#8221; (PA)<\/p>\n<p><img alt=\"GIORNATA SACERDOTALE MARIANA 2016\" title=\"GIORNATA SACERDOTALE MARIANA 2016\" loading=\"lazy\" class=\"size-medium wp-image-181 alignright\" src=\"https:\/\/www.chiesedisicilia.org\/chiesedisicilia\/news\/wp-content\/uploads\/sites\/2\/2018\/05\/milicia.jpg\" alt=\"\" width=\"253\" height=\"300\" srcset=\"https:\/\/euwps06.newsmemory.com\/chiesedisicilia\/news\/wp-content\/uploads\/sites\/2\/2018\/05\/milicia.jpg 843w, https:\/\/euwps06.newsmemory.com\/chiesedisicilia\/news\/wp-content\/uploads\/sites\/2\/2018\/05\/milicia-253x300.jpg 253w, https:\/\/euwps06.newsmemory.com\/chiesedisicilia\/news\/wp-content\/uploads\/sites\/2\/2018\/05\/milicia-768x911.jpg 768w, https:\/\/euwps06.newsmemory.com\/chiesedisicilia\/news\/wp-content\/uploads\/sites\/2\/2018\/05\/milicia-750x890.jpg 750w\" sizes=\"(max-width: 253px) 100vw, 253px\" \/>Si svolger\u00e0 presso il Santuario mariano &#8220;Madonna della Milicia&#8221;, ad Altavilla Milicia, diocesi di Palermo, la Giornata sacerdotale mariana organizzata dalla Commissione Presbiterale Siciliana.L&#8217;appuntamento \u00e8 per marted\u00ec 24 maggio 2016 e &#8220;celebra, solennemente e in comunione fraterna, la festa di Maria SS. Odigitria&#8221;.Il programma prevede, alle ore 9.30, l&#8217;accoglienza dei presbiteri e i saluti dell&#8217;arcivescovo di Palermo, mons. Corrado Lorefice, e del vescovo di Ragusa, mons. Carmelo Cuttitta, segretario della Conferenza Episcopale Siciliana e presidente della Commissione Presbiterale Siciliana. Alle ore 10 la meditazione su &#8220;Maria Madre di misericordia&#8221;, a cura di mons. Marco Frisina, direttore della Pontificia Cappella Musicale Lateranese. Un&#8217;ora e mezza dopo la celebrazione eucaristica presieduta dal mons. Salvatore Gristina, arcivescovo di Catania e presidente della CESi.&#8221;Maria Madre di Misericordia, che custodiva ogni cosa nel suo cuore &#8211; scrive mons. Lorefice ai presbiteri di Sicilia -, potr\u00e0 introdurci, come nessun altro, nel mistero dell&#8217;amore misericordioso del Figlio Dio, per assaporare la dolcezza di un perdono ricevuto e donato, capaci di rigenerarci a vita nuova e di ridare nuovo vigore al nostro ministero al servizio del popolo santo di Dio e dell&#8217;intera umanit\u00e0, soprattutto quella pi\u00f9 debole ed emarginata&#8221;.Come ormai consuetudine, la stessa Commissione si riunir\u00e0 in sede gi\u00e0 il giorno prima, luned\u00ec 23 maggio. [01]<\/p>\n","protected":false},"excerpt":{"rendered":"","protected":false},"author":1,"featured_media":181,"comment_status":"open","ping_status":"open","sticky":false,"template":"","format":"standard","meta":[],"categories":[33],"tags":[],"news-destination":[],"news-source":[],"is_homepage":[],"ta_other":[],"_links":{"self":[{"href":"https:\/\/www.chiesedisicilia.org\/chiesedisicilia\/news\/wp-json\/wp\/v2\/posts\/179"}],"collection":[{"href":"https:\/\/www.chiesedisicilia.org\/chiesedisicilia\/news\/wp-json\/wp\/v2\/posts"}],"about":[{"href":"https:\/\/www.chiesedisicilia.org\/chiesedisicilia\/news\/wp-json\/wp\/v2\/types\/post"}],"author":[{"embeddable":true,"href":"https:\/\/www.chiesedisicilia.org\/chiesedisicilia\/news\/wp-json\/wp\/v2\/users\/1"}],"replies":[{"embeddable":true,"href":"https:\/\/www.chiesedisicilia.org\/chiesedisicilia\/news\/wp-json\/wp\/v2\/comments?post=179"}],"version-history":[{"count":2,"href":"https:\/\/www.chiesedisicilia.org\/chiesedisicilia\/news\/wp-json\/wp\/v2\/posts\/179\/revisions"}],"predecessor-version":[{"id":183,"href":"https:\/\/www.chiesedisicilia.org\/chiesedisicilia\/news\/wp-json\/wp\/v2\/posts\/179\/revisions\/183"}],"wp:featuredmedia":[{"embeddable":true,"href":"https:\/\/www.chiesedisicilia.org\/chiesedisicilia\/news\/wp-json\/wp\/v2\/media\/181"}],"wp:attachment":[{"href":"https:\/\/www.chiesedisicilia.org\/chiesedisicilia\/news\/wp-json\/wp\/v2\/media?parent=179"}],"wp:term":[{"taxonomy":"category","embeddable":true,"href":"https:\/\/www.chiesedisicilia.org\/chiesedisicilia\/news\/wp-json\/wp\/v2\/categories?post=179"},{"taxonomy":"post_tag","embeddable":true,"href":"https:\/\/www.chiesedisicilia.org\/chiesedisicilia\/news\/wp-json\/wp\/v2\/tags?post=179"},{"taxonomy":"news-destination","embeddable":true,"href":"https:\/\/www.chiesedisicilia.org\/chiesedisicilia\/news\/wp-json\/wp\/v2\/news-destination?post=179"},{"taxonomy":"news-source","embeddable":true,"href":"https:\/\/www.chiesedisicilia.org\/chiesedisicilia\/news\/wp-json\/wp\/v2\/news-source?post=179"},{"taxonomy":"is_homepage","embeddable":true,"href":"https:\/\/www.chiesedisicilia.org\/chiesedisicilia\/news\/wp-json\/wp\/v2\/is_homepage?post=179"},{"taxonomy":"ta_other","embeddable":true,"href":"https:\/\/www.chiesedisicilia.org\/chiesedisicilia\/news\/wp-json\/wp\/v2\/ta_other?post=179"}],"curies":[{"name":"wp","href":"https:\/\/api.w.org\/{rel}","templated":true}]}}