{"id":17877,"date":"2024-01-09T18:18:39","date_gmt":"2024-01-09T17:18:39","guid":{"rendered":"http:\/\/euwps05.newsmemory.com\/chiesedisicilia\/news\/?p=17877"},"modified":"2024-01-09T18:37:06","modified_gmt":"2023-03-15T18:37:06","slug":"ti-posso-chiamare-fratello-la-storia-di-biagio-conte-missionario-di-speranza-e-carita","status":"publish","type":"post","link":"https:\/\/www.chiesedisicilia.org\/2024\/01\/09\/ti-posso-chiamare-fratello-la-storia-di-biagio-conte-missionario-di-speranza-e-carita\/","title":{"rendered":"\u201cTI POSSO CHIAMARE FRATELLO?\u201d LA STORIA DI BIAGIO CONTE MISSIONARIO DI SPERANZA E CARIT\u00c0"},"content":{"rendered":"<p>Fratel Biagio Conte, missionario laico, fondatore di opere di carit\u00e0, credente capace di smuovere le coscienze, ha pregato, digiunato e attraversato in pellegrinaggio l\u2019Italia e l\u2019Europa intera, per sensibilizzare i cuori dei cittadini e delle istituzioni all\u2019impegno per la pace, all\u2019attenzione verso i pi\u00f9 fragili, alla convivenza fra i popoli.<\/p>\n<p>Ha lasciato la vita terrena il 12 gennaio2023, dopo una malattia affrontata con la forza, la fede e la speranza con cui ha sempre vissuto. Le sue battaglie nonviolente hanno lasciato un segno, un\u2019eredit\u00e0 per la Chiesa e per la societ\u00e0 tutta che non va dispersa, ma custodita e valorizzata.<\/p>\n<p>Quando a Palermo si dice \u201cBiagio Conte\u201d non si indica solo quel \u201cpiccolo servo inutile\u201d dagli occhi azzurri illuminati dalla fede, bens\u00ec un punto di riferimento per l\u2019universo dei derelitti, un luogo di accoglienza per gli scartati della terra, un posto in cui la speranza non muore, perch\u00e9 per tutti c\u2019\u00e8 una seconda possibilit\u00e0.<\/p>\n<p>\u00abSbracciati e datti da fare\u00bb \u00e8 il motto di chi varca i cancelli della Missione di Speranza e Carit\u00e0, tre comunit\u00e0 principali a Palermo con altri satelliti in tutta la Sicilia, fondate in luoghi condannati all\u2019abbandono per decenni, edifici a cui \u00e8 stata donata una nuova vita al servizio del territorio.<\/p>\n<p>&nbsp;<\/p>\n<p style=\"text-align: right\"><em>TI POSSO CHIAMARE FRATELLO?<\/em><\/p>\n<p style=\"text-align: right\"><em>Edizioni San Paolo 2023<\/em><\/p>\n<p style=\"text-align: right\"><em>pp. 235<\/em><\/p>\n<p style=\"text-align: right\"><em>euro 18,00<\/em><\/p>\n<p style=\"text-align: right\"><em>IN LIBRERIA DAL 13 DICEMBRE 2024\u00a0<\/em><\/p>\n<p><strong>APPROFONDIMENTO<\/strong><\/p>\n<ul>\n<li><a href=\"https:\/\/www.chiesedisicilia.org\/chiesedisicilia\/news\/wp-content\/uploads\/sites\/2\/2024\/01\/Cs_Gruppo_Editoriale_San_Paolo_Ti_posso_chiamare_240109_151536.pdf\">Ti posso chiamare fratello &#8211; Sintesi a cura del gruppo editoriale San Paolo<\/a><\/li>\n<\/ul>\n","protected":false},"excerpt":{"rendered":"","protected":false},"author":4,"featured_media":17876,"comment_status":"closed","ping_status":"closed","sticky":false,"template":"","format":"standard","meta":[],"categories":[27],"tags":[],"news-destination":[],"news-source":[],"is_homepage":[],"ta_other":[],"_links":{"self":[{"href":"https:\/\/www.chiesedisicilia.org\/chiesedisicilia\/news\/wp-json\/wp\/v2\/posts\/17877"}],"collection":[{"href":"https:\/\/www.chiesedisicilia.org\/chiesedisicilia\/news\/wp-json\/wp\/v2\/posts"}],"about":[{"href":"https:\/\/www.chiesedisicilia.org\/chiesedisicilia\/news\/wp-json\/wp\/v2\/types\/post"}],"author":[{"embeddable":true,"href":"https:\/\/www.chiesedisicilia.org\/chiesedisicilia\/news\/wp-json\/wp\/v2\/users\/4"}],"replies":[{"embeddable":true,"href":"https:\/\/www.chiesedisicilia.org\/chiesedisicilia\/news\/wp-json\/wp\/v2\/comments?post=17877"}],"version-history":[{"count":1,"href":"https:\/\/www.chiesedisicilia.org\/chiesedisicilia\/news\/wp-json\/wp\/v2\/posts\/17877\/revisions"}],"predecessor-version":[{"id":17879,"href":"https:\/\/www.chiesedisicilia.org\/chiesedisicilia\/news\/wp-json\/wp\/v2\/posts\/17877\/revisions\/17879"}],"wp:featuredmedia":[{"embeddable":true,"href":"https:\/\/www.chiesedisicilia.org\/chiesedisicilia\/news\/wp-json\/wp\/v2\/media\/17876"}],"wp:attachment":[{"href":"https:\/\/www.chiesedisicilia.org\/chiesedisicilia\/news\/wp-json\/wp\/v2\/media?parent=17877"}],"wp:term":[{"taxonomy":"category","embeddable":true,"href":"https:\/\/www.chiesedisicilia.org\/chiesedisicilia\/news\/wp-json\/wp\/v2\/categories?post=17877"},{"taxonomy":"post_tag","embeddable":true,"href":"https:\/\/www.chiesedisicilia.org\/chiesedisicilia\/news\/wp-json\/wp\/v2\/tags?post=17877"},{"taxonomy":"news-destination","embeddable":true,"href":"https:\/\/www.chiesedisicilia.org\/chiesedisicilia\/news\/wp-json\/wp\/v2\/news-destination?post=17877"},{"taxonomy":"news-source","embeddable":true,"href":"https:\/\/www.chiesedisicilia.org\/chiesedisicilia\/news\/wp-json\/wp\/v2\/news-source?post=17877"},{"taxonomy":"is_homepage","embeddable":true,"href":"https:\/\/www.chiesedisicilia.org\/chiesedisicilia\/news\/wp-json\/wp\/v2\/is_homepage?post=17877"},{"taxonomy":"ta_other","embeddable":true,"href":"https:\/\/www.chiesedisicilia.org\/chiesedisicilia\/news\/wp-json\/wp\/v2\/ta_other?post=17877"}],"curies":[{"name":"wp","href":"https:\/\/api.w.org\/{rel}","templated":true}]}}