{"id":17825,"date":"2024-01-03T11:20:55","date_gmt":"2024-01-03T10:20:55","guid":{"rendered":"http:\/\/euwps06.newsmemory.com\/chiesedisicilia\/news\/?p=17825"},"modified":"2024-01-08T11:33:26","modified_gmt":"2023-03-14T11:33:26","slug":"la-suggestiva-voce-di-antonella-ruggiero-e-il-suo-cattedrali-risuonano-in-duomo","status":"publish","type":"post","link":"https:\/\/www.chiesedisicilia.org\/2024\/01\/03\/la-suggestiva-voce-di-antonella-ruggiero-e-il-suo-cattedrali-risuonano-in-duomo\/","title":{"rendered":"LA SUGGESTIVA VOCE DI ANTONELLA RUGGIERO E IL SUO \u201cCATTEDRALI\u201d RISUONANO IN DUOMO"},"content":{"rendered":"<p>Il viaggio musicale di Antonella Ruggiero far\u00e0 tappa a Cefal\u00f9 (PA) con il suo \u201cCattedrali\u201d, dedicato al virtuoso intreccio emotivo di organo e voce umana. L&#8217;appuntamento si terr\u00e0 venerd\u00ec 5 gennaio nell&#8217;ambito dell&#8217;iniziativa\u00a0<i>La Via dei Presepi<\/i>, organizzata dalla Diocesi di Cefal\u00f9 e dalla Proloco della cittadina normanna.<\/p>\n<p>Antonella Ruggiero, considerata universalmente una delle voci pi\u00f9 intense e suggestive del panorama musicale italiano, incanter\u00e0 i presenti in un luogo di spiritualit\u00e0 dalla bellezza unica come la Basilica Cattedrale di Cefal\u00f9. Ad accompagnarla durante la serata il maestro Roberto Olzer.<\/p>\n<p>L&#8217;artista, dopo il percorso con i Matia Bazar, durato quattordici anni e una pausa di sette anni, ha ripreso la sua attivit\u00e0 nel 1996, spaziando dalla musica sacra al jazz, passando per la musica ebraica, portoghese, orientale e della tradizione popolare.\u201cCattedrali\u201d \u00e8 un progetto musicale nato con il restauro dell\u2019organo Mascioni della Cattedrale di Cremona in collaborazione con il Maestro Fausto Caporali, organista residente e professore al Conservatorio di Torino.<\/p>\n<p>Un progetto scaturito dalla minuziosa e attenta ricerca di Antonella Ruggiero, che l\u2019ha portata a scegliere brani gi\u00e0 affrontati in passato in diverse vesti, come l&#8217;<i>Ave Maria<\/i>\u00a0di Gounod e il\u00a0<i>Panis Angelicus<\/i>\u00a0di Frank, sia a incontrare musica per lei inedita, come l&#8217;<i>Ave Maria\u00a0<\/i>di Franz Biebl e\u00a0<i>Ave Maris Stella<\/i>\u00a0di Mark Thomas, entrambi compositori del &#8216;900. E poi l\u2019<i>Ave Maria<\/i>\u00a0di De Andr\u00e8 e un omaggio alla tradizione della musica popolare con\u00a0<i>O Sanctissima<\/i>\u00a0e il canto tradizionale sardo<i>\u00a0Deus ti salvet Maria<\/i>. Un\u2019altra originale proposta sono il\u00a0<i>Kyrie<\/i>\u00a0e il\u00a0<i>Gloria<\/i>\u00a0tratti dalla Missa Criolla di Ariel Ramirez con un nuovo arrangiamento per organo e voce del M\u00b0 Caporali.<\/p>\n<p>Grazie alla voce suggestiva di Antonella Ruggiero, sar\u00e0 possibile vivere una serata unica di musica e di parole che aiuteranno a meditare il mistero grande della nascita di Ges\u00f9.<\/p>\n<p>L&#8217;ingresso in cattedrale \u00e8 libero e sar\u00e0 consentito dalle 19.30 alle 20.30 fino all&#8217;esaurimento dei posti disponibili. L&#8217;inizio della serata \u00e8 previsto per le ore 21.00.<\/p>\n","protected":false},"excerpt":{"rendered":"","protected":false},"author":4,"featured_media":17824,"comment_status":"closed","ping_status":"closed","sticky":false,"template":"","format":"standard","meta":[],"categories":[30],"tags":[],"news-destination":[],"news-source":[],"is_homepage":[],"ta_other":[],"_links":{"self":[{"href":"https:\/\/www.chiesedisicilia.org\/chiesedisicilia\/news\/wp-json\/wp\/v2\/posts\/17825"}],"collection":[{"href":"https:\/\/www.chiesedisicilia.org\/chiesedisicilia\/news\/wp-json\/wp\/v2\/posts"}],"about":[{"href":"https:\/\/www.chiesedisicilia.org\/chiesedisicilia\/news\/wp-json\/wp\/v2\/types\/post"}],"author":[{"embeddable":true,"href":"https:\/\/www.chiesedisicilia.org\/chiesedisicilia\/news\/wp-json\/wp\/v2\/users\/4"}],"replies":[{"embeddable":true,"href":"https:\/\/www.chiesedisicilia.org\/chiesedisicilia\/news\/wp-json\/wp\/v2\/comments?post=17825"}],"version-history":[{"count":1,"href":"https:\/\/www.chiesedisicilia.org\/chiesedisicilia\/news\/wp-json\/wp\/v2\/posts\/17825\/revisions"}],"predecessor-version":[{"id":17826,"href":"https:\/\/www.chiesedisicilia.org\/chiesedisicilia\/news\/wp-json\/wp\/v2\/posts\/17825\/revisions\/17826"}],"wp:featuredmedia":[{"embeddable":true,"href":"https:\/\/www.chiesedisicilia.org\/chiesedisicilia\/news\/wp-json\/wp\/v2\/media\/17824"}],"wp:attachment":[{"href":"https:\/\/www.chiesedisicilia.org\/chiesedisicilia\/news\/wp-json\/wp\/v2\/media?parent=17825"}],"wp:term":[{"taxonomy":"category","embeddable":true,"href":"https:\/\/www.chiesedisicilia.org\/chiesedisicilia\/news\/wp-json\/wp\/v2\/categories?post=17825"},{"taxonomy":"post_tag","embeddable":true,"href":"https:\/\/www.chiesedisicilia.org\/chiesedisicilia\/news\/wp-json\/wp\/v2\/tags?post=17825"},{"taxonomy":"news-destination","embeddable":true,"href":"https:\/\/www.chiesedisicilia.org\/chiesedisicilia\/news\/wp-json\/wp\/v2\/news-destination?post=17825"},{"taxonomy":"news-source","embeddable":true,"href":"https:\/\/www.chiesedisicilia.org\/chiesedisicilia\/news\/wp-json\/wp\/v2\/news-source?post=17825"},{"taxonomy":"is_homepage","embeddable":true,"href":"https:\/\/www.chiesedisicilia.org\/chiesedisicilia\/news\/wp-json\/wp\/v2\/is_homepage?post=17825"},{"taxonomy":"ta_other","embeddable":true,"href":"https:\/\/www.chiesedisicilia.org\/chiesedisicilia\/news\/wp-json\/wp\/v2\/ta_other?post=17825"}],"curies":[{"name":"wp","href":"https:\/\/api.w.org\/{rel}","templated":true}]}}