{"id":17823,"date":"2024-01-07T11:09:10","date_gmt":"2024-01-07T10:09:10","guid":{"rendered":"http:\/\/euwps06.newsmemory.com\/chiesedisicilia\/news\/?p=17823"},"modified":"2024-01-08T11:19:09","modified_gmt":"2023-03-14T11:19:09","slug":"40-anniversario-di-ordinazione-episcopale-del-cardinale-paolo-romeo-preghiera-e-festa-in-diocesi","status":"publish","type":"post","link":"https:\/\/www.chiesedisicilia.org\/2024\/01\/07\/40-anniversario-di-ordinazione-episcopale-del-cardinale-paolo-romeo-preghiera-e-festa-in-diocesi\/","title":{"rendered":"40\u00b0 ANNIVERSARIO DI ORDINAZIONE EPISCOPALE DEL CARDINALE PAOLO ROMEO: PREGHIERA E FESTA IN DIOCESI"},"content":{"rendered":"<p>Sabato 6 gennaio,\u00a0solennit\u00e0 dell\u2019Epifania del Signore, ricorre il lieto evento del\u00a0quarantesimo anniversario di ordinazione episcopale\u00a0del\u00a0Cardinale Paolo Romeo, arcivescovo emerito di Palermo, figlio eletto della nostra Chiesa diocesana.<\/p>\n<p>La comunit\u00e0 diocesana di Acireale, sua diocesi di origine, lo ha festeggiato con il\u00a0solenne pontificale nellaBasilica Cattedrale di Acireale.<\/p>\n<p>\u201cCon grande gioia, ci uniamo al suo rendimento di grazie a Cristo Buon Pastore per il dono del ministero episcopale e, allo stesso tempo, esprimiamo profonda gratitudine per il ministero svolto a servizio della Chiesa.\u00a0 Al carissimo cardinale &#8211; ha detto mons. Antonino Raspanti, vescovo di Acireale &#8211; vanno i nostri pi\u00f9 sentiti auguri di ogni bene e il nostro grazie per il dono della sua presenza fattiva e gioiosa in mezzo a noi\u201d.<\/p>\n<p>Questo un breve profilo tracciato per l&#8217;occasione:<\/p>\n<p><em>Il Cardinale Paolo Romeo ha svolto un ruolo di rilievo nella Chiesa e per la Chiesa; \u00e8 stato rappresentante del Papa, nella veste di Nunzio Apostolico, ad Haiti, Colombia, Canada e Italia. Successivamente \u00e8 stato nominato Arcivescovo-Metropolita di Palermo. Un cammino arduo che \u00e8 stato sorretto dalla forza consolante dello Spirito. Figlio della nostra Chiesa diocesana, acese di nascita, il Cardinale Romeo \u2013 da quando \u00e8 diventato emerito \u2013 \u00e8 tornato a vivere nella propria abitazione, inserendosi nella Diocesi con discrezione. Un prete tra i preti del presbiterio, seppur insignito della porpora. Un fratello maggiore con il quale confrontarsi. Un padre a cui aprire il proprio cuore, certi di essere ben indirizzati e consigliati. Un ecclesiastico, attento alla vita della Chiesa. Una persona sollecita verso gli altri, soprattutto se ammalati o sofferenti. Un amico dalla piacevole compagnia, dotato di sano humor.<\/em><\/p>\n","protected":false},"excerpt":{"rendered":"","protected":false},"author":4,"featured_media":17822,"comment_status":"closed","ping_status":"closed","sticky":false,"template":"","format":"standard","meta":[],"categories":[30],"tags":[],"news-destination":[],"news-source":[],"is_homepage":[],"ta_other":[],"_links":{"self":[{"href":"https:\/\/www.chiesedisicilia.org\/chiesedisicilia\/news\/wp-json\/wp\/v2\/posts\/17823"}],"collection":[{"href":"https:\/\/www.chiesedisicilia.org\/chiesedisicilia\/news\/wp-json\/wp\/v2\/posts"}],"about":[{"href":"https:\/\/www.chiesedisicilia.org\/chiesedisicilia\/news\/wp-json\/wp\/v2\/types\/post"}],"author":[{"embeddable":true,"href":"https:\/\/www.chiesedisicilia.org\/chiesedisicilia\/news\/wp-json\/wp\/v2\/users\/4"}],"replies":[{"embeddable":true,"href":"https:\/\/www.chiesedisicilia.org\/chiesedisicilia\/news\/wp-json\/wp\/v2\/comments?post=17823"}],"version-history":[{"count":1,"href":"https:\/\/www.chiesedisicilia.org\/chiesedisicilia\/news\/wp-json\/wp\/v2\/posts\/17823\/revisions"}],"predecessor-version":[{"id":23969,"href":"https:\/\/www.chiesedisicilia.org\/chiesedisicilia\/news\/wp-json\/wp\/v2\/posts\/17823\/revisions\/23969"}],"wp:featuredmedia":[{"embeddable":true,"href":"https:\/\/www.chiesedisicilia.org\/chiesedisicilia\/news\/wp-json\/wp\/v2\/media\/17822"}],"wp:attachment":[{"href":"https:\/\/www.chiesedisicilia.org\/chiesedisicilia\/news\/wp-json\/wp\/v2\/media?parent=17823"}],"wp:term":[{"taxonomy":"category","embeddable":true,"href":"https:\/\/www.chiesedisicilia.org\/chiesedisicilia\/news\/wp-json\/wp\/v2\/categories?post=17823"},{"taxonomy":"post_tag","embeddable":true,"href":"https:\/\/www.chiesedisicilia.org\/chiesedisicilia\/news\/wp-json\/wp\/v2\/tags?post=17823"},{"taxonomy":"news-destination","embeddable":true,"href":"https:\/\/www.chiesedisicilia.org\/chiesedisicilia\/news\/wp-json\/wp\/v2\/news-destination?post=17823"},{"taxonomy":"news-source","embeddable":true,"href":"https:\/\/www.chiesedisicilia.org\/chiesedisicilia\/news\/wp-json\/wp\/v2\/news-source?post=17823"},{"taxonomy":"is_homepage","embeddable":true,"href":"https:\/\/www.chiesedisicilia.org\/chiesedisicilia\/news\/wp-json\/wp\/v2\/is_homepage?post=17823"},{"taxonomy":"ta_other","embeddable":true,"href":"https:\/\/www.chiesedisicilia.org\/chiesedisicilia\/news\/wp-json\/wp\/v2\/ta_other?post=17823"}],"curies":[{"name":"wp","href":"https:\/\/api.w.org\/{rel}","templated":true}]}}