{"id":1775,"date":"2013-12-05T17:24:00","date_gmt":"2013-12-05T16:24:00","guid":{"rendered":"http:\/\/wptestsite.tecnavia.com\/chiesedisicilia_clientsite\/news\/2013\/12\/05\/caltanissetta-la-pazienza-di-crescere-il-vescovo-parla-ai-giovani\/"},"modified":"2018-11-09T11:00:46","modified_gmt":"2018-01-13T11:00:46","slug":"caltanissetta-la-pazienza-di-crescere-il-vescovo-parla-ai-giovani","status":"publish","type":"post","link":"https:\/\/www.chiesedisicilia.org\/2013\/12\/05\/caltanissetta-la-pazienza-di-crescere-il-vescovo-parla-ai-giovani\/","title":{"rendered":"CALTANISSETTA. \u201cLA PAZIENZA DI CRESCERE\u201d: IL VESCOVO PARLA AI GIOVANI"},"content":{"rendered":"<p class=\"MsoNormal\" style=\"text-align:justify\"><span style=\"font-size: medium;\"><span style=\"font-family: 'Times New Roman';\">Venerd\u00ec 6 dicembre, alle ore 19.30, presso la Chiesa Madre di San Cataldo, mons. Mario Russotto, Vescovo di Caltanissetta, terr\u00e0 la Lectio<i> <\/i>d&#8217;Avvento ai giovani della diocesi nissena. Tema scelto \u201cLa pazienza di crescere\u201d (Mc 4,26-29).<\/span><\/span><span style=\"font-size:12.0pt\"><i><o:p><\/o:p><\/i><\/span><\/p>\n<p class=\"MsoNormal\" style=\"text-align:justify\"><span style=\"font-size: medium;\"><span style=\"font-family: 'Times New Roman';\">Quello di venerd\u00ec \u00e8 il primo di due incontri, a livello diocesano, che si terranno nel tempo liturgico dell&#8217;Avvento. Infatti, dopo quella con i giovani, il vescovo terr\u00e0 un&#8217;altra Lectio<i> <\/i>il 12 dicembre, questa volta alle coppie di sposi e di fidanzati sul tema della preghiera.<\/span><\/span><span style=\"font-size:12.0pt\"><o:p><\/o:p><\/span><\/p>\n<p class=\"MsoNormal\" style=\"text-align:justify\"><span style=\"font-size: medium;\"><span style=\"font-family: 'Times New Roman';\">I due appuntamenti diocesani si terranno a San Cataldo dove, nel maggio del 2014, si svolger\u00e0 la nona edizione dell&#8217;Igf, Insieme giovani e famiglie, l&#8217;annuale incontro del Vescovo con i giovani e le famiglie della diocesi. Le due Lectio<i>, <\/i>infatti, costituiscono, oltre che un momento di preparazione immediata al Natale, una tappa di avvicinamento all&#8217;incontro del 25 maggio, giorno in cui si svolger\u00e0 l&#8217;Igf che, quest&#8217;anno, coincider\u00e0 anche con il giorno in cui si aprir\u00e0 ufficialmente uno speciale anno giubilare in occasione del 170\u00b0 anniversario della fondazione della diocesi nissena avvenuta, appunto, nel maggio del 1944. [01]<\/span><\/span><span style=\"font-size:12.0pt\"><o:p><\/o:p><\/span><\/p>\n","protected":false},"excerpt":{"rendered":"","protected":false},"author":1,"featured_media":0,"comment_status":"open","ping_status":"open","sticky":false,"template":"","format":"standard","meta":[],"categories":[30],"tags":[],"news-destination":[],"news-source":[],"is_homepage":[],"ta_other":[],"_links":{"self":[{"href":"https:\/\/www.chiesedisicilia.org\/chiesedisicilia\/news\/wp-json\/wp\/v2\/posts\/1775"}],"collection":[{"href":"https:\/\/www.chiesedisicilia.org\/chiesedisicilia\/news\/wp-json\/wp\/v2\/posts"}],"about":[{"href":"https:\/\/www.chiesedisicilia.org\/chiesedisicilia\/news\/wp-json\/wp\/v2\/types\/post"}],"author":[{"embeddable":true,"href":"https:\/\/www.chiesedisicilia.org\/chiesedisicilia\/news\/wp-json\/wp\/v2\/users\/1"}],"replies":[{"embeddable":true,"href":"https:\/\/www.chiesedisicilia.org\/chiesedisicilia\/news\/wp-json\/wp\/v2\/comments?post=1775"}],"version-history":[{"count":1,"href":"https:\/\/www.chiesedisicilia.org\/chiesedisicilia\/news\/wp-json\/wp\/v2\/posts\/1775\/revisions"}],"predecessor-version":[{"id":20261,"href":"https:\/\/www.chiesedisicilia.org\/chiesedisicilia\/news\/wp-json\/wp\/v2\/posts\/1775\/revisions\/20261"}],"wp:attachment":[{"href":"https:\/\/www.chiesedisicilia.org\/chiesedisicilia\/news\/wp-json\/wp\/v2\/media?parent=1775"}],"wp:term":[{"taxonomy":"category","embeddable":true,"href":"https:\/\/www.chiesedisicilia.org\/chiesedisicilia\/news\/wp-json\/wp\/v2\/categories?post=1775"},{"taxonomy":"post_tag","embeddable":true,"href":"https:\/\/www.chiesedisicilia.org\/chiesedisicilia\/news\/wp-json\/wp\/v2\/tags?post=1775"},{"taxonomy":"news-destination","embeddable":true,"href":"https:\/\/www.chiesedisicilia.org\/chiesedisicilia\/news\/wp-json\/wp\/v2\/news-destination?post=1775"},{"taxonomy":"news-source","embeddable":true,"href":"https:\/\/www.chiesedisicilia.org\/chiesedisicilia\/news\/wp-json\/wp\/v2\/news-source?post=1775"},{"taxonomy":"is_homepage","embeddable":true,"href":"https:\/\/www.chiesedisicilia.org\/chiesedisicilia\/news\/wp-json\/wp\/v2\/is_homepage?post=1775"},{"taxonomy":"ta_other","embeddable":true,"href":"https:\/\/www.chiesedisicilia.org\/chiesedisicilia\/news\/wp-json\/wp\/v2\/ta_other?post=1775"}],"curies":[{"name":"wp","href":"https:\/\/api.w.org\/{rel}","templated":true}]}}