{"id":17694,"date":"2023-11-13T10:58:34","date_gmt":"2023-11-13T09:58:34","guid":{"rendered":"http:\/\/euwps05.newsmemory.com\/chiesedisicilia\/news\/?p=17694"},"modified":"2023-11-16T17:13:31","modified_gmt":"2023-01-20T17:13:31","slug":"la-settimana-sociale-dei-cattolici-il-laboratorio-socio-politico-regionale-e-lassemblea-sinodale-delle-chiese-di-sicilia-la-commissione-psl-al-lavoro","status":"publish","type":"post","link":"https:\/\/www.chiesedisicilia.org\/2023\/11\/13\/la-settimana-sociale-dei-cattolici-il-laboratorio-socio-politico-regionale-e-lassemblea-sinodale-delle-chiese-di-sicilia-la-commissione-psl-al-lavoro\/","title":{"rendered":"LA SETTIMANA SOCIALE DEI CATTOLICI, IL LABORATORIO SOCIO-POLITICO REGIONALE E L&#8217;ASSEMBLEA SINODALE DELLE CHIESE DI SICILIA: LA COMMISSIONE PSL AL LAVORO"},"content":{"rendered":"<p>La Commissione Regionale per i Problemi sociali e il Lavoro, la Giustizia, la Pace e la Salvaguardia del Creato si \u00e8 riunita sabato 11 novembre a Caltanissetta nell\u2019incontro programmato in vista della preparazione della Settimana Sociale dei Cattolici in Italia che si terr\u00e0 a Trieste dal 3 al 7 luglio 2024. Sebbene distante perch\u00e9 impegnato a Petralia Sottana per una manifestazione a sostegno dell\u2019Ospedale di quel circondario unitamente alle forze sociali, politiche e di grande partecipazione popolare, il vescovo Mons. Giuseppe Marciante, delegato per il settore, si \u00e8 collegato online prendendo parte ai lavori a distanza.<\/p>\n<p>I lavori sono stati guidati da Luisa Capitummino, direttore regionale.<\/p>\n<p><img alt=\"LA SETTIMANA SOCIALE DEI CATTOLICI, IL LABORATORIO SOCIO-POLITICO REGIONALE E L'ASSEMBLEA SINODALE DELLE CHIESE DI SICILIA: LA COMMISSIONE PSL AL LAVORO\" title=\"LA SETTIMANA SOCIALE DEI CATTOLICI, IL LABORATORIO SOCIO-POLITICO REGIONALE E L'ASSEMBLEA SINODALE DELLE CHIESE DI SICILIA: LA COMMISSIONE PSL AL LAVORO\" loading=\"lazy\" class=\"size-medium wp-image-17692 alignleft\" src=\"https:\/\/www.chiesedisicilia.org\/chiesedisicilia\/news\/wp-content\/uploads\/sites\/2\/2023\/11\/psl-commissione-novembre-2023-02.jpg\" alt=\"\" width=\"300\" height=\"225\" srcset=\"https:\/\/euwps05.newsmemory.com\/chiesedisicilia\/news\/wp-content\/uploads\/sites\/2\/2023\/11\/psl-commissione-novembre-2023-02.jpg 1280w, https:\/\/euwps05.newsmemory.com\/chiesedisicilia\/news\/wp-content\/uploads\/sites\/2\/2023\/11\/psl-commissione-novembre-2023-02-300x225.jpg 300w, https:\/\/euwps05.newsmemory.com\/chiesedisicilia\/news\/wp-content\/uploads\/sites\/2\/2023\/11\/psl-commissione-novembre-2023-02-1024x768.jpg 1024w, https:\/\/euwps05.newsmemory.com\/chiesedisicilia\/news\/wp-content\/uploads\/sites\/2\/2023\/11\/psl-commissione-novembre-2023-02-768x576.jpg 768w, https:\/\/euwps05.newsmemory.com\/chiesedisicilia\/news\/wp-content\/uploads\/sites\/2\/2023\/11\/psl-commissione-novembre-2023-02-750x563.jpg 750w\" sizes=\"(max-width: 300px) 100vw, 300px\" \/>Prima di concentrarsi sulla settimana sociale sono state fatte alcune comunicazioni: sulla recente Assemblea sinodale delle Chiese di Sicilia da parte di don Tino Zappulla, membro dell\u2019Equipe regionale di Pastorale Sociale, mentre Renato Meli ha tracciato le linee del Laboratorio socio \u2013 politico, il cui statuto \u00e8 stato recentemente approvato dai Vescovi di Sicilia ad experimentum per tre anni. Il dr. Meli ha anche presentato, oltre alla composizione del laboratorio, i temi di attualit\u00e0 scelti che saranno approfonditi: tutela del Creato e prevenzione; mobilit\u00e0 e comunicazioni; povert\u00e0 educativa; spopolamento delle aree interne.<\/p>\n<p><img alt=\"LA SETTIMANA SOCIALE DEI CATTOLICI, IL LABORATORIO SOCIO-POLITICO REGIONALE E L'ASSEMBLEA SINODALE DELLE CHIESE DI SICILIA: LA COMMISSIONE PSL AL LAVORO\" title=\"LA SETTIMANA SOCIALE DEI CATTOLICI, IL LABORATORIO SOCIO-POLITICO REGIONALE E L'ASSEMBLEA SINODALE DELLE CHIESE DI SICILIA: LA COMMISSIONE PSL AL LAVORO\" loading=\"lazy\" class=\"size-medium wp-image-17690 alignright\" src=\"https:\/\/www.chiesedisicilia.org\/chiesedisicilia\/news\/wp-content\/uploads\/sites\/2\/2023\/11\/psl-commissione-novembre-2023-00-1.jpg\" alt=\"\" width=\"300\" height=\"225\" srcset=\"https:\/\/euwps05.newsmemory.com\/chiesedisicilia\/news\/wp-content\/uploads\/sites\/2\/2023\/11\/psl-commissione-novembre-2023-00-1.jpg 1280w, https:\/\/euwps05.newsmemory.com\/chiesedisicilia\/news\/wp-content\/uploads\/sites\/2\/2023\/11\/psl-commissione-novembre-2023-00-1-300x225.jpg 300w, https:\/\/euwps05.newsmemory.com\/chiesedisicilia\/news\/wp-content\/uploads\/sites\/2\/2023\/11\/psl-commissione-novembre-2023-00-1-1024x768.jpg 1024w, https:\/\/euwps05.newsmemory.com\/chiesedisicilia\/news\/wp-content\/uploads\/sites\/2\/2023\/11\/psl-commissione-novembre-2023-00-1-768x576.jpg 768w, https:\/\/euwps05.newsmemory.com\/chiesedisicilia\/news\/wp-content\/uploads\/sites\/2\/2023\/11\/psl-commissione-novembre-2023-00-1-750x563.jpg 750w\" sizes=\"(max-width: 300px) 100vw, 300px\" \/>Nella seconda parte dell\u2019incontro \u00e8 intervenuto in collegamento telematico il prof. Sebastiano Nerozzi, segretario del Comitato organizzatore della Settimana Sociale, che ha illustrato il cammino di preparazione verso Trieste. In un ampio dibattito e confronto sono stati chiariti gli aspetti relativi alle iniziative da avviare per rendere partecipi anche le comunit\u00e0 diocesane di Sicilia del cammino verso la celebrazione di luglio 2024.<\/p>\n<p><img alt=\"LA SETTIMANA SOCIALE DEI CATTOLICI, IL LABORATORIO SOCIO-POLITICO REGIONALE E L'ASSEMBLEA SINODALE DELLE CHIESE DI SICILIA: LA COMMISSIONE PSL AL LAVORO\" title=\"LA SETTIMANA SOCIALE DEI CATTOLICI, IL LABORATORIO SOCIO-POLITICO REGIONALE E L'ASSEMBLEA SINODALE DELLE CHIESE DI SICILIA: LA COMMISSIONE PSL AL LAVORO\" loading=\"lazy\" class=\" \" src=\"https:\/\/www.chiesedisicilia.org\/chiesedisicilia\/news\/wp-content\/uploads\/sites\/2\/2023\/11\/photo_2023-11-14_11-00-32-300x225.jpg\" alt=\"\" width=\"271\" height=\"203\" \/>\u00a0 <img alt=\"LA SETTIMANA SOCIALE DEI CATTOLICI, IL LABORATORIO SOCIO-POLITICO REGIONALE E L'ASSEMBLEA SINODALE DELLE CHIESE DI SICILIA: LA COMMISSIONE PSL AL LAVORO\" title=\"LA SETTIMANA SOCIALE DEI CATTOLICI, IL LABORATORIO SOCIO-POLITICO REGIONALE E L'ASSEMBLEA SINODALE DELLE CHIESE DI SICILIA: LA COMMISSIONE PSL AL LAVORO\" loading=\"lazy\" class=\" \" src=\"https:\/\/www.chiesedisicilia.org\/chiesedisicilia\/news\/wp-content\/uploads\/sites\/2\/2023\/11\/photo_2023-11-14_11-00-29-300x225.jpg\" alt=\"\" width=\"268\" height=\"201\" \/><\/p>\n","protected":false},"excerpt":{"rendered":"","protected":false},"author":4,"featured_media":17691,"comment_status":"closed","ping_status":"closed","sticky":false,"template":"","format":"standard","meta":[],"categories":[7],"tags":[],"news-destination":[],"news-source":[],"is_homepage":[],"ta_other":[],"_links":{"self":[{"href":"https:\/\/www.chiesedisicilia.org\/chiesedisicilia\/news\/wp-json\/wp\/v2\/posts\/17694"}],"collection":[{"href":"https:\/\/www.chiesedisicilia.org\/chiesedisicilia\/news\/wp-json\/wp\/v2\/posts"}],"about":[{"href":"https:\/\/www.chiesedisicilia.org\/chiesedisicilia\/news\/wp-json\/wp\/v2\/types\/post"}],"author":[{"embeddable":true,"href":"https:\/\/www.chiesedisicilia.org\/chiesedisicilia\/news\/wp-json\/wp\/v2\/users\/4"}],"replies":[{"embeddable":true,"href":"https:\/\/www.chiesedisicilia.org\/chiesedisicilia\/news\/wp-json\/wp\/v2\/comments?post=17694"}],"version-history":[{"count":4,"href":"https:\/\/www.chiesedisicilia.org\/chiesedisicilia\/news\/wp-json\/wp\/v2\/posts\/17694\/revisions"}],"predecessor-version":[{"id":23963,"href":"https:\/\/www.chiesedisicilia.org\/chiesedisicilia\/news\/wp-json\/wp\/v2\/posts\/17694\/revisions\/23963"}],"wp:featuredmedia":[{"embeddable":true,"href":"https:\/\/www.chiesedisicilia.org\/chiesedisicilia\/news\/wp-json\/wp\/v2\/media\/17691"}],"wp:attachment":[{"href":"https:\/\/www.chiesedisicilia.org\/chiesedisicilia\/news\/wp-json\/wp\/v2\/media?parent=17694"}],"wp:term":[{"taxonomy":"category","embeddable":true,"href":"https:\/\/www.chiesedisicilia.org\/chiesedisicilia\/news\/wp-json\/wp\/v2\/categories?post=17694"},{"taxonomy":"post_tag","embeddable":true,"href":"https:\/\/www.chiesedisicilia.org\/chiesedisicilia\/news\/wp-json\/wp\/v2\/tags?post=17694"},{"taxonomy":"news-destination","embeddable":true,"href":"https:\/\/www.chiesedisicilia.org\/chiesedisicilia\/news\/wp-json\/wp\/v2\/news-destination?post=17694"},{"taxonomy":"news-source","embeddable":true,"href":"https:\/\/www.chiesedisicilia.org\/chiesedisicilia\/news\/wp-json\/wp\/v2\/news-source?post=17694"},{"taxonomy":"is_homepage","embeddable":true,"href":"https:\/\/www.chiesedisicilia.org\/chiesedisicilia\/news\/wp-json\/wp\/v2\/is_homepage?post=17694"},{"taxonomy":"ta_other","embeddable":true,"href":"https:\/\/www.chiesedisicilia.org\/chiesedisicilia\/news\/wp-json\/wp\/v2\/ta_other?post=17694"}],"curies":[{"name":"wp","href":"https:\/\/api.w.org\/{rel}","templated":true}]}}