{"id":1769,"date":"2013-11-20T17:28:00","date_gmt":"2013-11-20T16:28:00","guid":{"rendered":"http:\/\/wptestsite.tecnavia.com\/chiesedisicilia_clientsite\/news\/2013\/11\/20\/caltanissetta-il-ruolo-dei-cattolici-in-politica-nellitalia-di-oggi\/"},"modified":"2018-11-09T11:00:46","modified_gmt":"2018-01-13T11:00:46","slug":"caltanissetta-il-ruolo-dei-cattolici-in-politica-nellitalia-di-oggi","status":"publish","type":"post","link":"https:\/\/www.chiesedisicilia.org\/2013\/11\/20\/caltanissetta-il-ruolo-dei-cattolici-in-politica-nellitalia-di-oggi\/","title":{"rendered":"CALTANISSETTA. IL RUOLO DEI CATTOLICI IN POLITICA NELL&#8217;ITALIA DI OGGI"},"content":{"rendered":"<div>Il 22 novembre, alle ore 17.30, presso la sala del Museo diocesano del Seminario, avr\u00e0 luogo l\u2019incontro inaugurale del 2\u00b0 anno del Corso interattivo di formazione socio-politica. Relatore \u00e8 il noto gesuita e politologo padre Bartolomeo Sorge, che tratter\u00e0 una tematica particolarmente stimolante: \u201cIl ruolo dei cattolici in politica nell\u2019Italia di oggi\u201d. L\u2019incontro si aprir\u00e0 con la presentazione di Stefano Vitello, segretario della Consulta delle Aggregazioni laicali.<\/div>\n<div>\u00a0<\/div>\n<div>Il corso, voluto dal Vescovo, mons. Mario Russotto, \u00e8 stato promosso dall\u2019Ufficio diocesano per i problemi sociali e il lavoro, dall\u2019Ufficio diocesano per la cultura, la scuola e l\u2019universit\u00e0, e dalla Consulta delle Aggregazioni laicali.<\/div>\n<div>\u00a0<\/div>\n<div>L\u2019iniziativa intende sensibilizzare e formare laici maturi, capaci di inserirsi con competenza nelle diverse aree della societ\u00e0 per riportare la politica e alla centralit\u00e0 di un genuino rispetto della dignit\u00e0 umana.<\/div>\n<div>\u00a0<\/div>\n<div>Il piano formativo comprende argomenti particolarmente interessanti: la costituzione italiana, crisi del sistema partitico e rinnovo della politica, enti locali, politiche sociali ed ambientali, bilancio comunale, promozione dello sviluppo vocazionale del territorio.\u00a0La cadenza sar\u00e0 quindicinale presso due sedi: Caltanissetta e Mussomeli.<\/div>\n<div>\u00a0<\/div>\n<div>Per ulteriori info: \u00a0Curia Vescovile tel.0934 21446<\/div>\n","protected":false},"excerpt":{"rendered":"","protected":false},"author":1,"featured_media":0,"comment_status":"open","ping_status":"open","sticky":false,"template":"","format":"standard","meta":[],"categories":[30],"tags":[],"news-destination":[],"news-source":[],"is_homepage":[],"ta_other":[],"_links":{"self":[{"href":"https:\/\/www.chiesedisicilia.org\/chiesedisicilia\/news\/wp-json\/wp\/v2\/posts\/1769"}],"collection":[{"href":"https:\/\/www.chiesedisicilia.org\/chiesedisicilia\/news\/wp-json\/wp\/v2\/posts"}],"about":[{"href":"https:\/\/www.chiesedisicilia.org\/chiesedisicilia\/news\/wp-json\/wp\/v2\/types\/post"}],"author":[{"embeddable":true,"href":"https:\/\/www.chiesedisicilia.org\/chiesedisicilia\/news\/wp-json\/wp\/v2\/users\/1"}],"replies":[{"embeddable":true,"href":"https:\/\/www.chiesedisicilia.org\/chiesedisicilia\/news\/wp-json\/wp\/v2\/comments?post=1769"}],"version-history":[{"count":1,"href":"https:\/\/www.chiesedisicilia.org\/chiesedisicilia\/news\/wp-json\/wp\/v2\/posts\/1769\/revisions"}],"predecessor-version":[{"id":20257,"href":"https:\/\/www.chiesedisicilia.org\/chiesedisicilia\/news\/wp-json\/wp\/v2\/posts\/1769\/revisions\/20257"}],"wp:attachment":[{"href":"https:\/\/www.chiesedisicilia.org\/chiesedisicilia\/news\/wp-json\/wp\/v2\/media?parent=1769"}],"wp:term":[{"taxonomy":"category","embeddable":true,"href":"https:\/\/www.chiesedisicilia.org\/chiesedisicilia\/news\/wp-json\/wp\/v2\/categories?post=1769"},{"taxonomy":"post_tag","embeddable":true,"href":"https:\/\/www.chiesedisicilia.org\/chiesedisicilia\/news\/wp-json\/wp\/v2\/tags?post=1769"},{"taxonomy":"news-destination","embeddable":true,"href":"https:\/\/www.chiesedisicilia.org\/chiesedisicilia\/news\/wp-json\/wp\/v2\/news-destination?post=1769"},{"taxonomy":"news-source","embeddable":true,"href":"https:\/\/www.chiesedisicilia.org\/chiesedisicilia\/news\/wp-json\/wp\/v2\/news-source?post=1769"},{"taxonomy":"is_homepage","embeddable":true,"href":"https:\/\/www.chiesedisicilia.org\/chiesedisicilia\/news\/wp-json\/wp\/v2\/is_homepage?post=1769"},{"taxonomy":"ta_other","embeddable":true,"href":"https:\/\/www.chiesedisicilia.org\/chiesedisicilia\/news\/wp-json\/wp\/v2\/ta_other?post=1769"}],"curies":[{"name":"wp","href":"https:\/\/api.w.org\/{rel}","templated":true}]}}